{"id":9236,"date":"2021-03-25T08:09:00","date_gmt":"2021-03-25T14:09:00","guid":{"rendered":"http:\/\/tvalaire.com\/?p=9236"},"modified":"2021-04-01T08:11:05","modified_gmt":"2021-04-01T14:11:05","slug":"entregan-recursos-economicos-para-el-sector-agrario","status":"publish","type":"post","link":"http:\/\/tvalaire.com\/?p=9236","title":{"rendered":"ENTREGAN RECURSOS ECON\u00d3MICOS PARA EL SECTOR AGRARIO"},"content":{"rendered":"\n<p><\/p>\n\n\n\n<ul class=\"wp-block-list\"><li><strong>Alcalde invita a registrarse al programa Activos Productivos<\/strong><\/li><li><strong>Favorecen a productores del campo de distintas comunidades<\/strong><\/li><\/ul>\n\n\n\n<p>Productores del campo en el municipio de La Piedad, por parte de la Secretar\u00eda de Desarrollo Rural y Agroalimentario en el Estado (SEDRUA) recibieron recursos econ\u00f3micos a trav\u00e9s del programa Fomento a la Agricultura en el subcomponente de atenci\u00f3n a siniestros, el cual estaba pendiente.<\/p>\n\n\n\n<p>Ah\u00ed nuestro alcalde Alex Espinoza, expres\u00f3 la importancia de coadyuvar al sector agrario de la localidad, destacando que, con los m\u00e1s de 156 mil pesos, entregados en esta ocasi\u00f3n, se estar\u00e1 favoreciendo a productores de Los Guajes, Paredones, Los Ayala, Zaragoza, Jauja, Cujuarato, Los L\u00f3pez, entre otras.<\/p>\n\n\n\n<p>Coment\u00f3 nuestro Edil que con los recursos entregados se cumple con los productores que en su momento se vieron afectados por el mal temporal el cual da\u00f1\u00f3 m\u00e1s de 120 hect\u00e1reas en las mencionadas zonas rurales.<\/p>\n\n\n\n<p>De igual manera el Presidente destac\u00f3 que la administraci\u00f3n a su cargo, por medio de la Direcci\u00f3n de Fomento Agropecuario, contin\u00faa actualmente contribuyendo con el desarrollo del campo en la localidad a trav\u00e9s del programa Activos Productivos.<\/p>\n\n\n\n<p>En ese sentido, extendi\u00f3 una invitaci\u00f3n a los productores para que se acerquen con los Jefes de Tenencia y Encargados del Orden de sus respectivas comunidades para que puedan ser beneficiados con alguno de los insumos para el campo que se promueven por medio del programa mencionado.<\/p>\n\n\n\n<p>Concluy\u00f3 su intervenci\u00f3n reiterando el compromiso de su Gobierno para seguir en ese mismo sentido de apoyo a este sector, el cual destac\u00f3 como uno de los m\u00e1s importantes de la ciudad y el cual contribuye de manera significativa a la activaci\u00f3n econom\u00eda del municipio.<\/p>\n","protected":false},"excerpt":{"rendered":"<p>Alcalde invita a registrarse al programa Activos Productivos Favorecen a productores del campo de distintas&#8230;<\/p>\n","protected":false},"author":1,"featured_media":9237,"comment_status":"open","ping_status":"open","sticky":false,"template":"","format":"standard","meta":{"jetpack_post_was_ever_published":false,"_jetpack_newsletter_access":"","_jetpack_dont_email_post_to_subs":false,"_jetpack_newsletter_tier_id":0,"_jetpack_memberships_contains_paywalled_content":false,"_jetpack_memberships_contains_paid_content":false,"footnotes":"","jetpack_publicize_message":"","jetpack_publicize_feature_enabled":true,"jetpack_social_post_already_shared":true,"jetpack_social_options":{"image_generator_settings":{"template":"highway","enabled":false},"version":2}},"categories":[1],"tags":[15],"class_list":["post-9236","post","type-post","status-publish","format-standard","has-post-thumbnail","hentry","category-la-piedad","tag-la-piedad"],"jetpack_publicize_connections":[],"jetpack_sharing_enabled":true,"featured_image_urls":{"full":["http:\/\/tvalaire.com\/wp-content\/uploads\/2021\/04\/1-6-3.jpeg",1032,774,false],"thumbnail":["http:\/\/tvalaire.com\/wp-content\/uploads\/2021\/04\/1-6-3-150x150.jpeg",150,150,true],"medium":["http:\/\/tvalaire.com\/wp-content\/uploads\/2021\/04\/1-6-3-300x225.jpeg",300,225,true],"medium_large":["http:\/\/tvalaire.com\/wp-content\/uploads\/2021\/04\/1-6-3-768x576.jpeg",640,480,true],"large":["http:\/\/tvalaire.com\/wp-content\/uploads\/2021\/04\/1-6-3-1024x768.jpeg",640,480,true],"post-slider-thumb-size":["http:\/\/tvalaire.com\/wp-content\/uploads\/2021\/04\/1-6-3-330x190.jpeg",330,190,true],"post-category-slider-size":["http:\/\/tvalaire.com\/wp-content\/uploads\/2021\/04\/1-6-3.jpeg",330,248,false],"1536x1536":["http:\/\/tvalaire.com\/wp-content\/uploads\/2021\/04\/1-6-3.jpeg",1032,774,false],"2048x2048":["http:\/\/tvalaire.com\/wp-content\/uploads\/2021\/04\/1-6-3.jpeg",1032,774,false],"newsium-slider-full":["http:\/\/tvalaire.com\/wp-content\/uploads\/2021\/04\/1-6-3.jpeg",1032,774,false],"newsium-featured":["http:\/\/tvalaire.com\/wp-content\/uploads\/2021\/04\/1-6-3-1024x768.jpeg",1024,768,true],"newsium-medium":["http:\/\/tvalaire.com\/wp-content\/uploads\/2021\/04\/1-6-3-720x475.jpeg",720,475,true]},"author_info":{"info":["tvalairenoti"]},"category_info":"<a href=\"http:\/\/tvalaire.com\/?cat=1\" rel=\"category\">La Piedad<\/a>","tag_info":"La Piedad","comment_count":"0","jetpack_featured_media_url":"http:\/\/tvalaire.com\/wp-content\/uploads\/2021\/04\/1-6-3.jpeg","_links":{"self":[{"href":"http:\/\/tvalaire.com\/index.php?rest_route=\/wp\/v2\/posts\/9236"}],"collection":[{"href":"http:\/\/tvalaire.com\/index.php?rest_route=\/wp\/v2\/posts"}],"about":[{"href":"http:\/\/tvalaire.com\/index.php?rest_route=\/wp\/v2\/types\/post"}],"author":[{"embeddable":true,"href":"http:\/\/tvalaire.com\/index.php?rest_route=\/wp\/v2\/users\/1"}],"replies":[{"embeddable":true,"href":"http:\/\/tvalaire.com\/index.php?rest_route=%2Fwp%2Fv2%2Fcomments&post=9236"}],"version-history":[{"count":1,"href":"http:\/\/tvalaire.com\/index.php?rest_route=\/wp\/v2\/posts\/9236\/revisions"}],"predecessor-version":[{"id":9238,"href":"http:\/\/tvalaire.com\/index.php?rest_route=\/wp\/v2\/posts\/9236\/revisions\/9238"}],"wp:featuredmedia":[{"embeddable":true,"href":"http:\/\/tvalaire.com\/index.php?rest_route=\/wp\/v2\/media\/9237"}],"wp:attachment":[{"href":"http:\/\/tvalaire.com\/index.php?rest_route=%2Fwp%2Fv2%2Fmedia&parent=9236"}],"wp:term":[{"taxonomy":"category","embeddable":true,"href":"http:\/\/tvalaire.com\/index.php?rest_route=%2Fwp%2Fv2%2Fcategories&post=9236"},{"taxonomy":"post_tag","embeddable":true,"href":"http:\/\/tvalaire.com\/index.php?rest_route=%2Fwp%2Fv2%2Ftags&post=9236"}],"curies":[{"name":"wp","href":"https:\/\/api.w.org\/{rel}","templated":true}]}}