{"id":9233,"date":"2021-03-25T08:07:00","date_gmt":"2021-03-25T14:07:00","guid":{"rendered":"http:\/\/tvalaire.com\/?p=9233"},"modified":"2021-04-01T08:09:28","modified_gmt":"2021-04-01T14:09:28","slug":"invitan-al-taller-ninas-construyendo-nuevas-realidades-post-covid","status":"publish","type":"post","link":"http:\/\/tvalaire.com\/?p=9233","title":{"rendered":"INVITAN AL TALLER NI\u00d1AS CONSTRUYENDO NUEVAS REALIDADES POST COVID"},"content":{"rendered":"\n<p><\/p>\n\n\n\n<ul class=\"wp-block-list\"><li><strong>Forma parte del programa de Semilleros de Ni\u00f1as L\u00edderes<\/strong><\/li><li><strong>Se desarrollar\u00e1 este s\u00e1bado y tendr\u00e1 cupo para 30 ni\u00f1as<\/strong><\/li><\/ul>\n\n\n\n<p>El Instituto Municipal de la Mujer (IMM), abri\u00f3 el proceso de inscripci\u00f3n al taller Ni\u00f1as construyendo nuevas realidades post COVID 2021, que ser\u00e1 dirigido a las menores de 9 a 12 a\u00f1os.<\/p>\n\n\n\n<p>El cupo que se tiene para este taller es de \u00fanicamente 30 ni\u00f1as, quienes deben inscribirse en l\u00ednea a trav\u00e9s de la siguiente liga: <a href=\"https:\/\/forms.gle\/1TAThP1G6efahvGT7\">https:\/\/forms.gle\/1TAThP1G6efahvGT7<\/a> o directamente llamando a la dependencia al tel\u00e9fono 352 522 7852, extensi\u00f3n 2.<\/p>\n\n\n\n<p>Claudia Eugenia Buenrostro D\u00edaz, directora del IMM inform\u00f3 que el taller ser\u00e1 en l\u00ednea y se desarrollar\u00e1 el pr\u00f3ximo s\u00e1bado 27 de marzo a las 11:00 de la ma\u00f1ana por \u00fanico d\u00eda.<\/p>\n\n\n\n<p>El taller no tiene costo y el espacio es limitado, por lo que invit\u00f3 a los padres de familia inscribir a sus hijas, ya que el taller forma parte del programa del Semillero de Ni\u00f1as L\u00edderes que puso en marcha la dependencia con el fin de empoderar al sector femenino desde la infancia.<\/p>\n\n\n\n<p>La tem\u00e1tica que abordar\u00e1n en este taller oscilar\u00e1 sobre las nuevas realidades que se han planteado durante esta \u00e9poca de pandemia, en donde la situaci\u00f3n sanitaria sigue latente y esta situaci\u00f3n provoc\u00f3 nuevas formas de aprendizaje, interacci\u00f3n y dem\u00e1s.<\/p>\n\n\n\n<p>El objetivo es hablar sobre esta nueva realidad y forma de vida que plantea la epidemia por el COVID-19.<\/p>\n","protected":false},"excerpt":{"rendered":"<p>Forma parte del programa de Semilleros de Ni\u00f1as L\u00edderes Se desarrollar\u00e1 este s\u00e1bado y tendr\u00e1&#8230;<\/p>\n","protected":false},"author":1,"featured_media":9234,"comment_status":"open","ping_status":"open","sticky":false,"template":"","format":"standard","meta":{"jetpack_post_was_ever_published":false,"_jetpack_newsletter_access":"","_jetpack_dont_email_post_to_subs":false,"_jetpack_newsletter_tier_id":0,"_jetpack_memberships_contains_paywalled_content":false,"_jetpack_memberships_contains_paid_content":false,"footnotes":"","jetpack_publicize_message":"","jetpack_publicize_feature_enabled":true,"jetpack_social_post_already_shared":true,"jetpack_social_options":{"image_generator_settings":{"template":"highway","enabled":false},"version":2}},"categories":[1],"tags":[15],"class_list":["post-9233","post","type-post","status-publish","format-standard","has-post-thumbnail","hentry","category-la-piedad","tag-la-piedad"],"jetpack_publicize_connections":[],"jetpack_sharing_enabled":true,"featured_image_urls":{"full":["http:\/\/tvalaire.com\/wp-content\/uploads\/2021\/04\/1-7.jpeg",1280,1280,false],"thumbnail":["http:\/\/tvalaire.com\/wp-content\/uploads\/2021\/04\/1-7-150x150.jpeg",150,150,true],"medium":["http:\/\/tvalaire.com\/wp-content\/uploads\/2021\/04\/1-7-300x300.jpeg",300,300,true],"medium_large":["http:\/\/tvalaire.com\/wp-content\/uploads\/2021\/04\/1-7-768x768.jpeg",640,640,true],"large":["http:\/\/tvalaire.com\/wp-content\/uploads\/2021\/04\/1-7-1024x1024.jpeg",640,640,true],"post-slider-thumb-size":["http:\/\/tvalaire.com\/wp-content\/uploads\/2021\/04\/1-7-330x190.jpeg",330,190,true],"post-category-slider-size":["http:\/\/tvalaire.com\/wp-content\/uploads\/2021\/04\/1-7.jpeg",330,330,false],"1536x1536":["http:\/\/tvalaire.com\/wp-content\/uploads\/2021\/04\/1-7.jpeg",1280,1280,false],"2048x2048":["http:\/\/tvalaire.com\/wp-content\/uploads\/2021\/04\/1-7.jpeg",1280,1280,false],"newsium-slider-full":["http:\/\/tvalaire.com\/wp-content\/uploads\/2021\/04\/1-7-1280x845.jpeg",1280,845,true],"newsium-featured":["http:\/\/tvalaire.com\/wp-content\/uploads\/2021\/04\/1-7-1024x1024.jpeg",1024,1024,true],"newsium-medium":["http:\/\/tvalaire.com\/wp-content\/uploads\/2021\/04\/1-7-720x475.jpeg",720,475,true]},"author_info":{"info":["tvalairenoti"]},"category_info":"<a href=\"http:\/\/tvalaire.com\/?cat=1\" rel=\"category\">La Piedad<\/a>","tag_info":"La Piedad","comment_count":"0","jetpack_featured_media_url":"http:\/\/tvalaire.com\/wp-content\/uploads\/2021\/04\/1-7.jpeg","_links":{"self":[{"href":"http:\/\/tvalaire.com\/index.php?rest_route=\/wp\/v2\/posts\/9233"}],"collection":[{"href":"http:\/\/tvalaire.com\/index.php?rest_route=\/wp\/v2\/posts"}],"about":[{"href":"http:\/\/tvalaire.com\/index.php?rest_route=\/wp\/v2\/types\/post"}],"author":[{"embeddable":true,"href":"http:\/\/tvalaire.com\/index.php?rest_route=\/wp\/v2\/users\/1"}],"replies":[{"embeddable":true,"href":"http:\/\/tvalaire.com\/index.php?rest_route=%2Fwp%2Fv2%2Fcomments&post=9233"}],"version-history":[{"count":1,"href":"http:\/\/tvalaire.com\/index.php?rest_route=\/wp\/v2\/posts\/9233\/revisions"}],"predecessor-version":[{"id":9235,"href":"http:\/\/tvalaire.com\/index.php?rest_route=\/wp\/v2\/posts\/9233\/revisions\/9235"}],"wp:featuredmedia":[{"embeddable":true,"href":"http:\/\/tvalaire.com\/index.php?rest_route=\/wp\/v2\/media\/9234"}],"wp:attachment":[{"href":"http:\/\/tvalaire.com\/index.php?rest_route=%2Fwp%2Fv2%2Fmedia&parent=9233"}],"wp:term":[{"taxonomy":"category","embeddable":true,"href":"http:\/\/tvalaire.com\/index.php?rest_route=%2Fwp%2Fv2%2Fcategories&post=9233"},{"taxonomy":"post_tag","embeddable":true,"href":"http:\/\/tvalaire.com\/index.php?rest_route=%2Fwp%2Fv2%2Ftags&post=9233"}],"curies":[{"name":"wp","href":"https:\/\/api.w.org\/{rel}","templated":true}]}}