{"id":9225,"date":"2021-03-18T08:04:00","date_gmt":"2021-03-18T14:04:00","guid":{"rendered":"http:\/\/tvalaire.com\/?p=9225"},"modified":"2021-04-01T08:05:31","modified_gmt":"2021-04-01T14:05:31","slug":"invitan-a-taller-de-semillero-de-ninas-lideres","status":"publish","type":"post","link":"http:\/\/tvalaire.com\/?p=9225","title":{"rendered":"INVITAN A TALLER DE SEMILLERO DE NI\u00d1AS L\u00cdDERES"},"content":{"rendered":"\n<p><\/p>\n\n\n\n<ul class=\"wp-block-list\"><li><strong>Se llevar\u00e1 a cabo en l\u00ednea el pr\u00f3ximo 27 de marzo<\/strong><\/li><li><strong>Podr\u00e1n participar ni\u00f1as de los 9 a los 11 a\u00f1os<\/strong><\/li><\/ul>\n\n\n\n<p>El Instituto Municipal de la Mujer (IMM), prev\u00e9 el desarrollo de un nuevo taller para el Semillero de Ni\u00f1as L\u00edderes que en esta ocasi\u00f3n se realizar\u00e1 en l\u00ednea a trav\u00e9s de la plataforma Zoom.<\/p>\n\n\n\n<p>Claudia Eugenia Buenrostro D\u00edaz, directora de la dependencia indic\u00f3 que el taller estar\u00e1 dise\u00f1ado para desarrollarse un solo d\u00eda.<\/p>\n\n\n\n<p>La fecha prevista para la actividad ser\u00e1 el pr\u00f3ximo s\u00e1bado 27 de marzo en horario de las 11:00 a las 12:00 horas.<\/p>\n\n\n\n<p>El taller estar\u00e1 dirigido a las ni\u00f1as en edad de 9 a 11 a\u00f1os, por lo que invit\u00f3 a los padres de familia a inscribir a sus hijas, ya sea mediante una llamada al tel\u00e9fono 352 522 7852, extensi\u00f3n 2 o bien, acudir directamente a inscribirlas en las instalaciones de la direcci\u00f3n ubicadas en la calle Mariano Jim\u00e9nez #115.<\/p>\n\n\n\n<p>El objetivo de la creaci\u00f3n de este nuevo grupo, es continuar con la campa\u00f1a permanente de prevenci\u00f3n de la violencia de g\u00e9nero hacia la mujer; esto como parte de la lucha por salir de la Alerta de Violencia de G\u00e9nero.<\/p>\n\n\n\n<p>La tem\u00e1tica que abordar\u00e1n en esta ocasi\u00f3n es sobre los retos que enfrentan hoy las ni\u00f1as ante la pandemia del COVID-19, para lo cual la propia directora ser\u00e1 quien encabece el taller con las ni\u00f1as que se inscriban.<\/p>\n","protected":false},"excerpt":{"rendered":"<p>Se llevar\u00e1 a cabo en l\u00ednea el pr\u00f3ximo 27 de marzo Podr\u00e1n participar ni\u00f1as de&#8230;<\/p>\n","protected":false},"author":1,"featured_media":9226,"comment_status":"open","ping_status":"open","sticky":false,"template":"","format":"standard","meta":{"jetpack_post_was_ever_published":false,"_jetpack_newsletter_access":"","_jetpack_dont_email_post_to_subs":false,"_jetpack_newsletter_tier_id":0,"_jetpack_memberships_contains_paywalled_content":false,"_jetpack_memberships_contains_paid_content":false,"footnotes":"","jetpack_publicize_message":"","jetpack_publicize_feature_enabled":true,"jetpack_social_post_already_shared":true,"jetpack_social_options":{"image_generator_settings":{"template":"highway","enabled":false},"version":2}},"categories":[1],"tags":[15],"class_list":["post-9225","post","type-post","status-publish","format-standard","has-post-thumbnail","hentry","category-la-piedad","tag-la-piedad"],"jetpack_publicize_connections":[],"jetpack_sharing_enabled":true,"featured_image_urls":{"full":["http:\/\/tvalaire.com\/wp-content\/uploads\/2021\/04\/1.jpeg",1280,960,false],"thumbnail":["http:\/\/tvalaire.com\/wp-content\/uploads\/2021\/04\/1-150x150.jpeg",150,150,true],"medium":["http:\/\/tvalaire.com\/wp-content\/uploads\/2021\/04\/1-300x225.jpeg",300,225,true],"medium_large":["http:\/\/tvalaire.com\/wp-content\/uploads\/2021\/04\/1-768x576.jpeg",640,480,true],"large":["http:\/\/tvalaire.com\/wp-content\/uploads\/2021\/04\/1-1024x768.jpeg",640,480,true],"post-slider-thumb-size":["http:\/\/tvalaire.com\/wp-content\/uploads\/2021\/04\/1-330x190.jpeg",330,190,true],"post-category-slider-size":["http:\/\/tvalaire.com\/wp-content\/uploads\/2021\/04\/1.jpeg",330,248,false],"1536x1536":["http:\/\/tvalaire.com\/wp-content\/uploads\/2021\/04\/1.jpeg",1280,960,false],"2048x2048":["http:\/\/tvalaire.com\/wp-content\/uploads\/2021\/04\/1.jpeg",1280,960,false],"newsium-slider-full":["http:\/\/tvalaire.com\/wp-content\/uploads\/2021\/04\/1-1280x845.jpeg",1280,845,true],"newsium-featured":["http:\/\/tvalaire.com\/wp-content\/uploads\/2021\/04\/1-1024x768.jpeg",1024,768,true],"newsium-medium":["http:\/\/tvalaire.com\/wp-content\/uploads\/2021\/04\/1-720x475.jpeg",720,475,true]},"author_info":{"info":["tvalairenoti"]},"category_info":"<a href=\"http:\/\/tvalaire.com\/?cat=1\" rel=\"category\">La Piedad<\/a>","tag_info":"La Piedad","comment_count":"0","jetpack_featured_media_url":"http:\/\/tvalaire.com\/wp-content\/uploads\/2021\/04\/1.jpeg","_links":{"self":[{"href":"http:\/\/tvalaire.com\/index.php?rest_route=\/wp\/v2\/posts\/9225"}],"collection":[{"href":"http:\/\/tvalaire.com\/index.php?rest_route=\/wp\/v2\/posts"}],"about":[{"href":"http:\/\/tvalaire.com\/index.php?rest_route=\/wp\/v2\/types\/post"}],"author":[{"embeddable":true,"href":"http:\/\/tvalaire.com\/index.php?rest_route=\/wp\/v2\/users\/1"}],"replies":[{"embeddable":true,"href":"http:\/\/tvalaire.com\/index.php?rest_route=%2Fwp%2Fv2%2Fcomments&post=9225"}],"version-history":[{"count":1,"href":"http:\/\/tvalaire.com\/index.php?rest_route=\/wp\/v2\/posts\/9225\/revisions"}],"predecessor-version":[{"id":9227,"href":"http:\/\/tvalaire.com\/index.php?rest_route=\/wp\/v2\/posts\/9225\/revisions\/9227"}],"wp:featuredmedia":[{"embeddable":true,"href":"http:\/\/tvalaire.com\/index.php?rest_route=\/wp\/v2\/media\/9226"}],"wp:attachment":[{"href":"http:\/\/tvalaire.com\/index.php?rest_route=%2Fwp%2Fv2%2Fmedia&parent=9225"}],"wp:term":[{"taxonomy":"category","embeddable":true,"href":"http:\/\/tvalaire.com\/index.php?rest_route=%2Fwp%2Fv2%2Fcategories&post=9225"},{"taxonomy":"post_tag","embeddable":true,"href":"http:\/\/tvalaire.com\/index.php?rest_route=%2Fwp%2Fv2%2Ftags&post=9225"}],"curies":[{"name":"wp","href":"https:\/\/api.w.org\/{rel}","templated":true}]}}