{"id":9219,"date":"2021-03-16T08:00:00","date_gmt":"2021-03-16T14:00:00","guid":{"rendered":"http:\/\/tvalaire.com\/?p=9219"},"modified":"2021-04-01T08:02:15","modified_gmt":"2021-04-01T14:02:15","slug":"continua-el-mejoramiento-urbano-en-colonias-de-la-piedad","status":"publish","type":"post","link":"http:\/\/tvalaire.com\/?p=9219","title":{"rendered":"CONTIN\u00daA EL MEJORAMIENTO URBANO EN COLONIAS DE LA PIEDAD"},"content":{"rendered":"\n<p><\/p>\n\n\n\n<ul class=\"wp-block-list\"><li><strong>Destinan m\u00e1s de 1.8 MDP para rehabilitar la calle en ejido Los Moreno<\/strong><\/li><li><strong>La gesti\u00f3n de recursossigue ante las diferentes instancias de Gobierno<\/strong><\/li><\/ul>\n\n\n\n<p>Mejorar la calidad de vida de los piedadenses es uno de los principales objetivos del Gobierno que encabeza nuestro presidente Alex Espinoza, en este sentido y a fin de continuar con la mejora urbana del municipio se iniciaron los trabajos de rehabilitaci\u00f3n de la calle Naranja.<\/p>\n\n\n\n<p>Nuestro Alcalde estuvo en la colonia Ejido Los Moreno, en compa\u00f1\u00eda de vecinos y funcionarios de la administraci\u00f3n para dar el banderazo oficial de los trabajos de rehabilitaci\u00f3n de dicha vialidad en la que se tiene contemplado pavimentar m\u00e1s de 875 metros cuadrados.<\/p>\n\n\n\n<p>Ah\u00ed se destinar\u00e1n m\u00e1s de un mill\u00f3n 828 mil pesos, gracias a la participaci\u00f3n del Fondo III y con lo que se rehabilitar\u00e1 tambi\u00e9n l\u00edneas del drenaje, tomas de agua, as\u00ed como luminarias de tipo LED como se ha estado haciendo en todas las calles rehabilitadas.<\/p>\n\n\n\n<p>Ante los vecinos del lugar, nuestro Alcalde reiter\u00f3 el compromiso de la administraci\u00f3n que encabeza para seguir trabajando en favor de la ciudadan\u00eda en general y dijo que los trabajos de gesti\u00f3n para recursos y programas sociales continuar\u00e1n ante las diferentes instancias estatales o federales.<\/p>\n\n\n\n<p>De igual manera el Presidente, solicit\u00f3 a los vecinos permanecer pendientes de la obra y ser pacientes durante el tiempo que los trabajos durar\u00e1n.<\/p>\n","protected":false},"excerpt":{"rendered":"<p>Destinan m\u00e1s de 1.8 MDP para rehabilitar la calle en ejido Los Moreno La gesti\u00f3n&#8230;<\/p>\n","protected":false},"author":1,"featured_media":9220,"comment_status":"open","ping_status":"open","sticky":false,"template":"","format":"standard","meta":{"jetpack_post_was_ever_published":false,"_jetpack_newsletter_access":"","_jetpack_dont_email_post_to_subs":false,"_jetpack_newsletter_tier_id":0,"_jetpack_memberships_contains_paywalled_content":false,"_jetpack_memberships_contains_paid_content":false,"footnotes":"","jetpack_publicize_message":"","jetpack_publicize_feature_enabled":true,"jetpack_social_post_already_shared":true,"jetpack_social_options":{"image_generator_settings":{"template":"highway","enabled":false},"version":2}},"categories":[1],"tags":[15],"class_list":["post-9219","post","type-post","status-publish","format-standard","has-post-thumbnail","hentry","category-la-piedad","tag-la-piedad"],"jetpack_publicize_connections":[],"jetpack_sharing_enabled":true,"featured_image_urls":{"full":["http:\/\/tvalaire.com\/wp-content\/uploads\/2021\/04\/1-3-5.jpeg",1280,853,false],"thumbnail":["http:\/\/tvalaire.com\/wp-content\/uploads\/2021\/04\/1-3-5-150x150.jpeg",150,150,true],"medium":["http:\/\/tvalaire.com\/wp-content\/uploads\/2021\/04\/1-3-5-300x200.jpeg",300,200,true],"medium_large":["http:\/\/tvalaire.com\/wp-content\/uploads\/2021\/04\/1-3-5-768x512.jpeg",640,427,true],"large":["http:\/\/tvalaire.com\/wp-content\/uploads\/2021\/04\/1-3-5-1024x682.jpeg",640,426,true],"post-slider-thumb-size":["http:\/\/tvalaire.com\/wp-content\/uploads\/2021\/04\/1-3-5-330x190.jpeg",330,190,true],"post-category-slider-size":["http:\/\/tvalaire.com\/wp-content\/uploads\/2021\/04\/1-3-5.jpeg",330,220,false],"1536x1536":["http:\/\/tvalaire.com\/wp-content\/uploads\/2021\/04\/1-3-5.jpeg",1280,853,false],"2048x2048":["http:\/\/tvalaire.com\/wp-content\/uploads\/2021\/04\/1-3-5.jpeg",1280,853,false],"newsium-slider-full":["http:\/\/tvalaire.com\/wp-content\/uploads\/2021\/04\/1-3-5-1280x845.jpeg",1280,845,true],"newsium-featured":["http:\/\/tvalaire.com\/wp-content\/uploads\/2021\/04\/1-3-5-1024x682.jpeg",1024,682,true],"newsium-medium":["http:\/\/tvalaire.com\/wp-content\/uploads\/2021\/04\/1-3-5-720x475.jpeg",720,475,true]},"author_info":{"info":["tvalairenoti"]},"category_info":"<a href=\"http:\/\/tvalaire.com\/?cat=1\" rel=\"category\">La Piedad<\/a>","tag_info":"La Piedad","comment_count":"0","jetpack_featured_media_url":"http:\/\/tvalaire.com\/wp-content\/uploads\/2021\/04\/1-3-5.jpeg","_links":{"self":[{"href":"http:\/\/tvalaire.com\/index.php?rest_route=\/wp\/v2\/posts\/9219"}],"collection":[{"href":"http:\/\/tvalaire.com\/index.php?rest_route=\/wp\/v2\/posts"}],"about":[{"href":"http:\/\/tvalaire.com\/index.php?rest_route=\/wp\/v2\/types\/post"}],"author":[{"embeddable":true,"href":"http:\/\/tvalaire.com\/index.php?rest_route=\/wp\/v2\/users\/1"}],"replies":[{"embeddable":true,"href":"http:\/\/tvalaire.com\/index.php?rest_route=%2Fwp%2Fv2%2Fcomments&post=9219"}],"version-history":[{"count":1,"href":"http:\/\/tvalaire.com\/index.php?rest_route=\/wp\/v2\/posts\/9219\/revisions"}],"predecessor-version":[{"id":9221,"href":"http:\/\/tvalaire.com\/index.php?rest_route=\/wp\/v2\/posts\/9219\/revisions\/9221"}],"wp:featuredmedia":[{"embeddable":true,"href":"http:\/\/tvalaire.com\/index.php?rest_route=\/wp\/v2\/media\/9220"}],"wp:attachment":[{"href":"http:\/\/tvalaire.com\/index.php?rest_route=%2Fwp%2Fv2%2Fmedia&parent=9219"}],"wp:term":[{"taxonomy":"category","embeddable":true,"href":"http:\/\/tvalaire.com\/index.php?rest_route=%2Fwp%2Fv2%2Fcategories&post=9219"},{"taxonomy":"post_tag","embeddable":true,"href":"http:\/\/tvalaire.com\/index.php?rest_route=%2Fwp%2Fv2%2Ftags&post=9219"}],"curies":[{"name":"wp","href":"https:\/\/api.w.org\/{rel}","templated":true}]}}