{"id":9205,"date":"2021-03-11T07:53:00","date_gmt":"2021-03-11T13:53:00","guid":{"rendered":"http:\/\/tvalaire.com\/?p=9205"},"modified":"2021-04-01T07:55:30","modified_gmt":"2021-04-01T13:55:30","slug":"instalaran-en-la-piedad-un-centro-emprendedor","status":"publish","type":"post","link":"http:\/\/tvalaire.com\/?p=9205","title":{"rendered":"INSTALAR\u00c1N EN LA PIEDAD UN CENTRO EMPRENDEDOR"},"content":{"rendered":"\n<p><\/p>\n\n\n\n<ul class=\"wp-block-list\"><li><strong>Estar\u00e1 a un costado de la biblioteca \u201cJos\u00e9 Hern\u00e1ndez Moreno\u201d<\/strong><\/li><li><strong>Brindar\u00e1 asesor\u00eda en las ideas a fin de desarrollarlas<\/strong><\/li><\/ul>\n\n\n\n<p>La Piedad se convertir\u00e1 en sede de uno de los Centros Emprendedores que el Gobierno del Estado, Ayuntamientos con el apoyo de la iniciativa privada ha establecido en diversas regiones en Michoac\u00e1n; este espacio abarcar\u00e1 11 municipios, entre ellos municipios como P\u00e9njamo y Degollado.<\/p>\n\n\n\n<p>La presentaci\u00f3n del proyecto se llev\u00f3 a cabo esta ma\u00f1ana en una reuni\u00f3n en la que estuvieron presentes, representantes de la iniciativa privada, sectores productivos, educativos, con el secretario de Desarrollo Econ\u00f3mico en el Estado (SEDECO), Jes\u00fas Melgoza Vel\u00e1zquez; nuestro alcalde Alex Espinoza y el director de promoci\u00f3n econ\u00f3mica, Juan Carlos Guzm\u00e1n Ru\u00edz en la biblioteca p\u00fablica \u201cJos\u00e9 Hern\u00e1ndez Moreno\u201d.<\/p>\n\n\n\n<p>El presidente municipal, dijo que, con la llegada del Centro Emprendedor, se reforzar\u00e1 el alma y esencia de la tierra.<\/p>\n\n\n\n<p>La creaci\u00f3n de estos espacios emanados de la SEDECO, representan un traje a la medida de municipios como La Piedad, desde donde se ayudar\u00e1 a impulsar las ideas de negocios y conseguir los recursos para potencializarlas.<\/p>\n\n\n\n<p>El objetivo de este espacio, ser\u00e1 el fortalecimiento de la red de vinculaci\u00f3n con las instancias del Gobierno Estatal y Municipal, las acad\u00e9micas e industriales con los emprendedores, para brindarles asesor\u00eda hasta fortalecer su idea y desarrollarla.<\/p>\n\n\n\n<p>Juan Carlos Guzm\u00e1n, director de Promoci\u00f3n Econ\u00f3mica,dijo que el Centro Emprendedor se ubicar\u00e1 a un costado de la biblioteca \u201cJos\u00e9 Hern\u00e1ndez Moreno\u201d. Ah\u00ed se proporcionar\u00e1n servicios empresariales para que los generadores de ideas puedan desarrollarlas y ah\u00ed puedan sacar su licencia municipal, darse de alta en el SAT y solicitar un cr\u00e9dito a S\u00ed Financia.<\/p>\n\n\n\n<p>Contar\u00e1n con dise\u00f1ador para la generaci\u00f3n de las marcas e imagen; capacitaci\u00f3n; habr\u00e1 servicio de cafeter\u00eda adjunta a la Biblioteca y el parque Morelos, establecer\u00e1n para ello vinculaci\u00f3n con la red global de M\u00e9xico en el Extranjero, convenios con instituciones educativas como Instituto Tecnol\u00f3gico; UNIVA; Universidad Pedag\u00f3gica de P\u00e9njamo; COLMICH; CANACO, Colegio de calidad y Competitividad, entre otros.<\/p>\n\n\n\n<p>Jes\u00fas Melgoza Vel\u00e1zquez, indic\u00f3 que SEDECO aportar\u00e1 todo el equipamiento; el Ayuntamiento el remozamiento del lugar que ser\u00e1 el cuarto Centro Emprendedor en el Estado que se crear\u00e1 con el apoyo del sector acad\u00e9mico y empresarial, para lo cual formalizar\u00e1n el convenio mediante Notario P\u00fablico en fecha posterior.<\/p>\n","protected":false},"excerpt":{"rendered":"<p>Estar\u00e1 a un costado de la biblioteca \u201cJos\u00e9 Hern\u00e1ndez Moreno\u201d Brindar\u00e1 asesor\u00eda en las ideas&#8230;<\/p>\n","protected":false},"author":1,"featured_media":9199,"comment_status":"open","ping_status":"open","sticky":false,"template":"","format":"standard","meta":{"jetpack_post_was_ever_published":false,"_jetpack_newsletter_access":"","_jetpack_dont_email_post_to_subs":false,"_jetpack_newsletter_tier_id":0,"_jetpack_memberships_contains_paywalled_content":false,"_jetpack_memberships_contains_paid_content":false,"footnotes":"","jetpack_publicize_message":"","jetpack_publicize_feature_enabled":true,"jetpack_social_post_already_shared":true,"jetpack_social_options":{"image_generator_settings":{"template":"highway","enabled":false},"version":2}},"categories":[1],"tags":[15],"class_list":["post-9205","post","type-post","status-publish","format-standard","has-post-thumbnail","hentry","category-la-piedad","tag-la-piedad"],"jetpack_publicize_connections":[],"jetpack_sharing_enabled":true,"featured_image_urls":{"full":["http:\/\/tvalaire.com\/wp-content\/uploads\/2021\/04\/1-4-1.jpeg",1280,853,false],"thumbnail":["http:\/\/tvalaire.com\/wp-content\/uploads\/2021\/04\/1-4-1-150x150.jpeg",150,150,true],"medium":["http:\/\/tvalaire.com\/wp-content\/uploads\/2021\/04\/1-4-1-300x200.jpeg",300,200,true],"medium_large":["http:\/\/tvalaire.com\/wp-content\/uploads\/2021\/04\/1-4-1-768x512.jpeg",640,427,true],"large":["http:\/\/tvalaire.com\/wp-content\/uploads\/2021\/04\/1-4-1-1024x682.jpeg",640,426,true],"post-slider-thumb-size":["http:\/\/tvalaire.com\/wp-content\/uploads\/2021\/04\/1-4-1-330x190.jpeg",330,190,true],"post-category-slider-size":["http:\/\/tvalaire.com\/wp-content\/uploads\/2021\/04\/1-4-1.jpeg",330,220,false],"1536x1536":["http:\/\/tvalaire.com\/wp-content\/uploads\/2021\/04\/1-4-1.jpeg",1280,853,false],"2048x2048":["http:\/\/tvalaire.com\/wp-content\/uploads\/2021\/04\/1-4-1.jpeg",1280,853,false],"newsium-slider-full":["http:\/\/tvalaire.com\/wp-content\/uploads\/2021\/04\/1-4-1-1280x845.jpeg",1280,845,true],"newsium-featured":["http:\/\/tvalaire.com\/wp-content\/uploads\/2021\/04\/1-4-1-1024x682.jpeg",1024,682,true],"newsium-medium":["http:\/\/tvalaire.com\/wp-content\/uploads\/2021\/04\/1-4-1-720x475.jpeg",720,475,true]},"author_info":{"info":["tvalairenoti"]},"category_info":"<a href=\"http:\/\/tvalaire.com\/?cat=1\" rel=\"category\">La Piedad<\/a>","tag_info":"La Piedad","comment_count":"0","jetpack_featured_media_url":"http:\/\/tvalaire.com\/wp-content\/uploads\/2021\/04\/1-4-1.jpeg","_links":{"self":[{"href":"http:\/\/tvalaire.com\/index.php?rest_route=\/wp\/v2\/posts\/9205"}],"collection":[{"href":"http:\/\/tvalaire.com\/index.php?rest_route=\/wp\/v2\/posts"}],"about":[{"href":"http:\/\/tvalaire.com\/index.php?rest_route=\/wp\/v2\/types\/post"}],"author":[{"embeddable":true,"href":"http:\/\/tvalaire.com\/index.php?rest_route=\/wp\/v2\/users\/1"}],"replies":[{"embeddable":true,"href":"http:\/\/tvalaire.com\/index.php?rest_route=%2Fwp%2Fv2%2Fcomments&post=9205"}],"version-history":[{"count":1,"href":"http:\/\/tvalaire.com\/index.php?rest_route=\/wp\/v2\/posts\/9205\/revisions"}],"predecessor-version":[{"id":9206,"href":"http:\/\/tvalaire.com\/index.php?rest_route=\/wp\/v2\/posts\/9205\/revisions\/9206"}],"wp:featuredmedia":[{"embeddable":true,"href":"http:\/\/tvalaire.com\/index.php?rest_route=\/wp\/v2\/media\/9199"}],"wp:attachment":[{"href":"http:\/\/tvalaire.com\/index.php?rest_route=%2Fwp%2Fv2%2Fmedia&parent=9205"}],"wp:term":[{"taxonomy":"category","embeddable":true,"href":"http:\/\/tvalaire.com\/index.php?rest_route=%2Fwp%2Fv2%2Fcategories&post=9205"},{"taxonomy":"post_tag","embeddable":true,"href":"http:\/\/tvalaire.com\/index.php?rest_route=%2Fwp%2Fv2%2Ftags&post=9205"}],"curies":[{"name":"wp","href":"https:\/\/api.w.org\/{rel}","templated":true}]}}