{"id":9198,"date":"2021-03-11T07:49:00","date_gmt":"2021-03-11T13:49:00","guid":{"rendered":"http:\/\/tvalaire.com\/?p=9198"},"modified":"2021-04-01T07:53:21","modified_gmt":"2021-04-01T13:53:21","slug":"entregan-equipamiento-a-comercios-a-traves-del-programa-vende-mas","status":"publish","type":"post","link":"http:\/\/tvalaire.com\/?p=9198","title":{"rendered":"ENTREGAN EQUIPAMIENTO A COMERCIOS A TRAV\u00c9S DEL PROGRAMA \u201cVENDE M\u00c1S\u201d"},"content":{"rendered":"\n<p><\/p>\n\n\n\n<ul class=\"wp-block-list\"><li><strong>Logran beneficiar a 20 peque\u00f1os comercios con 340 mil pesos<\/strong><\/li><li><strong>Pide Alcalde continuar unidos para hacer frente a pandemia<\/strong><\/li><\/ul>\n\n\n\n<p>Una veintena de piedadenses fueron beneficiados a trav\u00e9s del programa \u201cVende M\u00e1s\u201d con la entrega de mobiliario y equipamiento, mismo que les permitir\u00e1 detonar y hacer crecer sus negocios.<\/p>\n\n\n\n<p>La entrega se realiz\u00f3 en la Unidad Deportiva \u201cHumberto Romero P\u00e9rez\u201d, en donde nuestro presidente municipal, Alex Espinoza, alent\u00f3 a los comerciantes no bajar la guardia, sino a redoblar esfuerzos para hacer que sus negocios sean m\u00e1s pr\u00f3speros y productivos.<\/p>\n\n\n\n<p>Explic\u00f3 que, aunque la pandemia ha afectado severamente la econom\u00eda, la sinergia entre Gobierno del Estado y el Gobierno Municipal ha permitido amortiguar esta situaci\u00f3n. Prueba de ello es la entrega de equipamiento, misma que en esta ocasi\u00f3n ascendi\u00f3 a m\u00e1s de 340 mil pesos.<\/p>\n\n\n\n<p>El propio secretario de Desarrollo Econ\u00f3mico del Gobierno de Michoac\u00e1n, Jes\u00fas Melgoza Vel\u00e1zquez, explic\u00f3 que el Ayuntamiento de La Piedad siempre ha respondido de manera positiva en proyectos a favor de las peque\u00f1as y medianas empresas.<\/p>\n\n\n\n<p>Otra prueba, expres\u00f3, fue la bolsa revolvente que se logr\u00f3 juntar para crear cr\u00e9ditos durante los primeros meses de la pandemia por COVID-19.<\/p>\n\n\n\n<p>Entre las personas beneficiadas con mobiliario, se encuentran aquellas que cuentan con negocios de herrer\u00eda, pasteler\u00eda, tortiller\u00edas, venta de art\u00edculos, entre otros.<\/p>\n\n\n\n<p>La beneficiada Maribel Cisneros, en representaci\u00f3n de los piedadenses, explic\u00f3 que este apoyo del programa \u201cVende M\u00e1s\u201d ha venido a dar un respiro a los comercios locales, pues es importante mantener la productividad de sus servicios o productos, principalmente en momentos como \u00e9stos.<\/p>\n\n\n\n<p>Entre los asistentes a esta entrega tambi\u00e9n estuvieron la directora de la CANACO La Piedad, Lourdes Le\u00f3n Rangel, el director de Promoci\u00f3n Econ\u00f3mica, Juan Carlos Guzm\u00e1n Ruiz, el director de S\u00ed Financia, Gustavo Mel\u00e9ndez, as\u00ed como el regidor Jos\u00e9 Eduardo Torres Quintanar.<\/p>\n\n\n\n<figure class=\"wp-block-image size-large\"><img loading=\"lazy\" decoding=\"async\" width=\"1024\" height=\"576\" src=\"http:\/\/tvalaire.com\/wp-content\/uploads\/2021\/04\/0001-1-1024x576.jpeg\" alt=\"\" class=\"wp-image-9202\" srcset=\"http:\/\/tvalaire.com\/wp-content\/uploads\/2021\/04\/0001-1-1024x576.jpeg 1024w, http:\/\/tvalaire.com\/wp-content\/uploads\/2021\/04\/0001-1-300x169.jpeg 300w, http:\/\/tvalaire.com\/wp-content\/uploads\/2021\/04\/0001-1-768x432.jpeg 768w, http:\/\/tvalaire.com\/wp-content\/uploads\/2021\/04\/0001-1.jpeg 1280w\" sizes=\"(max-width: 1024px) 100vw, 1024px\" \/><\/figure>\n\n\n\n<figure class=\"wp-block-image size-large\"><img loading=\"lazy\" decoding=\"async\" width=\"1024\" height=\"576\" src=\"http:\/\/tvalaire.com\/wp-content\/uploads\/2021\/04\/0001-5-1024x576.jpeg\" alt=\"\" class=\"wp-image-9203\" srcset=\"http:\/\/tvalaire.com\/wp-content\/uploads\/2021\/04\/0001-5-1024x576.jpeg 1024w, http:\/\/tvalaire.com\/wp-content\/uploads\/2021\/04\/0001-5-300x169.jpeg 300w, http:\/\/tvalaire.com\/wp-content\/uploads\/2021\/04\/0001-5-768x432.jpeg 768w, http:\/\/tvalaire.com\/wp-content\/uploads\/2021\/04\/0001-5.jpeg 1280w\" sizes=\"(max-width: 1024px) 100vw, 1024px\" \/><\/figure>\n","protected":false},"excerpt":{"rendered":"<p>Logran beneficiar a 20 peque\u00f1os comercios con 340 mil pesos Pide Alcalde continuar unidos para&#8230;<\/p>\n","protected":false},"author":1,"featured_media":9201,"comment_status":"open","ping_status":"open","sticky":false,"template":"","format":"standard","meta":{"jetpack_post_was_ever_published":false,"_jetpack_newsletter_access":"","_jetpack_dont_email_post_to_subs":false,"_jetpack_newsletter_tier_id":0,"_jetpack_memberships_contains_paywalled_content":false,"_jetpack_memberships_contains_paid_content":false,"footnotes":"","jetpack_publicize_message":"","jetpack_publicize_feature_enabled":true,"jetpack_social_post_already_shared":true,"jetpack_social_options":{"image_generator_settings":{"template":"highway","enabled":false},"version":2}},"categories":[1],"tags":[15],"class_list":["post-9198","post","type-post","status-publish","format-standard","has-post-thumbnail","hentry","category-la-piedad","tag-la-piedad"],"jetpack_publicize_connections":[],"jetpack_sharing_enabled":true,"featured_image_urls":{"full":["http:\/\/tvalaire.com\/wp-content\/uploads\/2021\/04\/0001-2.jpeg",1280,720,false],"thumbnail":["http:\/\/tvalaire.com\/wp-content\/uploads\/2021\/04\/0001-2-150x150.jpeg",150,150,true],"medium":["http:\/\/tvalaire.com\/wp-content\/uploads\/2021\/04\/0001-2-300x169.jpeg",300,169,true],"medium_large":["http:\/\/tvalaire.com\/wp-content\/uploads\/2021\/04\/0001-2-768x432.jpeg",640,360,true],"large":["http:\/\/tvalaire.com\/wp-content\/uploads\/2021\/04\/0001-2-1024x576.jpeg",640,360,true],"post-slider-thumb-size":["http:\/\/tvalaire.com\/wp-content\/uploads\/2021\/04\/0001-2-330x190.jpeg",330,190,true],"post-category-slider-size":["http:\/\/tvalaire.com\/wp-content\/uploads\/2021\/04\/0001-2.jpeg",330,186,false],"1536x1536":["http:\/\/tvalaire.com\/wp-content\/uploads\/2021\/04\/0001-2.jpeg",1280,720,false],"2048x2048":["http:\/\/tvalaire.com\/wp-content\/uploads\/2021\/04\/0001-2.jpeg",1280,720,false],"newsium-slider-full":["http:\/\/tvalaire.com\/wp-content\/uploads\/2021\/04\/0001-2.jpeg",1280,720,false],"newsium-featured":["http:\/\/tvalaire.com\/wp-content\/uploads\/2021\/04\/0001-2-1024x576.jpeg",1024,576,true],"newsium-medium":["http:\/\/tvalaire.com\/wp-content\/uploads\/2021\/04\/0001-2-720x475.jpeg",720,475,true]},"author_info":{"info":["tvalairenoti"]},"category_info":"<a href=\"http:\/\/tvalaire.com\/?cat=1\" rel=\"category\">La Piedad<\/a>","tag_info":"La Piedad","comment_count":"0","jetpack_featured_media_url":"http:\/\/tvalaire.com\/wp-content\/uploads\/2021\/04\/0001-2.jpeg","_links":{"self":[{"href":"http:\/\/tvalaire.com\/index.php?rest_route=\/wp\/v2\/posts\/9198"}],"collection":[{"href":"http:\/\/tvalaire.com\/index.php?rest_route=\/wp\/v2\/posts"}],"about":[{"href":"http:\/\/tvalaire.com\/index.php?rest_route=\/wp\/v2\/types\/post"}],"author":[{"embeddable":true,"href":"http:\/\/tvalaire.com\/index.php?rest_route=\/wp\/v2\/users\/1"}],"replies":[{"embeddable":true,"href":"http:\/\/tvalaire.com\/index.php?rest_route=%2Fwp%2Fv2%2Fcomments&post=9198"}],"version-history":[{"count":2,"href":"http:\/\/tvalaire.com\/index.php?rest_route=\/wp\/v2\/posts\/9198\/revisions"}],"predecessor-version":[{"id":9204,"href":"http:\/\/tvalaire.com\/index.php?rest_route=\/wp\/v2\/posts\/9198\/revisions\/9204"}],"wp:featuredmedia":[{"embeddable":true,"href":"http:\/\/tvalaire.com\/index.php?rest_route=\/wp\/v2\/media\/9201"}],"wp:attachment":[{"href":"http:\/\/tvalaire.com\/index.php?rest_route=%2Fwp%2Fv2%2Fmedia&parent=9198"}],"wp:term":[{"taxonomy":"category","embeddable":true,"href":"http:\/\/tvalaire.com\/index.php?rest_route=%2Fwp%2Fv2%2Fcategories&post=9198"},{"taxonomy":"post_tag","embeddable":true,"href":"http:\/\/tvalaire.com\/index.php?rest_route=%2Fwp%2Fv2%2Ftags&post=9198"}],"curies":[{"name":"wp","href":"https:\/\/api.w.org\/{rel}","templated":true}]}}