{"id":909,"date":"2017-03-16T09:24:23","date_gmt":"2017-03-16T15:24:23","guid":{"rendered":"http:\/\/tvalaire.com\/?p=909"},"modified":"2017-03-16T09:24:23","modified_gmt":"2017-03-16T15:24:23","slug":"2da-reunion-del-consejo-municipal-rural-y-sustentable","status":"publish","type":"post","link":"http:\/\/tvalaire.com\/?p=909","title":{"rendered":"2DA REUNI\u00d3N DEL CONSEJO MUNICIPAL RURAL Y SUSTENTABLE"},"content":{"rendered":"<div class=\"\">\n<div class=\"x__1mf x__1mj\">La Ma\u00f1ana de ayer, la Direcci\u00f3n de Desarrollo Agropecuario, llev\u00f3 a cabo la segunda reuni\u00f3n del Consejo Municipal Rural y Sustentable, con representantes de las diversas comunidades del municipio de Numar\u00e1n.<\/div>\n<\/div>\n<div class=\"\">\n<div class=\"x__1mf x__1mj\"><\/div>\n<\/div>\n<div class=\"\">\n<div class=\"x__1mf x__1mj\">Comisariados, Representantes del Centro de Apoyo al desarrollo Rural (CADER), SAGARPA y Sanidad Vegetal, se dieron cita en las instalaciones del Sal\u00f3n Ejidal, donde dieron seguimiento a los diferentes apoyos y programas actuales disponibles para los productores.<\/div>\n<\/div>\n<div class=\"\">\n<div class=\"x__1mf x__1mj\"><\/div>\n<\/div>\n<div class=\"\">\n<div class=\"x__1mf x__1mj\">El director de \u00e1rea, Juan Carlos Reyes, mencion\u00f3 sobre la actualizaci\u00f3n de datos e inscripci\u00f3n para la Unidad de producci\u00f3n pecuaria (UPP) y el aretado del ganado, as\u00ed como los programas vigentes de Fomento a la Agricultura y mejoramiento productivo de Agua y Suelo.<\/div>\n<\/div>\n<div class=\"\">\n<div class=\"x__1mf x__1mj\"><\/div>\n<\/div>\n<div class=\"\">\n<div class=\"x__1mf x__1mj\">De igual manera, exhort\u00f3 a la sociedad a que acudan a sus instalaciones y soliciten informaci\u00f3n sobre los programas existentes, adem\u00e1s de la inscripci\u00f3n para paquetes de Pollitas, Aspersoras para fumigar, adem\u00e1s de la colocaci\u00f3n de malla perimetral para la seguridad de ganado.<\/div>\n<\/div>\n<div class=\"\">\n<div class=\"x__1mf x__1mj\"><\/div>\n<\/div>\n<div class=\"\">\n<div class=\"x__1mf x__1mj\">Al evento, asisti\u00f3 el t\u00e9cnico de la Junta Local de Sanidad Vegetal,regi\u00f3n Baj\u00edo-Ci\u00e9nega, Ing. Gustavo Mora Garc\u00eda, el Ing. Juan Carlos Vargas, director de proyectos en el municipio, as\u00ed como representantes de la Asociaci\u00f3n Ganadera y encargados del orden en el municipio.<\/div>\n<div class=\"x__1mf x__1mj\"><\/div>\n<\/div>\n<div class=\"x__1mf x__1mj\"><img loading=\"lazy\" decoding=\"async\" class=\"alignnone size-medium wp-image-913\" src=\"http:\/\/tvalaire.com\/wp-content\/uploads\/2017\/03\/IMG_9869-300x200.jpg\" alt=\"\" width=\"300\" height=\"200\" srcset=\"http:\/\/tvalaire.com\/wp-content\/uploads\/2017\/03\/IMG_9869-300x200.jpg 300w, http:\/\/tvalaire.com\/wp-content\/uploads\/2017\/03\/IMG_9869-768x512.jpg 768w, http:\/\/tvalaire.com\/wp-content\/uploads\/2017\/03\/IMG_9869-1024x683.jpg 1024w\" sizes=\"(max-width: 300px) 100vw, 300px\" \/><\/div>\n<div class=\"x__1mf x__1mj\"><\/div>\n<div class=\"x__1mf x__1mj\"><img loading=\"lazy\" decoding=\"async\" class=\"alignnone size-medium wp-image-912\" src=\"http:\/\/tvalaire.com\/wp-content\/uploads\/2017\/03\/IMG_9867-300x200.jpg\" alt=\"\" width=\"300\" height=\"200\" srcset=\"http:\/\/tvalaire.com\/wp-content\/uploads\/2017\/03\/IMG_9867-300x200.jpg 300w, http:\/\/tvalaire.com\/wp-content\/uploads\/2017\/03\/IMG_9867-768x512.jpg 768w, http:\/\/tvalaire.com\/wp-content\/uploads\/2017\/03\/IMG_9867-1024x683.jpg 1024w\" sizes=\"(max-width: 300px) 100vw, 300px\" \/><\/div>\n<div class=\"x__1mf x__1mj\"><\/div>\n<div class=\"x__1mf x__1mj\"><img loading=\"lazy\" decoding=\"async\" class=\"alignnone size-medium wp-image-911\" src=\"http:\/\/tvalaire.com\/wp-content\/uploads\/2017\/03\/IMG_9865-300x200.jpg\" alt=\"\" width=\"300\" height=\"200\" srcset=\"http:\/\/tvalaire.com\/wp-content\/uploads\/2017\/03\/IMG_9865-300x200.jpg 300w, http:\/\/tvalaire.com\/wp-content\/uploads\/2017\/03\/IMG_9865-768x512.jpg 768w, http:\/\/tvalaire.com\/wp-content\/uploads\/2017\/03\/IMG_9865-1024x683.jpg 1024w\" sizes=\"(max-width: 300px) 100vw, 300px\" \/><\/div>\n","protected":false},"excerpt":{"rendered":"<p>La Ma\u00f1ana de ayer, la Direcci\u00f3n de Desarrollo Agropecuario, llev\u00f3 a cabo la segunda reuni\u00f3n&#8230;<\/p>\n","protected":false},"author":1,"featured_media":910,"comment_status":"open","ping_status":"open","sticky":false,"template":"","format":"standard","meta":{"jetpack_post_was_ever_published":false,"_jetpack_newsletter_access":"","_jetpack_dont_email_post_to_subs":false,"_jetpack_newsletter_tier_id":0,"_jetpack_memberships_contains_paywalled_content":false,"_jetpack_memberships_contains_paid_content":false,"footnotes":"","jetpack_publicize_message":"","jetpack_publicize_feature_enabled":true,"jetpack_social_post_already_shared":false,"jetpack_social_options":{"image_generator_settings":{"template":"highway","enabled":false},"version":2}},"categories":[7],"tags":[34,36],"class_list":["post-909","post","type-post","status-publish","format-standard","has-post-thumbnail","hentry","category-numaran","tag-numaran","tag-principales"],"jetpack_publicize_connections":[],"jetpack_sharing_enabled":true,"featured_image_urls":{"full":["http:\/\/tvalaire.com\/wp-content\/uploads\/2017\/03\/IMG_9862.jpg",2592,1728,false],"thumbnail":["http:\/\/tvalaire.com\/wp-content\/uploads\/2017\/03\/IMG_9862-150x150.jpg",150,150,true],"medium":["http:\/\/tvalaire.com\/wp-content\/uploads\/2017\/03\/IMG_9862-300x200.jpg",300,200,true],"medium_large":["http:\/\/tvalaire.com\/wp-content\/uploads\/2017\/03\/IMG_9862-768x512.jpg",640,427,true],"large":["http:\/\/tvalaire.com\/wp-content\/uploads\/2017\/03\/IMG_9862-1024x683.jpg",640,427,true],"post-slider-thumb-size":["http:\/\/tvalaire.com\/wp-content\/uploads\/2017\/03\/IMG_9862.jpg",285,190,false],"post-category-slider-size":["http:\/\/tvalaire.com\/wp-content\/uploads\/2017\/03\/IMG_9862.jpg",330,220,false],"1536x1536":["http:\/\/tvalaire.com\/wp-content\/uploads\/2017\/03\/IMG_9862.jpg",1536,1024,false],"2048x2048":["http:\/\/tvalaire.com\/wp-content\/uploads\/2017\/03\/IMG_9862.jpg",2048,1365,false],"newsium-slider-full":["http:\/\/tvalaire.com\/wp-content\/uploads\/2017\/03\/IMG_9862.jpg",1268,845,false],"newsium-featured":["http:\/\/tvalaire.com\/wp-content\/uploads\/2017\/03\/IMG_9862.jpg",1024,683,false],"newsium-medium":["http:\/\/tvalaire.com\/wp-content\/uploads\/2017\/03\/IMG_9862.jpg",713,475,false]},"author_info":{"info":["tvalairenoti"]},"category_info":"<a href=\"http:\/\/tvalaire.com\/?cat=7\" rel=\"category\">Numar\u00e1n<\/a>","tag_info":"Numar\u00e1n","comment_count":"0","jetpack_featured_media_url":"http:\/\/tvalaire.com\/wp-content\/uploads\/2017\/03\/IMG_9862.jpg","_links":{"self":[{"href":"http:\/\/tvalaire.com\/index.php?rest_route=\/wp\/v2\/posts\/909"}],"collection":[{"href":"http:\/\/tvalaire.com\/index.php?rest_route=\/wp\/v2\/posts"}],"about":[{"href":"http:\/\/tvalaire.com\/index.php?rest_route=\/wp\/v2\/types\/post"}],"author":[{"embeddable":true,"href":"http:\/\/tvalaire.com\/index.php?rest_route=\/wp\/v2\/users\/1"}],"replies":[{"embeddable":true,"href":"http:\/\/tvalaire.com\/index.php?rest_route=%2Fwp%2Fv2%2Fcomments&post=909"}],"version-history":[{"count":1,"href":"http:\/\/tvalaire.com\/index.php?rest_route=\/wp\/v2\/posts\/909\/revisions"}],"predecessor-version":[{"id":914,"href":"http:\/\/tvalaire.com\/index.php?rest_route=\/wp\/v2\/posts\/909\/revisions\/914"}],"wp:featuredmedia":[{"embeddable":true,"href":"http:\/\/tvalaire.com\/index.php?rest_route=\/wp\/v2\/media\/910"}],"wp:attachment":[{"href":"http:\/\/tvalaire.com\/index.php?rest_route=%2Fwp%2Fv2%2Fmedia&parent=909"}],"wp:term":[{"taxonomy":"category","embeddable":true,"href":"http:\/\/tvalaire.com\/index.php?rest_route=%2Fwp%2Fv2%2Fcategories&post=909"},{"taxonomy":"post_tag","embeddable":true,"href":"http:\/\/tvalaire.com\/index.php?rest_route=%2Fwp%2Fv2%2Ftags&post=909"}],"curies":[{"name":"wp","href":"https:\/\/api.w.org\/{rel}","templated":true}]}}