{"id":9084,"date":"2021-02-26T13:34:00","date_gmt":"2021-02-26T19:34:00","guid":{"rendered":"http:\/\/tvalaire.com\/?p=9084"},"modified":"2021-03-02T13:36:45","modified_gmt":"2021-03-02T19:36:45","slug":"aprueba-cabildo-modificacion-al-programa-de-obra-publica-2021","status":"publish","type":"post","link":"http:\/\/tvalaire.com\/?p=9084","title":{"rendered":"APRUEBA CABILDO MODIFICACI\u00d3N AL PROGRAMA DE OBRA P\u00daBLICA 2021"},"content":{"rendered":"\n<p><\/p>\n\n\n\n<ul class=\"wp-block-list\"><li><strong>Se rehabilitar\u00e1 alumbrado en la calle Calzada de los Indios<\/strong><\/li><li><strong>Director de SAPAS entrega informe anual de labores<\/strong><\/li><\/ul>\n\n\n\n<p>Integrantes del Cabildo aprobaron por unanimidad de votos, la modificaci\u00f3n del Programa de Obra P\u00fablica (POA) 2021, que beneficia a los habitantes de la calle Calzada de los Indios en la colonia Santa Fe.<\/p>\n\n\n\n<p>La primera obra dada de alta sobre esa calle es la construcci\u00f3n de banquetas y guarniciones en concreto hidr\u00e1ulico en mil 60 metros cuadrados con un costo de 135 mil 256 pesos.<\/p>\n\n\n\n<p>La construcci\u00f3n del drenaje sanitario sobre la Calzada de los Indios en el tramo entre el bulevar Juan Pablo II y San Vicente por el orden de los 35 mil pesos, as\u00ed como la rehabilitaci\u00f3n del alumbrado p\u00fablico sobre esta misma avenida por un monto de 41 mil 558 pesos.<\/p>\n\n\n\n<p>Los recursos para estas adecuaciones a la obra de pavimentaci\u00f3n que se lleva a cabo en esta colonia, forma parte del programa federal Fondo III.Qued\u00f3 pendiente un monto de 324 mil 199 pesos, para obras que est\u00e1n por definir.<\/p>\n\n\n\n<p>Dentro de las modificaciones realizadas al POA 2021, tambi\u00e9n se adecuaron las cifras en los montos de tres obras realizadas entre ellas la del Mejoramiento de vivienda, modalidad construcci\u00f3n de cisterna; construcci\u00f3n del pavimento en concreto hidr\u00e1ulico sobre la calle Hidalgo entre Francisco Javier Mina y Sim\u00f3n Bol\u00edvar y el drenaje sanitario y l\u00ednea de agua potable en esa calle, las cuales sufrieron una baja.<\/p>\n\n\n\n<p>Durante la sesi\u00f3n de Cabildo, el director del Sistema de Agua Potable Alcantarillado y Saneamiento (SAPAS), Jorge Rubio Olivares, rindi\u00f3 su informe anual de trabajo con el cual se da cumplimiento a lo se\u00f1alado en la Ley del Agua y Gesti\u00f3n de Cuencas para el Estado de Michoac\u00e1n de Ocampo en su Art\u00edculo 54 Fracci\u00f3n XII.<\/p>\n","protected":false},"excerpt":{"rendered":"<p>Se rehabilitar\u00e1 alumbrado en la calle Calzada de los Indios Director de SAPAS entrega informe&#8230;<\/p>\n","protected":false},"author":1,"featured_media":9085,"comment_status":"open","ping_status":"open","sticky":false,"template":"","format":"standard","meta":{"jetpack_post_was_ever_published":false,"_jetpack_newsletter_access":"","_jetpack_dont_email_post_to_subs":false,"_jetpack_newsletter_tier_id":0,"_jetpack_memberships_contains_paywalled_content":false,"_jetpack_memberships_contains_paid_content":false,"footnotes":"","jetpack_publicize_message":"APRUEBA CABILDO MODIFICACI\u00d3N AL PROGRAMA DE OBRA P\u00daBLICA 2021\n\n#LaPiedad #Municipios #ObraP\u00fablica2021","jetpack_publicize_feature_enabled":true,"jetpack_social_post_already_shared":true,"jetpack_social_options":{"image_generator_settings":{"template":"highway","enabled":false},"version":2}},"categories":[1],"tags":[15],"class_list":["post-9084","post","type-post","status-publish","format-standard","has-post-thumbnail","hentry","category-la-piedad","tag-la-piedad"],"jetpack_publicize_connections":[],"jetpack_sharing_enabled":true,"featured_image_urls":{"full":["http:\/\/tvalaire.com\/wp-content\/uploads\/2021\/03\/1-1-7.jpeg",1280,853,false],"thumbnail":["http:\/\/tvalaire.com\/wp-content\/uploads\/2021\/03\/1-1-7-150x150.jpeg",150,150,true],"medium":["http:\/\/tvalaire.com\/wp-content\/uploads\/2021\/03\/1-1-7-300x200.jpeg",300,200,true],"medium_large":["http:\/\/tvalaire.com\/wp-content\/uploads\/2021\/03\/1-1-7-768x512.jpeg",640,427,true],"large":["http:\/\/tvalaire.com\/wp-content\/uploads\/2021\/03\/1-1-7-1024x682.jpeg",640,426,true],"post-slider-thumb-size":["http:\/\/tvalaire.com\/wp-content\/uploads\/2021\/03\/1-1-7-330x190.jpeg",330,190,true],"post-category-slider-size":["http:\/\/tvalaire.com\/wp-content\/uploads\/2021\/03\/1-1-7.jpeg",330,220,false],"1536x1536":["http:\/\/tvalaire.com\/wp-content\/uploads\/2021\/03\/1-1-7.jpeg",1280,853,false],"2048x2048":["http:\/\/tvalaire.com\/wp-content\/uploads\/2021\/03\/1-1-7.jpeg",1280,853,false],"newsium-slider-full":["http:\/\/tvalaire.com\/wp-content\/uploads\/2021\/03\/1-1-7-1280x845.jpeg",1280,845,true],"newsium-featured":["http:\/\/tvalaire.com\/wp-content\/uploads\/2021\/03\/1-1-7-1024x682.jpeg",1024,682,true],"newsium-medium":["http:\/\/tvalaire.com\/wp-content\/uploads\/2021\/03\/1-1-7-720x475.jpeg",720,475,true]},"author_info":{"info":["tvalairenoti"]},"category_info":"<a href=\"http:\/\/tvalaire.com\/?cat=1\" rel=\"category\">La Piedad<\/a>","tag_info":"La Piedad","comment_count":"0","jetpack_featured_media_url":"http:\/\/tvalaire.com\/wp-content\/uploads\/2021\/03\/1-1-7.jpeg","_links":{"self":[{"href":"http:\/\/tvalaire.com\/index.php?rest_route=\/wp\/v2\/posts\/9084"}],"collection":[{"href":"http:\/\/tvalaire.com\/index.php?rest_route=\/wp\/v2\/posts"}],"about":[{"href":"http:\/\/tvalaire.com\/index.php?rest_route=\/wp\/v2\/types\/post"}],"author":[{"embeddable":true,"href":"http:\/\/tvalaire.com\/index.php?rest_route=\/wp\/v2\/users\/1"}],"replies":[{"embeddable":true,"href":"http:\/\/tvalaire.com\/index.php?rest_route=%2Fwp%2Fv2%2Fcomments&post=9084"}],"version-history":[{"count":1,"href":"http:\/\/tvalaire.com\/index.php?rest_route=\/wp\/v2\/posts\/9084\/revisions"}],"predecessor-version":[{"id":9086,"href":"http:\/\/tvalaire.com\/index.php?rest_route=\/wp\/v2\/posts\/9084\/revisions\/9086"}],"wp:featuredmedia":[{"embeddable":true,"href":"http:\/\/tvalaire.com\/index.php?rest_route=\/wp\/v2\/media\/9085"}],"wp:attachment":[{"href":"http:\/\/tvalaire.com\/index.php?rest_route=%2Fwp%2Fv2%2Fmedia&parent=9084"}],"wp:term":[{"taxonomy":"category","embeddable":true,"href":"http:\/\/tvalaire.com\/index.php?rest_route=%2Fwp%2Fv2%2Fcategories&post=9084"},{"taxonomy":"post_tag","embeddable":true,"href":"http:\/\/tvalaire.com\/index.php?rest_route=%2Fwp%2Fv2%2Ftags&post=9084"}],"curies":[{"name":"wp","href":"https:\/\/api.w.org\/{rel}","templated":true}]}}