{"id":907,"date":"2017-03-16T09:20:42","date_gmt":"2017-03-16T15:20:42","guid":{"rendered":"http:\/\/tvalaire.com\/?p=907"},"modified":"2017-03-16T09:20:42","modified_gmt":"2017-03-16T15:20:42","slug":"edificios-municipales-de-la-piedad-seran-declarados-libres-de-humo-de-tabaco","status":"publish","type":"post","link":"http:\/\/tvalaire.com\/?p=907","title":{"rendered":"EDIFICIOS MUNICIPALES DE LA PIEDAD SER\u00c1N DECLARADOS LIBRES DE HUMO DE TABACO"},"content":{"rendered":"<p class=\"xmsonormal\" style=\"text-align: center; background: white;\" align=\"center\"><b><span style=\"font-size: 13.0pt; font-family: 'Arial','sans-serif'; color: #212121;\">\u00a0<\/span><\/b><span style=\"font-size: 13.0pt; font-family: 'Arial','sans-serif'; color: #212121;\">\u00a0<\/span><\/p>\n<p class=\"xmsonormal\" style=\"text-align: justify; background: white;\"><span style=\"font-size: 13.0pt; font-family: 'Arial','sans-serif'; color: #212121;\">En el marco de la celebraci\u00f3n del \u201cD\u00eda michoacano sin fumar\u201d, el Gobierno Municipal de La Piedad encabezado por Juan Manuel Estrada Medina, puso en marcha las primeras acciones para lograr que todas las dependencias de gobierno sean declaradas libres de humo por parte de la Secretar\u00eda de Salud.<\/span><\/p>\n<p class=\"xmsonormal\" style=\"text-align: justify; background: white;\"><span style=\"font-size: 13.0pt; font-family: 'Arial','sans-serif'; color: #212121;\">Por tal motivo, se llev\u00f3 a cabo la primera reuni\u00f3n de informaci\u00f3n al personal que tiene el primer contacto con la ciudadan\u00eda en cada una de las dependencias locales, con la encargada del Programa de Protecci\u00f3n Contra Riesgos Sanitarios (COEPRIS) de la Jurisdicci\u00f3n Sanitaria No. 6, Lorena Guadalupe Torres Mora; David Hern\u00e1ndez Godoy, Viridiana Ayala que forman parte de su equipo; as\u00ed como la encargada del programa de salud mental y adicciones, Carolina Moncada y la regidora presidenta de la comisi\u00f3n de salud, en la biblioteca p\u00fablica \u201cProf. J. Jes\u00fas Romero Flores\u201d.<\/span><\/p>\n<p class=\"xmsonormal\" style=\"text-align: justify; background: white;\"><span style=\"font-size: 13.0pt; font-family: 'Arial','sans-serif'; color: #212121;\">El motivo de la reuni\u00f3n, fue el dar a conocer esta primera actividad que es una de las primeras acciones que realiza la comisi\u00f3n de Salud y que formar\u00e1 parte de la iniciativa que se present\u00f3 en la pasada sesi\u00f3n de Cabildo, para que se instale en breve el Consejo Municipal contra las Adicciones (COMCA).<\/span><\/p>\n<p class=\"xmsonormal\" style=\"text-align: justify; background: white;\"><span style=\"font-size: 13.0pt; font-family: 'Arial','sans-serif'; color: #212121;\">La primera actividad que se realizar\u00e1 ser\u00e1 el declarar a todas las dependencias locales como espacios libres de humo, convirti\u00e9ndose as\u00ed en el primer municipio del Estado, que tenga alineadas todas las dependencias dentro de esta norma.<\/span><\/p>\n<p class=\"xmsonormal\" style=\"text-align: justify; background: white;\"><span style=\"font-size: 13.0pt; font-family: 'Arial','sans-serif'; color: #212121;\">De esta manera se estar\u00e1 preservando no s\u00f3lo el trabajar dentro de un ambiente sano y en donde tambi\u00e9n, se proh\u00edba a quienes acuden a realizar alg\u00fan tipo de tr\u00e1mite el que no se fumen en ninguna de las instancias municipales.<\/span><\/p>\n<p class=\"xmsonormal\" style=\"text-align: justify; background: white;\"><span style=\"font-size: 13.0pt; font-family: 'Arial','sans-serif'; color: #212121;\">Se habl\u00f3 a su vez de los perjuicios para la salud, que provoca el fumador activo y pasivo, ya que el 70% del c\u00e1ncer de pulm\u00f3n que se presenta en algunas personas, el culpable es el tabaquismo, al igual que las enfermedades cardiopulmonares y las infecciones respiratorias agudas.<\/span><\/p>\n<p class=\"xmsonormal\" style=\"text-align: justify; background: white;\"><span style=\"font-size: 13.0pt; font-family: 'Arial','sans-serif'; color: #212121;\">El tabaquismo genera a su vez un problema social, pues de acuerdo a estudios de la Organizaci\u00f3n Mundial de la Salud (OMS), se estima que para el 2030 morir\u00e1n 8 millones de personas al a\u00f1o a consecuencia de padecimientos relacionados con este problema.<\/span><\/p>\n<p class=\"xmsonormal\" style=\"text-align: justify; background: white;\"><span style=\"font-size: 13.0pt; font-family: 'Arial','sans-serif'; color: #212121;\">De ah\u00ed que el compromiso que adquiere el municipio y en especial todo el personal que labora en \u00e9l, es hacer que la norma se cumpla y se evite el fumar en cualquier \u00e1rea de las oficinas de gobierno, debido que la instancia de salud contempla multas que ser\u00e1n aplicables a quienes infrinjan con la ley y que van desde mil d\u00edas de salario m\u00ednimo, arresto o aseguramiento del lugar.<\/span><\/p>\n","protected":false},"excerpt":{"rendered":"<p>\u00a0\u00a0 En el marco de la celebraci\u00f3n del \u201cD\u00eda michoacano sin fumar\u201d, el Gobierno Municipal&#8230;<\/p>\n","protected":false},"author":1,"featured_media":904,"comment_status":"open","ping_status":"open","sticky":false,"template":"","format":"standard","meta":{"jetpack_post_was_ever_published":false,"_jetpack_newsletter_access":"","_jetpack_dont_email_post_to_subs":false,"_jetpack_newsletter_tier_id":0,"_jetpack_memberships_contains_paywalled_content":false,"_jetpack_memberships_contains_paid_content":false,"footnotes":"","jetpack_publicize_message":"","jetpack_publicize_feature_enabled":true,"jetpack_social_post_already_shared":false,"jetpack_social_options":{"image_generator_settings":{"template":"highway","enabled":false},"version":2}},"categories":[1],"tags":[15,36],"class_list":["post-907","post","type-post","status-publish","format-standard","has-post-thumbnail","hentry","category-la-piedad","tag-la-piedad","tag-principales"],"jetpack_publicize_connections":[],"jetpack_sharing_enabled":true,"featured_image_urls":{"full":["http:\/\/tvalaire.com\/wp-content\/uploads\/2017\/03\/EDIFICIOS-MUNICIPALES-DE-LA-PIEDAD-SER\u00c1N-DECLARADOS-LIBRES-DE-HUMO-DE-TABACO.jpg",1024,683,false],"thumbnail":["http:\/\/tvalaire.com\/wp-content\/uploads\/2017\/03\/EDIFICIOS-MUNICIPALES-DE-LA-PIEDAD-SER\u00c1N-DECLARADOS-LIBRES-DE-HUMO-DE-TABACO-150x150.jpg",150,150,true],"medium":["http:\/\/tvalaire.com\/wp-content\/uploads\/2017\/03\/EDIFICIOS-MUNICIPALES-DE-LA-PIEDAD-SER\u00c1N-DECLARADOS-LIBRES-DE-HUMO-DE-TABACO-300x200.jpg",300,200,true],"medium_large":["http:\/\/tvalaire.com\/wp-content\/uploads\/2017\/03\/EDIFICIOS-MUNICIPALES-DE-LA-PIEDAD-SER\u00c1N-DECLARADOS-LIBRES-DE-HUMO-DE-TABACO-768x512.jpg",640,427,true],"large":["http:\/\/tvalaire.com\/wp-content\/uploads\/2017\/03\/EDIFICIOS-MUNICIPALES-DE-LA-PIEDAD-SER\u00c1N-DECLARADOS-LIBRES-DE-HUMO-DE-TABACO-1024x683.jpg",640,427,true],"post-slider-thumb-size":["http:\/\/tvalaire.com\/wp-content\/uploads\/2017\/03\/EDIFICIOS-MUNICIPALES-DE-LA-PIEDAD-SER\u00c1N-DECLARADOS-LIBRES-DE-HUMO-DE-TABACO.jpg",285,190,false],"post-category-slider-size":["http:\/\/tvalaire.com\/wp-content\/uploads\/2017\/03\/EDIFICIOS-MUNICIPALES-DE-LA-PIEDAD-SER\u00c1N-DECLARADOS-LIBRES-DE-HUMO-DE-TABACO.jpg",330,220,false],"1536x1536":["http:\/\/tvalaire.com\/wp-content\/uploads\/2017\/03\/EDIFICIOS-MUNICIPALES-DE-LA-PIEDAD-SER\u00c1N-DECLARADOS-LIBRES-DE-HUMO-DE-TABACO.jpg",1024,683,false],"2048x2048":["http:\/\/tvalaire.com\/wp-content\/uploads\/2017\/03\/EDIFICIOS-MUNICIPALES-DE-LA-PIEDAD-SER\u00c1N-DECLARADOS-LIBRES-DE-HUMO-DE-TABACO.jpg",1024,683,false],"newsium-slider-full":["http:\/\/tvalaire.com\/wp-content\/uploads\/2017\/03\/EDIFICIOS-MUNICIPALES-DE-LA-PIEDAD-SER\u00c1N-DECLARADOS-LIBRES-DE-HUMO-DE-TABACO.jpg",1024,683,false],"newsium-featured":["http:\/\/tvalaire.com\/wp-content\/uploads\/2017\/03\/EDIFICIOS-MUNICIPALES-DE-LA-PIEDAD-SER\u00c1N-DECLARADOS-LIBRES-DE-HUMO-DE-TABACO.jpg",1024,683,false],"newsium-medium":["http:\/\/tvalaire.com\/wp-content\/uploads\/2017\/03\/EDIFICIOS-MUNICIPALES-DE-LA-PIEDAD-SER\u00c1N-DECLARADOS-LIBRES-DE-HUMO-DE-TABACO.jpg",712,475,false]},"author_info":{"info":["tvalairenoti"]},"category_info":"<a href=\"http:\/\/tvalaire.com\/?cat=1\" rel=\"category\">La Piedad<\/a>","tag_info":"La Piedad","comment_count":"0","jetpack_featured_media_url":"http:\/\/tvalaire.com\/wp-content\/uploads\/2017\/03\/EDIFICIOS-MUNICIPALES-DE-LA-PIEDAD-SER\u00c1N-DECLARADOS-LIBRES-DE-HUMO-DE-TABACO.jpg","_links":{"self":[{"href":"http:\/\/tvalaire.com\/index.php?rest_route=\/wp\/v2\/posts\/907"}],"collection":[{"href":"http:\/\/tvalaire.com\/index.php?rest_route=\/wp\/v2\/posts"}],"about":[{"href":"http:\/\/tvalaire.com\/index.php?rest_route=\/wp\/v2\/types\/post"}],"author":[{"embeddable":true,"href":"http:\/\/tvalaire.com\/index.php?rest_route=\/wp\/v2\/users\/1"}],"replies":[{"embeddable":true,"href":"http:\/\/tvalaire.com\/index.php?rest_route=%2Fwp%2Fv2%2Fcomments&post=907"}],"version-history":[{"count":1,"href":"http:\/\/tvalaire.com\/index.php?rest_route=\/wp\/v2\/posts\/907\/revisions"}],"predecessor-version":[{"id":908,"href":"http:\/\/tvalaire.com\/index.php?rest_route=\/wp\/v2\/posts\/907\/revisions\/908"}],"wp:featuredmedia":[{"embeddable":true,"href":"http:\/\/tvalaire.com\/index.php?rest_route=\/wp\/v2\/media\/904"}],"wp:attachment":[{"href":"http:\/\/tvalaire.com\/index.php?rest_route=%2Fwp%2Fv2%2Fmedia&parent=907"}],"wp:term":[{"taxonomy":"category","embeddable":true,"href":"http:\/\/tvalaire.com\/index.php?rest_route=%2Fwp%2Fv2%2Fcategories&post=907"},{"taxonomy":"post_tag","embeddable":true,"href":"http:\/\/tvalaire.com\/index.php?rest_route=%2Fwp%2Fv2%2Ftags&post=907"}],"curies":[{"name":"wp","href":"https:\/\/api.w.org\/{rel}","templated":true}]}}