{"id":9059,"date":"2021-02-23T13:12:00","date_gmt":"2021-02-23T19:12:00","guid":{"rendered":"http:\/\/tvalaire.com\/?p=9059"},"modified":"2021-03-02T13:14:20","modified_gmt":"2021-03-02T19:14:20","slug":"invitan-a-comerciantes-al-por-menor-al-programa-vende-mas","status":"publish","type":"post","link":"http:\/\/tvalaire.com\/?p=9059","title":{"rendered":"INVITAN A COMERCIANTES AL POR MENOR AL PROGRAMA \u201cVENDE M\u00c1S\u201d"},"content":{"rendered":"\n<p><\/p>\n\n\n\n<ul class=\"wp-block-list\"><li><strong>Hay cupo limitado para ser parte de este programa<\/strong><\/li><li><strong>Interesados deben acudir a la Direcci\u00f3n de Promoci\u00f3n Econ\u00f3mica<\/strong><\/li><\/ul>\n\n\n\n<p>La Direcci\u00f3n de Promoci\u00f3n Econ\u00f3mica, pretende formar un nuevo grupo de comerciantes al por menor, para que obtengan los recursos y el apoyo que proporciona \u201cVende m\u00e1s\u201d.El cupo est\u00e1 limitado a 20 comerciantes que sean de la periferia de la ciudad.<\/p>\n\n\n\n<p>Juan Carlos Guzm\u00e1n Ru\u00edz, director de la dependencia, indic\u00f3 que gracias a las gestiones realizadas ante la Secretar\u00eda de Desarrollo Econ\u00f3mico (SEDECO), se logr\u00f3 que se les pueda asignar este nuevo apoyo a La Piedad, con el cual llegar\u00edan a 60.<\/p>\n\n\n\n<p>Explic\u00f3 que delos 20 anteriores se eligi\u00f3 a comerciantes de la zona centro, por tanto, ahora se buscar\u00e1 que sean de la periferia.<\/p>\n\n\n\n<p>El programa \u201cVende m\u00e1s\u201d, proporciona capacitaci\u00f3n, asesor\u00eda t\u00e9cnica, remosamiento del negocio y equipamiento de hasta 13 mil 500 pesos, sin cargo para el beneficiario.<\/p>\n\n\n\n<p>Los comercios que pueden acceder a este beneficio son los que est\u00e9n establecidos tales como: tiendas de ropa, alimentos preparados, papeler\u00edas, zapater\u00edas, pasteler\u00edas, tiendas de regalos; excepto, negocios con venta de alcohol y de servicios.<\/p>\n\n\n\n<p>Los interesados deben acudir a la direcci\u00f3n de Promoci\u00f3n Econ\u00f3mica y presentar los siguientes requisitos: Constancia de situaci\u00f3n fiscal con vigencia de m\u00e1s de 6 meses; comprobante de domicilio del establecimiento que sea en La Piedad; credencial del INE con domicilio en la localidad y fotograf\u00edas de la fachada e interior del negocio.<\/p>\n\n\n\n<p>A trav\u00e9s de este programa, se har\u00e1 una evaluaci\u00f3n del plan de negocio para mejorar las ventas de cada uno de los establecimientos que puedan ser beneficiados.<\/p>\n","protected":false},"excerpt":{"rendered":"<p>Hay cupo limitado para ser parte de este programa Interesados deben acudir a la Direcci\u00f3n&#8230;<\/p>\n","protected":false},"author":1,"featured_media":9060,"comment_status":"open","ping_status":"open","sticky":false,"template":"","format":"standard","meta":{"jetpack_post_was_ever_published":false,"_jetpack_newsletter_access":"","_jetpack_dont_email_post_to_subs":false,"_jetpack_newsletter_tier_id":0,"_jetpack_memberships_contains_paywalled_content":false,"_jetpack_memberships_contains_paid_content":false,"footnotes":"","jetpack_publicize_message":"INVITAN A COMERCIANTES AL POR MENOR AL PROGRAMA \u201cVENDE M\u00c1S\u201d\n\n#LaPiedad #Municipios #Comercio","jetpack_publicize_feature_enabled":true,"jetpack_social_post_already_shared":true,"jetpack_social_options":{"image_generator_settings":{"template":"highway","enabled":false},"version":2}},"categories":[1],"tags":[15],"class_list":["post-9059","post","type-post","status-publish","format-standard","has-post-thumbnail","hentry","category-la-piedad","tag-la-piedad"],"jetpack_publicize_connections":[],"jetpack_sharing_enabled":true,"featured_image_urls":{"full":["http:\/\/tvalaire.com\/wp-content\/uploads\/2021\/03\/1-2-6.jpeg",1280,720,false],"thumbnail":["http:\/\/tvalaire.com\/wp-content\/uploads\/2021\/03\/1-2-6-150x150.jpeg",150,150,true],"medium":["http:\/\/tvalaire.com\/wp-content\/uploads\/2021\/03\/1-2-6-300x169.jpeg",300,169,true],"medium_large":["http:\/\/tvalaire.com\/wp-content\/uploads\/2021\/03\/1-2-6-768x432.jpeg",640,360,true],"large":["http:\/\/tvalaire.com\/wp-content\/uploads\/2021\/03\/1-2-6-1024x576.jpeg",640,360,true],"post-slider-thumb-size":["http:\/\/tvalaire.com\/wp-content\/uploads\/2021\/03\/1-2-6-330x190.jpeg",330,190,true],"post-category-slider-size":["http:\/\/tvalaire.com\/wp-content\/uploads\/2021\/03\/1-2-6.jpeg",330,186,false],"1536x1536":["http:\/\/tvalaire.com\/wp-content\/uploads\/2021\/03\/1-2-6.jpeg",1280,720,false],"2048x2048":["http:\/\/tvalaire.com\/wp-content\/uploads\/2021\/03\/1-2-6.jpeg",1280,720,false],"newsium-slider-full":["http:\/\/tvalaire.com\/wp-content\/uploads\/2021\/03\/1-2-6.jpeg",1280,720,false],"newsium-featured":["http:\/\/tvalaire.com\/wp-content\/uploads\/2021\/03\/1-2-6-1024x576.jpeg",1024,576,true],"newsium-medium":["http:\/\/tvalaire.com\/wp-content\/uploads\/2021\/03\/1-2-6-720x475.jpeg",720,475,true]},"author_info":{"info":["tvalairenoti"]},"category_info":"<a href=\"http:\/\/tvalaire.com\/?cat=1\" rel=\"category\">La Piedad<\/a>","tag_info":"La Piedad","comment_count":"0","jetpack_featured_media_url":"http:\/\/tvalaire.com\/wp-content\/uploads\/2021\/03\/1-2-6.jpeg","_links":{"self":[{"href":"http:\/\/tvalaire.com\/index.php?rest_route=\/wp\/v2\/posts\/9059"}],"collection":[{"href":"http:\/\/tvalaire.com\/index.php?rest_route=\/wp\/v2\/posts"}],"about":[{"href":"http:\/\/tvalaire.com\/index.php?rest_route=\/wp\/v2\/types\/post"}],"author":[{"embeddable":true,"href":"http:\/\/tvalaire.com\/index.php?rest_route=\/wp\/v2\/users\/1"}],"replies":[{"embeddable":true,"href":"http:\/\/tvalaire.com\/index.php?rest_route=%2Fwp%2Fv2%2Fcomments&post=9059"}],"version-history":[{"count":1,"href":"http:\/\/tvalaire.com\/index.php?rest_route=\/wp\/v2\/posts\/9059\/revisions"}],"predecessor-version":[{"id":9061,"href":"http:\/\/tvalaire.com\/index.php?rest_route=\/wp\/v2\/posts\/9059\/revisions\/9061"}],"wp:featuredmedia":[{"embeddable":true,"href":"http:\/\/tvalaire.com\/index.php?rest_route=\/wp\/v2\/media\/9060"}],"wp:attachment":[{"href":"http:\/\/tvalaire.com\/index.php?rest_route=%2Fwp%2Fv2%2Fmedia&parent=9059"}],"wp:term":[{"taxonomy":"category","embeddable":true,"href":"http:\/\/tvalaire.com\/index.php?rest_route=%2Fwp%2Fv2%2Fcategories&post=9059"},{"taxonomy":"post_tag","embeddable":true,"href":"http:\/\/tvalaire.com\/index.php?rest_route=%2Fwp%2Fv2%2Ftags&post=9059"}],"curies":[{"name":"wp","href":"https:\/\/api.w.org\/{rel}","templated":true}]}}