{"id":9054,"date":"2021-02-23T13:11:00","date_gmt":"2021-02-23T19:11:00","guid":{"rendered":"http:\/\/tvalaire.com\/?p=9054"},"modified":"2021-03-02T13:12:44","modified_gmt":"2021-03-02T19:12:44","slug":"instalan-luminarias-con-tecnologia-led","status":"publish","type":"post","link":"http:\/\/tvalaire.com\/?p=9054","title":{"rendered":"INSTALAN LUMINARIAS CON TECNOLOG\u00cdA LED"},"content":{"rendered":"\n<p><\/p>\n\n\n\n<ul class=\"wp-block-list\"><li><strong>Se cambiar\u00e1n m\u00e1s de 59 luminarias en el Dr. Miguel Silva<\/strong><\/li><li><strong>Otras colonias de la ciudad tambi\u00e9n ser\u00e1n beneficiadas<\/strong><\/li><\/ul>\n\n\n\n<p>A fin de ofrecer mayor seguridad y una mejor imagen urbana, autoridades municipales encabezadas por nuestro alcalde Alex Espinoza, estuvieron en el infonavit \u201cDr. Miguel Silva\u201d, para dar inicio al cambio de luminarias en ese lugar.<\/p>\n\n\n\n<p>En esa zona habitacional se estar\u00e1 realizando el cambio de l\u00e1mparas de vapor de sodio por nuevas de tecnolog\u00eda LED, con lo que se dijo se estar\u00e1n obteniendo horros significativos en el consumo de energ\u00eda aparte de ser m\u00e1s amigables con el medio ambiente.<\/p>\n\n\n\n<p>En su intervenci\u00f3n el Presidente dijo que se tiene proyectado la instalaci\u00f3n de aproximadamente 59 luminarias con esa nueva tecnolog\u00eda, con lo que tambi\u00e9n se estar\u00e1 brindando mayor tranquilidad a los vecinos, durante las noches o temprano en la ma\u00f1ana.<\/p>\n\n\n\n<p>Al mismo tiempo reiter\u00f3 el compromiso de su administraci\u00f3n para seguir contribuyendo con el desarrollo de esa colonia y dijo que acciones de mejoramiento vial como en la calle San Luis Potos\u00ed y el pintado de fachadas que se han hecho son con el objetivo de ofrecer una mejor calidad de vida a los colonos.<\/p>\n\n\n\n<p>Destac\u00f3 que una vez terminadas las labores en este sector se comenzar\u00e1 en otro de los puntos que se tienen programados, para as\u00ed poco a poco ir mejorando las luminarias y favorecer la seguridad de los piedadenses.&nbsp;<\/p>\n\n\n\n<p>Por su parte en representaci\u00f3n de los vecinos e integrante del Comit\u00e9 de Participaci\u00f3n Ciudadana, el se\u00f1or Sergio Islas, dijo que con el trabajo en equipo entre los vecinos y el Gobierno la colonia ha tenido beneficios como el apoyo con el programa \u201cPinta tu fachada\u201d, as\u00ed como la calle San Luis Potos\u00ed que reci\u00e9n fue rehabilitada. Obras por las que agradeci\u00f3 a las autoridades.<\/p>\n\n\n\n<figure class=\"wp-block-image size-large\"><img loading=\"lazy\" decoding=\"async\" width=\"1024\" height=\"576\" src=\"http:\/\/tvalaire.com\/wp-content\/uploads\/2021\/03\/1-3-2-1024x576.jpeg\" alt=\"\" class=\"wp-image-9056\" srcset=\"http:\/\/tvalaire.com\/wp-content\/uploads\/2021\/03\/1-3-2-1024x576.jpeg 1024w, http:\/\/tvalaire.com\/wp-content\/uploads\/2021\/03\/1-3-2-300x169.jpeg 300w, http:\/\/tvalaire.com\/wp-content\/uploads\/2021\/03\/1-3-2-768x432.jpeg 768w, http:\/\/tvalaire.com\/wp-content\/uploads\/2021\/03\/1-3-2.jpeg 1280w\" sizes=\"(max-width: 1024px) 100vw, 1024px\" \/><\/figure>\n\n\n\n<figure class=\"wp-block-image size-large\"><img loading=\"lazy\" decoding=\"async\" width=\"1024\" height=\"576\" src=\"http:\/\/tvalaire.com\/wp-content\/uploads\/2021\/03\/1-4-4-1024x576.jpeg\" alt=\"\" class=\"wp-image-9057\" srcset=\"http:\/\/tvalaire.com\/wp-content\/uploads\/2021\/03\/1-4-4-1024x576.jpeg 1024w, http:\/\/tvalaire.com\/wp-content\/uploads\/2021\/03\/1-4-4-300x169.jpeg 300w, http:\/\/tvalaire.com\/wp-content\/uploads\/2021\/03\/1-4-4-768x432.jpeg 768w, http:\/\/tvalaire.com\/wp-content\/uploads\/2021\/03\/1-4-4.jpeg 1280w\" sizes=\"(max-width: 1024px) 100vw, 1024px\" \/><\/figure>\n","protected":false},"excerpt":{"rendered":"<p>Se cambiar\u00e1n m\u00e1s de 59 luminarias en el Dr. Miguel Silva Otras colonias de la&#8230;<\/p>\n","protected":false},"author":1,"featured_media":9055,"comment_status":"open","ping_status":"open","sticky":false,"template":"","format":"standard","meta":{"jetpack_post_was_ever_published":false,"_jetpack_newsletter_access":"","_jetpack_dont_email_post_to_subs":false,"_jetpack_newsletter_tier_id":0,"_jetpack_memberships_contains_paywalled_content":false,"_jetpack_memberships_contains_paid_content":false,"footnotes":"","jetpack_publicize_message":"INSTALAN LUMINARIAS CON TECNOLOG\u00cdA LED\n\n#LaPiedad #Municipios #Obras","jetpack_publicize_feature_enabled":true,"jetpack_social_post_already_shared":true,"jetpack_social_options":{"image_generator_settings":{"template":"highway","enabled":false},"version":2}},"categories":[1],"tags":[15],"class_list":["post-9054","post","type-post","status-publish","format-standard","has-post-thumbnail","hentry","category-la-piedad","tag-la-piedad"],"jetpack_publicize_connections":[],"jetpack_sharing_enabled":true,"featured_image_urls":{"full":["http:\/\/tvalaire.com\/wp-content\/uploads\/2021\/03\/1-1-5.jpeg",1280,720,false],"thumbnail":["http:\/\/tvalaire.com\/wp-content\/uploads\/2021\/03\/1-1-5-150x150.jpeg",150,150,true],"medium":["http:\/\/tvalaire.com\/wp-content\/uploads\/2021\/03\/1-1-5-300x169.jpeg",300,169,true],"medium_large":["http:\/\/tvalaire.com\/wp-content\/uploads\/2021\/03\/1-1-5-768x432.jpeg",640,360,true],"large":["http:\/\/tvalaire.com\/wp-content\/uploads\/2021\/03\/1-1-5-1024x576.jpeg",640,360,true],"post-slider-thumb-size":["http:\/\/tvalaire.com\/wp-content\/uploads\/2021\/03\/1-1-5-330x190.jpeg",330,190,true],"post-category-slider-size":["http:\/\/tvalaire.com\/wp-content\/uploads\/2021\/03\/1-1-5.jpeg",330,186,false],"1536x1536":["http:\/\/tvalaire.com\/wp-content\/uploads\/2021\/03\/1-1-5.jpeg",1280,720,false],"2048x2048":["http:\/\/tvalaire.com\/wp-content\/uploads\/2021\/03\/1-1-5.jpeg",1280,720,false],"newsium-slider-full":["http:\/\/tvalaire.com\/wp-content\/uploads\/2021\/03\/1-1-5.jpeg",1280,720,false],"newsium-featured":["http:\/\/tvalaire.com\/wp-content\/uploads\/2021\/03\/1-1-5-1024x576.jpeg",1024,576,true],"newsium-medium":["http:\/\/tvalaire.com\/wp-content\/uploads\/2021\/03\/1-1-5-720x475.jpeg",720,475,true]},"author_info":{"info":["tvalairenoti"]},"category_info":"<a href=\"http:\/\/tvalaire.com\/?cat=1\" rel=\"category\">La Piedad<\/a>","tag_info":"La Piedad","comment_count":"0","jetpack_featured_media_url":"http:\/\/tvalaire.com\/wp-content\/uploads\/2021\/03\/1-1-5.jpeg","_links":{"self":[{"href":"http:\/\/tvalaire.com\/index.php?rest_route=\/wp\/v2\/posts\/9054"}],"collection":[{"href":"http:\/\/tvalaire.com\/index.php?rest_route=\/wp\/v2\/posts"}],"about":[{"href":"http:\/\/tvalaire.com\/index.php?rest_route=\/wp\/v2\/types\/post"}],"author":[{"embeddable":true,"href":"http:\/\/tvalaire.com\/index.php?rest_route=\/wp\/v2\/users\/1"}],"replies":[{"embeddable":true,"href":"http:\/\/tvalaire.com\/index.php?rest_route=%2Fwp%2Fv2%2Fcomments&post=9054"}],"version-history":[{"count":1,"href":"http:\/\/tvalaire.com\/index.php?rest_route=\/wp\/v2\/posts\/9054\/revisions"}],"predecessor-version":[{"id":9058,"href":"http:\/\/tvalaire.com\/index.php?rest_route=\/wp\/v2\/posts\/9054\/revisions\/9058"}],"wp:featuredmedia":[{"embeddable":true,"href":"http:\/\/tvalaire.com\/index.php?rest_route=\/wp\/v2\/media\/9055"}],"wp:attachment":[{"href":"http:\/\/tvalaire.com\/index.php?rest_route=%2Fwp%2Fv2%2Fmedia&parent=9054"}],"wp:term":[{"taxonomy":"category","embeddable":true,"href":"http:\/\/tvalaire.com\/index.php?rest_route=%2Fwp%2Fv2%2Fcategories&post=9054"},{"taxonomy":"post_tag","embeddable":true,"href":"http:\/\/tvalaire.com\/index.php?rest_route=%2Fwp%2Fv2%2Ftags&post=9054"}],"curies":[{"name":"wp","href":"https:\/\/api.w.org\/{rel}","templated":true}]}}