{"id":9047,"date":"2021-02-22T13:07:00","date_gmt":"2021-02-22T19:07:00","guid":{"rendered":"http:\/\/tvalaire.com\/?p=9047"},"modified":"2021-03-02T13:09:15","modified_gmt":"2021-03-02T19:09:15","slug":"con-estrictos-controles-sanitarios-comenzo-el-pago-de-becas-municipales","status":"publish","type":"post","link":"http:\/\/tvalaire.com\/?p=9047","title":{"rendered":"CON ESTRICTOS CONTROLES SANITARIOS COMENZ\u00d3 EL PAGO DE BECAS MUNICIPALES"},"content":{"rendered":"\n<p><\/p>\n\n\n\n<ul class=\"wp-block-list\"><li><strong>Los primeros son los alumnos de las primarias<\/strong><\/li><li><strong>Reciben el equivalente al \u00faltimo bimestre del 2020<\/strong><\/li><\/ul>\n\n\n\n<p>Nuestro presidente municipal Alex Espinoza, encabez\u00f3 esta ma\u00f1ana el inicio del pago de los meses de noviembre-diciembre del 2020 del programa de becas municipales.<\/p>\n\n\n\n<p>Durante el evento nuestro Alcalde fue testigo de c\u00f3mo, los menores, de forma ordenada atendieron el llamado y acudi\u00f3 en el horario establecido para recibir su est\u00edmulo econ\u00f3mico a la educaci\u00f3n.<\/p>\n\n\n\n<p>El procedimiento de pago se lleva a cabo en la unidad deportiva \u201cLic. Humberto Romero P\u00e9rez\u201d, en la que personal de la Direcci\u00f3n de Educaci\u00f3n, puso en marcha una log\u00edstica adecuada en atenci\u00f3n a las medidas sanitarias, para evitar contagios de COVID-19.<\/p>\n\n\n\n<p>Para ello, se estableci\u00f3 s\u00f3lo un ingreso por la puerta principal y los estudiantes caminaron hac\u00eda el auditorio de la Unidad Deportiva acompa\u00f1ados por uno de los padres de familia quien los esper\u00f3 en el ingreso para que ellos acudieran a una de las cinco mesas de pago instaladas en su interior, para ir a firmar y recibir en sobre, el equivalente al \u00faltimo bimestre del 2020.<\/p>\n\n\n\n<p>La salida est\u00e1 proyectada por la puerta cercana al auditorio, de tal forma que no hubo contacto de frente con los dem\u00e1s asistentes.<\/p>\n\n\n\n<p>Cabe destacar que el proceso de pago inicia con la entrega de becas a los ni\u00f1os de primaria, que son la mayor\u00eda de los beneficiados; le seguir\u00e1n los de secundaria y concluir\u00e1n con preparatoria y universidad.<\/p>\n\n\n\n<p>Las fechas establecidas para el cobro de este apoyo econ\u00f3mico son desde hoy y hasta el 5 de marzo.<\/p>\n\n\n\n<p>En el lugar, nuestro Alcalde volvi\u00f3 a hacer un llamado a los padres de familia y a los estudiantes que est\u00e1n inscritos, para que asistan el d\u00eda y la hora se\u00f1alada con el fin de evitar aglomeraciones en el lugar y evitar ponerse en riesgo.<\/p>\n\n\n\n<p>La lista de los beneficiados de este programa que es de m\u00e1s de 4 mil estudiantes se encuentra publicada en los portales de Presidencia Municipal, pero puede ser consultada en la p\u00e1gina oficial y redes sociales del Gobierno.<\/p>\n\n\n\n<figure class=\"wp-block-image size-large\"><img loading=\"lazy\" decoding=\"async\" width=\"1024\" height=\"576\" src=\"http:\/\/tvalaire.com\/wp-content\/uploads\/2021\/03\/1-2-5-1024x576.jpeg\" alt=\"\" class=\"wp-image-9049\" srcset=\"http:\/\/tvalaire.com\/wp-content\/uploads\/2021\/03\/1-2-5-1024x576.jpeg 1024w, http:\/\/tvalaire.com\/wp-content\/uploads\/2021\/03\/1-2-5-300x169.jpeg 300w, http:\/\/tvalaire.com\/wp-content\/uploads\/2021\/03\/1-2-5-768x432.jpeg 768w, http:\/\/tvalaire.com\/wp-content\/uploads\/2021\/03\/1-2-5.jpeg 1280w\" sizes=\"(max-width: 1024px) 100vw, 1024px\" \/><\/figure>\n","protected":false},"excerpt":{"rendered":"<p>Los primeros son los alumnos de las primarias Reciben el equivalente al \u00faltimo bimestre del&#8230;<\/p>\n","protected":false},"author":1,"featured_media":9048,"comment_status":"open","ping_status":"open","sticky":false,"template":"","format":"standard","meta":{"jetpack_post_was_ever_published":false,"_jetpack_newsletter_access":"","_jetpack_dont_email_post_to_subs":false,"_jetpack_newsletter_tier_id":0,"_jetpack_memberships_contains_paywalled_content":false,"_jetpack_memberships_contains_paid_content":false,"footnotes":"","jetpack_publicize_message":"CON ESTRICTOS CONTROLES SANITARIOS COMENZ\u00d3 EL PAGO DE BECAS MUNICIPALES\n\n#LaPiedad #Municipios #Becas","jetpack_publicize_feature_enabled":true,"jetpack_social_post_already_shared":true,"jetpack_social_options":{"image_generator_settings":{"template":"highway","enabled":false},"version":2}},"categories":[1],"tags":[15],"class_list":["post-9047","post","type-post","status-publish","format-standard","has-post-thumbnail","hentry","category-la-piedad","tag-la-piedad"],"jetpack_publicize_connections":[],"jetpack_sharing_enabled":true,"featured_image_urls":{"full":["http:\/\/tvalaire.com\/wp-content\/uploads\/2021\/03\/1-4-3.jpeg",1280,720,false],"thumbnail":["http:\/\/tvalaire.com\/wp-content\/uploads\/2021\/03\/1-4-3-150x150.jpeg",150,150,true],"medium":["http:\/\/tvalaire.com\/wp-content\/uploads\/2021\/03\/1-4-3-300x169.jpeg",300,169,true],"medium_large":["http:\/\/tvalaire.com\/wp-content\/uploads\/2021\/03\/1-4-3-768x432.jpeg",640,360,true],"large":["http:\/\/tvalaire.com\/wp-content\/uploads\/2021\/03\/1-4-3-1024x576.jpeg",640,360,true],"post-slider-thumb-size":["http:\/\/tvalaire.com\/wp-content\/uploads\/2021\/03\/1-4-3-330x190.jpeg",330,190,true],"post-category-slider-size":["http:\/\/tvalaire.com\/wp-content\/uploads\/2021\/03\/1-4-3.jpeg",330,186,false],"1536x1536":["http:\/\/tvalaire.com\/wp-content\/uploads\/2021\/03\/1-4-3.jpeg",1280,720,false],"2048x2048":["http:\/\/tvalaire.com\/wp-content\/uploads\/2021\/03\/1-4-3.jpeg",1280,720,false],"newsium-slider-full":["http:\/\/tvalaire.com\/wp-content\/uploads\/2021\/03\/1-4-3.jpeg",1280,720,false],"newsium-featured":["http:\/\/tvalaire.com\/wp-content\/uploads\/2021\/03\/1-4-3-1024x576.jpeg",1024,576,true],"newsium-medium":["http:\/\/tvalaire.com\/wp-content\/uploads\/2021\/03\/1-4-3-720x475.jpeg",720,475,true]},"author_info":{"info":["tvalairenoti"]},"category_info":"<a href=\"http:\/\/tvalaire.com\/?cat=1\" rel=\"category\">La Piedad<\/a>","tag_info":"La Piedad","comment_count":"0","jetpack_featured_media_url":"http:\/\/tvalaire.com\/wp-content\/uploads\/2021\/03\/1-4-3.jpeg","_links":{"self":[{"href":"http:\/\/tvalaire.com\/index.php?rest_route=\/wp\/v2\/posts\/9047"}],"collection":[{"href":"http:\/\/tvalaire.com\/index.php?rest_route=\/wp\/v2\/posts"}],"about":[{"href":"http:\/\/tvalaire.com\/index.php?rest_route=\/wp\/v2\/types\/post"}],"author":[{"embeddable":true,"href":"http:\/\/tvalaire.com\/index.php?rest_route=\/wp\/v2\/users\/1"}],"replies":[{"embeddable":true,"href":"http:\/\/tvalaire.com\/index.php?rest_route=%2Fwp%2Fv2%2Fcomments&post=9047"}],"version-history":[{"count":1,"href":"http:\/\/tvalaire.com\/index.php?rest_route=\/wp\/v2\/posts\/9047\/revisions"}],"predecessor-version":[{"id":9050,"href":"http:\/\/tvalaire.com\/index.php?rest_route=\/wp\/v2\/posts\/9047\/revisions\/9050"}],"wp:featuredmedia":[{"embeddable":true,"href":"http:\/\/tvalaire.com\/index.php?rest_route=\/wp\/v2\/media\/9048"}],"wp:attachment":[{"href":"http:\/\/tvalaire.com\/index.php?rest_route=%2Fwp%2Fv2%2Fmedia&parent=9047"}],"wp:term":[{"taxonomy":"category","embeddable":true,"href":"http:\/\/tvalaire.com\/index.php?rest_route=%2Fwp%2Fv2%2Fcategories&post=9047"},{"taxonomy":"post_tag","embeddable":true,"href":"http:\/\/tvalaire.com\/index.php?rest_route=%2Fwp%2Fv2%2Ftags&post=9047"}],"curies":[{"name":"wp","href":"https:\/\/api.w.org\/{rel}","templated":true}]}}