{"id":9043,"date":"2021-02-22T13:03:00","date_gmt":"2021-02-22T19:03:00","guid":{"rendered":"http:\/\/tvalaire.com\/?p=9043"},"modified":"2021-03-02T13:05:34","modified_gmt":"2021-03-02T19:05:34","slug":"inician-trabajos-de-mejoramiento-vial-en-calle-los-olivos","status":"publish","type":"post","link":"http:\/\/tvalaire.com\/?p=9043","title":{"rendered":"INICIAN TRABAJOS DE MEJORAMIENTO VIAL EN CALLE LOS OLIVOS"},"content":{"rendered":"\n<p><\/p>\n\n\n\n<ul class=\"wp-block-list\"><li><strong>Ser\u00e1n m\u00e1s de 661 metros cuadrados con pavimento hidr\u00e1ulico<\/strong><\/li><li><strong>En pr\u00f3ximos d\u00edas se iniciar\u00e1n m\u00e1s labores de rehabilitaci\u00f3n vial<\/strong><\/li><\/ul>\n\n\n\n<p>Con recurso del programa Fondo III por m\u00e1s de 900 mil pesos, autoridades del Gobierno Municipal encabezadas por nuestro presidente Alex Espinoza, dieron el banderazo para iniciar las labores de mejoramiento vial en la calle Los Olivos de la colonia Las Palmas.<\/p>\n\n\n\n<p>El Alcalde destac\u00f3 que con la mejora de esta calle se crear\u00e1 una mejor movilidad y facilitar\u00e1 la circulaci\u00f3n ya que esta vialidad por su importancia para conectar con diferentes instituciones de educaci\u00f3n primaria y secundaria, as\u00ed como del Sector Salud era necesaria su rehabilitaci\u00f3n.&nbsp;<\/p>\n\n\n\n<p>Al mismo tiempo el Presidente destac\u00f3 que como esta, ya se han iniciado otras acciones de mejoramiento en varios puntos de la ciudad como en la calle Durango y Yucat\u00e1n a fin de crear mejores condiciones en la infraestructura urbana del municipio y en beneficio de la poblaci\u00f3n en general.<\/p>\n\n\n\n<p>Dijo que a partir de este momento se espera que los m\u00e1s de 661 metros cuadrados que se tienen contemplados para rehabilitar en concreto hidr\u00e1ulico, as\u00ed como la instalaci\u00f3n de los servicios de agua, drenaje, banquetas, se\u00f1al\u00e9ticas y otras acciones queden listas en m\u00e1ximo tres meses.<\/p>\n\n\n\n<p>En este mismo sentido de dignificaci\u00f3n de vialidades, dijo que en pr\u00f3ximos d\u00edas se iniciar\u00e1n tambi\u00e9n los trabajos de rehabilitaci\u00f3n en la calle San Jos\u00e9 de la colonia Santa Fe y la calle Naranja en Ejido Los Moreno.<\/p>\n\n\n\n<p>Ah\u00ed el se\u00f1or Miguel Melgoza, en representaci\u00f3n de los vecinos, agradeci\u00f3 a las autoridades municipales a quien dijo que despu\u00e9s de varios a\u00f1os de espera, hoy ser\u00e1 una realidad la rehabilitaci\u00f3n de la vialidad la cual se\u00f1al\u00f3 mejorar\u00e1 su calidad de vida.<\/p>\n\n\n\n<figure class=\"wp-block-image size-large\"><img loading=\"lazy\" decoding=\"async\" width=\"1024\" height=\"682\" src=\"http:\/\/tvalaire.com\/wp-content\/uploads\/2021\/03\/1-1-3-1024x682.jpeg\" alt=\"\" class=\"wp-image-9045\" srcset=\"http:\/\/tvalaire.com\/wp-content\/uploads\/2021\/03\/1-1-3-1024x682.jpeg 1024w, http:\/\/tvalaire.com\/wp-content\/uploads\/2021\/03\/1-1-3-300x200.jpeg 300w, http:\/\/tvalaire.com\/wp-content\/uploads\/2021\/03\/1-1-3-768x512.jpeg 768w, http:\/\/tvalaire.com\/wp-content\/uploads\/2021\/03\/1-1-3.jpeg 1280w\" sizes=\"(max-width: 1024px) 100vw, 1024px\" \/><\/figure>\n","protected":false},"excerpt":{"rendered":"<p>Ser\u00e1n m\u00e1s de 661 metros cuadrados con pavimento hidr\u00e1ulico En pr\u00f3ximos d\u00edas se iniciar\u00e1n m\u00e1s&#8230;<\/p>\n","protected":false},"author":1,"featured_media":9044,"comment_status":"open","ping_status":"open","sticky":false,"template":"","format":"standard","meta":{"jetpack_post_was_ever_published":false,"_jetpack_newsletter_access":"","_jetpack_dont_email_post_to_subs":false,"_jetpack_newsletter_tier_id":0,"_jetpack_memberships_contains_paywalled_content":false,"_jetpack_memberships_contains_paid_content":false,"footnotes":"","jetpack_publicize_message":"INICIAN TRABAJOS DE MEJORAMIENTO VIAL EN CALLE LOS OLIVOS\n\n#Municipios #LaPiedad #Obras","jetpack_publicize_feature_enabled":true,"jetpack_social_post_already_shared":true,"jetpack_social_options":{"image_generator_settings":{"template":"highway","enabled":false},"version":2}},"categories":[1],"tags":[15],"class_list":["post-9043","post","type-post","status-publish","format-standard","has-post-thumbnail","hentry","category-la-piedad","tag-la-piedad"],"jetpack_publicize_connections":[],"jetpack_sharing_enabled":true,"featured_image_urls":{"full":["http:\/\/tvalaire.com\/wp-content\/uploads\/2021\/03\/1-3-1.jpeg",1280,853,false],"thumbnail":["http:\/\/tvalaire.com\/wp-content\/uploads\/2021\/03\/1-3-1-150x150.jpeg",150,150,true],"medium":["http:\/\/tvalaire.com\/wp-content\/uploads\/2021\/03\/1-3-1-300x200.jpeg",300,200,true],"medium_large":["http:\/\/tvalaire.com\/wp-content\/uploads\/2021\/03\/1-3-1-768x512.jpeg",640,427,true],"large":["http:\/\/tvalaire.com\/wp-content\/uploads\/2021\/03\/1-3-1-1024x682.jpeg",640,426,true],"post-slider-thumb-size":["http:\/\/tvalaire.com\/wp-content\/uploads\/2021\/03\/1-3-1-330x190.jpeg",330,190,true],"post-category-slider-size":["http:\/\/tvalaire.com\/wp-content\/uploads\/2021\/03\/1-3-1.jpeg",330,220,false],"1536x1536":["http:\/\/tvalaire.com\/wp-content\/uploads\/2021\/03\/1-3-1.jpeg",1280,853,false],"2048x2048":["http:\/\/tvalaire.com\/wp-content\/uploads\/2021\/03\/1-3-1.jpeg",1280,853,false],"newsium-slider-full":["http:\/\/tvalaire.com\/wp-content\/uploads\/2021\/03\/1-3-1-1280x845.jpeg",1280,845,true],"newsium-featured":["http:\/\/tvalaire.com\/wp-content\/uploads\/2021\/03\/1-3-1-1024x682.jpeg",1024,682,true],"newsium-medium":["http:\/\/tvalaire.com\/wp-content\/uploads\/2021\/03\/1-3-1-720x475.jpeg",720,475,true]},"author_info":{"info":["tvalairenoti"]},"category_info":"<a href=\"http:\/\/tvalaire.com\/?cat=1\" rel=\"category\">La Piedad<\/a>","tag_info":"La Piedad","comment_count":"0","jetpack_featured_media_url":"http:\/\/tvalaire.com\/wp-content\/uploads\/2021\/03\/1-3-1.jpeg","_links":{"self":[{"href":"http:\/\/tvalaire.com\/index.php?rest_route=\/wp\/v2\/posts\/9043"}],"collection":[{"href":"http:\/\/tvalaire.com\/index.php?rest_route=\/wp\/v2\/posts"}],"about":[{"href":"http:\/\/tvalaire.com\/index.php?rest_route=\/wp\/v2\/types\/post"}],"author":[{"embeddable":true,"href":"http:\/\/tvalaire.com\/index.php?rest_route=\/wp\/v2\/users\/1"}],"replies":[{"embeddable":true,"href":"http:\/\/tvalaire.com\/index.php?rest_route=%2Fwp%2Fv2%2Fcomments&post=9043"}],"version-history":[{"count":1,"href":"http:\/\/tvalaire.com\/index.php?rest_route=\/wp\/v2\/posts\/9043\/revisions"}],"predecessor-version":[{"id":9046,"href":"http:\/\/tvalaire.com\/index.php?rest_route=\/wp\/v2\/posts\/9043\/revisions\/9046"}],"wp:featuredmedia":[{"embeddable":true,"href":"http:\/\/tvalaire.com\/index.php?rest_route=\/wp\/v2\/media\/9044"}],"wp:attachment":[{"href":"http:\/\/tvalaire.com\/index.php?rest_route=%2Fwp%2Fv2%2Fmedia&parent=9043"}],"wp:term":[{"taxonomy":"category","embeddable":true,"href":"http:\/\/tvalaire.com\/index.php?rest_route=%2Fwp%2Fv2%2Fcategories&post=9043"},{"taxonomy":"post_tag","embeddable":true,"href":"http:\/\/tvalaire.com\/index.php?rest_route=%2Fwp%2Fv2%2Ftags&post=9043"}],"curies":[{"name":"wp","href":"https:\/\/api.w.org\/{rel}","templated":true}]}}