{"id":9034,"date":"2021-02-18T12:59:00","date_gmt":"2021-02-18T18:59:00","guid":{"rendered":"http:\/\/tvalaire.com\/?p=9034"},"modified":"2021-03-02T13:00:33","modified_gmt":"2021-03-02T19:00:33","slug":"iniciaran-trabajos-de-mejoramiento-en-el-principal-bulevar-de-la-piedad","status":"publish","type":"post","link":"http:\/\/tvalaire.com\/?p=9034","title":{"rendered":"INICIAR\u00c1N TRABAJOS DE MEJORAMIENTO EN EL PRINCIPAL BULEVAR DE LA PIEDAD"},"content":{"rendered":"\n<p><\/p>\n\n\n\n<ul class=\"wp-block-list\"><li><strong>Anuncia Gobernador Aureoles Conejo obras por m\u00e1s de 120 MDP<\/strong><\/li><li><strong>Se construir\u00e1 un nuevo Centro de Salud en la zona centro de la ciudad<\/strong><\/li><\/ul>\n\n\n\n<p>Despu\u00e9s de las gestiones hechas por nuestro alcalde Alex Espinoza, ante el Gobierno Estatal, hoy el gobernador Silvano Aureoles Conejo, en visita a nuestro municipio dio a conocer que los trabajos para mejorar un tramo del bulevar \u201cL\u00e1zaro C\u00e1rdenas\u201d, ser\u00e1n una realidad.<\/p>\n\n\n\n<p>El Mandatario dijo que en una primera etapa ser\u00e1 en el mes de marzo cuando se inicien las labores de rehabilitaci\u00f3n de esta importante vialidad en la ciudad, en la cual se tiene previsto, destinar 80 millones de pesos, para la mejora en concreto hidr\u00e1ulico de esta avenida.<\/p>\n\n\n\n<p>Desatac\u00f3 que la construcci\u00f3n tendr\u00e1 todas las especificaciones modernas, con espacios adecuados que privilegiar\u00e1n la movilidad de los ciudadanos. Se\u00f1al\u00f3 que la rehabilitaci\u00f3n en esta etapa se llevar\u00e1 a cabo desde la calle Heroico Colegio Militar hasta la calle Robles.<\/p>\n\n\n\n<p>Al mismo tiempo reconoci\u00f3 el trabajo de gesti\u00f3n de nuestro Alcalde para que hoy, esta promesa sea una realidad, con lo que destac\u00f3 que una de las solicitudes m\u00e1s recurrentes de la ciudadan\u00eda, hoy en d\u00eda se estar\u00e1 dando cumplimiento a los compromisos.<\/p>\n\n\n\n<p>Aunado a estas acciones dio a conocer tambi\u00e9n otra obra de gran importancia que coment\u00f3 se estar\u00e1 realizando en el municipio, la cual tambi\u00e9n gracias a las gestiones hechas por nuestro alcalde Alex Espinoza, se ver\u00e1 cristalizada la construcci\u00f3n de un nuevo Centro de Salud.<\/p>\n\n\n\n<p>En el nuevo lugar que se ubicar\u00e1 en la zona centro de la ciudad, se destinar\u00e1n 40 millones de pesos, para su construcci\u00f3n, modernizaci\u00f3n y equipamiento el cual se pretende est\u00e9 listo en aproximadamente cinco meses, a fin de favorecer la salud de los piedadenses que as\u00ed lo necesiten.<\/p>\n","protected":false},"excerpt":{"rendered":"<p>Anuncia Gobernador Aureoles Conejo obras por m\u00e1s de 120 MDP Se construir\u00e1 un nuevo Centro&#8230;<\/p>\n","protected":false},"author":1,"featured_media":9035,"comment_status":"open","ping_status":"open","sticky":false,"template":"","format":"standard","meta":{"jetpack_post_was_ever_published":false,"_jetpack_newsletter_access":"","_jetpack_dont_email_post_to_subs":false,"_jetpack_newsletter_tier_id":0,"_jetpack_memberships_contains_paywalled_content":false,"_jetpack_memberships_contains_paid_content":false,"footnotes":"","jetpack_publicize_message":"","jetpack_publicize_feature_enabled":true,"jetpack_social_post_already_shared":true,"jetpack_social_options":{"image_generator_settings":{"template":"highway","enabled":false},"version":2}},"categories":[1],"tags":[15],"class_list":["post-9034","post","type-post","status-publish","format-standard","has-post-thumbnail","hentry","category-la-piedad","tag-la-piedad"],"jetpack_publicize_connections":[],"jetpack_sharing_enabled":true,"featured_image_urls":{"full":["http:\/\/tvalaire.com\/wp-content\/uploads\/2021\/03\/1-1-2.jpeg",1280,720,false],"thumbnail":["http:\/\/tvalaire.com\/wp-content\/uploads\/2021\/03\/1-1-2-150x150.jpeg",150,150,true],"medium":["http:\/\/tvalaire.com\/wp-content\/uploads\/2021\/03\/1-1-2-300x169.jpeg",300,169,true],"medium_large":["http:\/\/tvalaire.com\/wp-content\/uploads\/2021\/03\/1-1-2-768x432.jpeg",640,360,true],"large":["http:\/\/tvalaire.com\/wp-content\/uploads\/2021\/03\/1-1-2-1024x576.jpeg",640,360,true],"post-slider-thumb-size":["http:\/\/tvalaire.com\/wp-content\/uploads\/2021\/03\/1-1-2-330x190.jpeg",330,190,true],"post-category-slider-size":["http:\/\/tvalaire.com\/wp-content\/uploads\/2021\/03\/1-1-2.jpeg",330,186,false],"1536x1536":["http:\/\/tvalaire.com\/wp-content\/uploads\/2021\/03\/1-1-2.jpeg",1280,720,false],"2048x2048":["http:\/\/tvalaire.com\/wp-content\/uploads\/2021\/03\/1-1-2.jpeg",1280,720,false],"newsium-slider-full":["http:\/\/tvalaire.com\/wp-content\/uploads\/2021\/03\/1-1-2.jpeg",1280,720,false],"newsium-featured":["http:\/\/tvalaire.com\/wp-content\/uploads\/2021\/03\/1-1-2-1024x576.jpeg",1024,576,true],"newsium-medium":["http:\/\/tvalaire.com\/wp-content\/uploads\/2021\/03\/1-1-2-720x475.jpeg",720,475,true]},"author_info":{"info":["tvalairenoti"]},"category_info":"<a href=\"http:\/\/tvalaire.com\/?cat=1\" rel=\"category\">La Piedad<\/a>","tag_info":"La Piedad","comment_count":"0","jetpack_featured_media_url":"http:\/\/tvalaire.com\/wp-content\/uploads\/2021\/03\/1-1-2.jpeg","_links":{"self":[{"href":"http:\/\/tvalaire.com\/index.php?rest_route=\/wp\/v2\/posts\/9034"}],"collection":[{"href":"http:\/\/tvalaire.com\/index.php?rest_route=\/wp\/v2\/posts"}],"about":[{"href":"http:\/\/tvalaire.com\/index.php?rest_route=\/wp\/v2\/types\/post"}],"author":[{"embeddable":true,"href":"http:\/\/tvalaire.com\/index.php?rest_route=\/wp\/v2\/users\/1"}],"replies":[{"embeddable":true,"href":"http:\/\/tvalaire.com\/index.php?rest_route=%2Fwp%2Fv2%2Fcomments&post=9034"}],"version-history":[{"count":1,"href":"http:\/\/tvalaire.com\/index.php?rest_route=\/wp\/v2\/posts\/9034\/revisions"}],"predecessor-version":[{"id":9036,"href":"http:\/\/tvalaire.com\/index.php?rest_route=\/wp\/v2\/posts\/9034\/revisions\/9036"}],"wp:featuredmedia":[{"embeddable":true,"href":"http:\/\/tvalaire.com\/index.php?rest_route=\/wp\/v2\/media\/9035"}],"wp:attachment":[{"href":"http:\/\/tvalaire.com\/index.php?rest_route=%2Fwp%2Fv2%2Fmedia&parent=9034"}],"wp:term":[{"taxonomy":"category","embeddable":true,"href":"http:\/\/tvalaire.com\/index.php?rest_route=%2Fwp%2Fv2%2Fcategories&post=9034"},{"taxonomy":"post_tag","embeddable":true,"href":"http:\/\/tvalaire.com\/index.php?rest_route=%2Fwp%2Fv2%2Ftags&post=9034"}],"curies":[{"name":"wp","href":"https:\/\/api.w.org\/{rel}","templated":true}]}}