{"id":9018,"date":"2021-02-17T12:53:00","date_gmt":"2021-02-17T18:53:00","guid":{"rendered":"http:\/\/tvalaire.com\/?p=9018"},"modified":"2021-03-02T12:53:58","modified_gmt":"2021-03-02T18:53:58","slug":"alcalde-inaugura-e-inicia-mas-obras-de-vialidad","status":"publish","type":"post","link":"http:\/\/tvalaire.com\/?p=9018","title":{"rendered":"ALCALDE INAUGURA E INICIA M\u00c1S OBRAS DE VIALIDAD"},"content":{"rendered":"\n<p><\/p>\n\n\n\n<ul class=\"wp-block-list\"><li><strong>Las mejoras se hacen en el Infonavit \u201cDr. Miguel Silva\u201d<\/strong><\/li><li><strong>Seha beneficiado a la colonia tambi\u00e9n con \u201cPinta tu fachada\u201d<\/strong><\/li><\/ul>\n\n\n\n<p>Con obras de mejoramiento de infraestructura y embellecimiento general, el Gobierno Municipal da cumplimiento a la demanda social de los habitantes del Infonavit \u201cDr. Miguel Silva\u201d, en donde en lo que va de la Administraci\u00f3n se puso en marcha el programa \u201cPinta tu fachada\u201d beneficiando a 150 viviendas; anoche se inaugur\u00f3 la calle San Luis Potos\u00ed y hoy inici\u00f3 el adoquinamiento de la calle Durango.<\/p>\n\n\n\n<p>La inauguraci\u00f3n de la calle San Luis Potos\u00ed, se llev\u00f3 a cabo este martes por la noche en donde nuestro alcalde Alex Espinoza,entreg\u00f3 la obra que se hizo a base de concreto hidr\u00e1ulico, en la que a su vez se realiz\u00f3 el cambio en las l\u00edneas de agua potable y drenaje sanitario con acometidas domiciliarias en el tramo del puente a la Sinaloa.<\/p>\n\n\n\n<p>La obra se llev\u00f3 a cabo por medio del programa de Fondo de Aportaciones Estatales para la Infraestructura de los Servicios P\u00fablicos Municipales (FAEISPUM), con una inversi\u00f3n de un mill\u00f3n 237 mil 759 pesos. La meta que se cumpli\u00f3 fue de 622.20 metros cuadrados de pavimento banquetas, luminarias Led y balizamiento.<\/p>\n\n\n\n<p>Esta ma\u00f1ana, nuestro Alcalde acudi\u00f3 de nueva cuenta a la colonia para dar el arranque oficial de los trabajos de adoquinamiento sobre la calle Durango en el tramo de Colima a prolongaci\u00f3n Heriberto Jara.<\/p>\n\n\n\n<p>La obra se realiza a trav\u00e9s del programa federal Fondo III. Aqu\u00ed, la meta a cumplir es de 828.70 metros cuadrados en la colocaci\u00f3n de adoqu\u00edn. El monto total de la obra ser\u00e1 de 650 mil pesos.<\/p>\n\n\n\n<p>El periodo de ejecuci\u00f3n se tiene previsto por espacio de dos meses, durante los cuales se llevar\u00e1n a cabo acciones de trazo y nivelaci\u00f3n, mejoramiento de terracer\u00edas, construcci\u00f3n de guardalosas y colocaci\u00f3n de adoqu\u00edn vehicular cuadrado de 8 cent\u00edmetros de espesor.<\/p>\n\n\n\n<p>La obra incluye el suministro y colocaci\u00f3n de letreros a base de l\u00e1mina y la colocaci\u00f3n de dos luminarias en la vialidad, lo cual brindar\u00e1 mayor seguridad a los habitantes.<\/p>\n\n\n\n<p>Cabe destacar que esta colonia, el a\u00f1o pasado fue favorecida con el programa \u201cPinta tu fachada\u201d, con el que se beneficiario 150 viviendas en las que se pintaron 9 mil metros cuadrados.<\/p>\n\n\n\n<figure class=\"wp-block-image size-large\"><img loading=\"lazy\" decoding=\"async\" width=\"1024\" height=\"576\" src=\"http:\/\/tvalaire.com\/wp-content\/uploads\/2021\/03\/01-4-1024x576.jpeg\" alt=\"\" class=\"wp-image-9020\" srcset=\"http:\/\/tvalaire.com\/wp-content\/uploads\/2021\/03\/01-4-1024x576.jpeg 1024w, http:\/\/tvalaire.com\/wp-content\/uploads\/2021\/03\/01-4-300x169.jpeg 300w, http:\/\/tvalaire.com\/wp-content\/uploads\/2021\/03\/01-4-768x432.jpeg 768w, http:\/\/tvalaire.com\/wp-content\/uploads\/2021\/03\/01-4.jpeg 1280w\" sizes=\"(max-width: 1024px) 100vw, 1024px\" \/><\/figure>\n","protected":false},"excerpt":{"rendered":"<p>Las mejoras se hacen en el Infonavit \u201cDr. Miguel Silva\u201d Seha beneficiado a la colonia&#8230;<\/p>\n","protected":false},"author":1,"featured_media":9019,"comment_status":"open","ping_status":"open","sticky":false,"template":"","format":"standard","meta":{"jetpack_post_was_ever_published":false,"_jetpack_newsletter_access":"","_jetpack_dont_email_post_to_subs":false,"_jetpack_newsletter_tier_id":0,"_jetpack_memberships_contains_paywalled_content":false,"_jetpack_memberships_contains_paid_content":false,"footnotes":"","jetpack_publicize_message":"","jetpack_publicize_feature_enabled":true,"jetpack_social_post_already_shared":true,"jetpack_social_options":{"image_generator_settings":{"template":"highway","enabled":false},"version":2}},"categories":[1],"tags":[15],"class_list":["post-9018","post","type-post","status-publish","format-standard","has-post-thumbnail","hentry","category-la-piedad","tag-la-piedad"],"jetpack_publicize_connections":[],"jetpack_sharing_enabled":true,"featured_image_urls":{"full":["http:\/\/tvalaire.com\/wp-content\/uploads\/2021\/03\/01-2.jpeg",1280,853,false],"thumbnail":["http:\/\/tvalaire.com\/wp-content\/uploads\/2021\/03\/01-2-150x150.jpeg",150,150,true],"medium":["http:\/\/tvalaire.com\/wp-content\/uploads\/2021\/03\/01-2-300x200.jpeg",300,200,true],"medium_large":["http:\/\/tvalaire.com\/wp-content\/uploads\/2021\/03\/01-2-768x512.jpeg",640,427,true],"large":["http:\/\/tvalaire.com\/wp-content\/uploads\/2021\/03\/01-2-1024x682.jpeg",640,426,true],"post-slider-thumb-size":["http:\/\/tvalaire.com\/wp-content\/uploads\/2021\/03\/01-2-330x190.jpeg",330,190,true],"post-category-slider-size":["http:\/\/tvalaire.com\/wp-content\/uploads\/2021\/03\/01-2.jpeg",330,220,false],"1536x1536":["http:\/\/tvalaire.com\/wp-content\/uploads\/2021\/03\/01-2.jpeg",1280,853,false],"2048x2048":["http:\/\/tvalaire.com\/wp-content\/uploads\/2021\/03\/01-2.jpeg",1280,853,false],"newsium-slider-full":["http:\/\/tvalaire.com\/wp-content\/uploads\/2021\/03\/01-2-1280x845.jpeg",1280,845,true],"newsium-featured":["http:\/\/tvalaire.com\/wp-content\/uploads\/2021\/03\/01-2-1024x682.jpeg",1024,682,true],"newsium-medium":["http:\/\/tvalaire.com\/wp-content\/uploads\/2021\/03\/01-2-720x475.jpeg",720,475,true]},"author_info":{"info":["tvalairenoti"]},"category_info":"<a href=\"http:\/\/tvalaire.com\/?cat=1\" rel=\"category\">La Piedad<\/a>","tag_info":"La Piedad","comment_count":"0","jetpack_featured_media_url":"http:\/\/tvalaire.com\/wp-content\/uploads\/2021\/03\/01-2.jpeg","_links":{"self":[{"href":"http:\/\/tvalaire.com\/index.php?rest_route=\/wp\/v2\/posts\/9018"}],"collection":[{"href":"http:\/\/tvalaire.com\/index.php?rest_route=\/wp\/v2\/posts"}],"about":[{"href":"http:\/\/tvalaire.com\/index.php?rest_route=\/wp\/v2\/types\/post"}],"author":[{"embeddable":true,"href":"http:\/\/tvalaire.com\/index.php?rest_route=\/wp\/v2\/users\/1"}],"replies":[{"embeddable":true,"href":"http:\/\/tvalaire.com\/index.php?rest_route=%2Fwp%2Fv2%2Fcomments&post=9018"}],"version-history":[{"count":1,"href":"http:\/\/tvalaire.com\/index.php?rest_route=\/wp\/v2\/posts\/9018\/revisions"}],"predecessor-version":[{"id":9021,"href":"http:\/\/tvalaire.com\/index.php?rest_route=\/wp\/v2\/posts\/9018\/revisions\/9021"}],"wp:featuredmedia":[{"embeddable":true,"href":"http:\/\/tvalaire.com\/index.php?rest_route=\/wp\/v2\/media\/9019"}],"wp:attachment":[{"href":"http:\/\/tvalaire.com\/index.php?rest_route=%2Fwp%2Fv2%2Fmedia&parent=9018"}],"wp:term":[{"taxonomy":"category","embeddable":true,"href":"http:\/\/tvalaire.com\/index.php?rest_route=%2Fwp%2Fv2%2Fcategories&post=9018"},{"taxonomy":"post_tag","embeddable":true,"href":"http:\/\/tvalaire.com\/index.php?rest_route=%2Fwp%2Fv2%2Ftags&post=9018"}],"curies":[{"name":"wp","href":"https:\/\/api.w.org\/{rel}","templated":true}]}}