{"id":9009,"date":"2021-02-16T12:49:00","date_gmt":"2021-02-16T18:49:00","guid":{"rendered":"http:\/\/tvalaire.com\/?p=9009"},"modified":"2021-03-02T12:51:24","modified_gmt":"2021-03-02T18:51:24","slug":"ofrecen-capacitacion-a-comerciantes-a-traves-del-programa-vende-mas","status":"publish","type":"post","link":"http:\/\/tvalaire.com\/?p=9009","title":{"rendered":"OFRECEN CAPACITACI\u00d3N A COMERCIANTES A TRAV\u00c9S DEL PROGRAMA VENDE M\u00c1S"},"content":{"rendered":"\n<p><\/p>\n\n\n\n<ul class=\"wp-block-list\"><li><strong>Reciben consultor\u00eda y apoyo para equipamiento y remozamiento<\/strong><\/li><li><strong>Participan comerciantes del primer cuadro de la ciudad<\/strong><\/li><\/ul>\n\n\n\n<p>Un total de 20 nuevos establecimientos de comercio al por menor, fueron ingresados al programa \u201cVende M\u00e1s\u201d, que se realiza por medio de la Secretar\u00eda de Desarrollo Econ\u00f3mico (SEDECO), a trav\u00e9s de Promoci\u00f3n Econ\u00f3mica.<\/p>\n\n\n\n<p>Juan Carlos Guzm\u00e1n Ruiz, director de Promoci\u00f3n Econ\u00f3mica y Beatriz L\u00f3pez de la empresa \u201cFR Coaching\u201d, estuvieron presentes en el inicio del programa de capacitaci\u00f3n realizado en la Escuela de Artes.<\/p>\n\n\n\n<p>Entre los comerciantes beneficiados se encuentran, propietarios de cafeter\u00edas, never\u00edas, ropa y comercio al por menor del primer cuadro de la ciudad, para quienes ahora estuvo encaminado este apoyo.<\/p>\n\n\n\n<p>El director de Promoci\u00f3n Econ\u00f3mica, explic\u00f3 que el programa no tiene ning\u00fan costo para los comerciantes, a quienes \u00fanicamente se les pide participar en los cuatro procesos establecidos que inicia con la capacitaci\u00f3n que sirve para hacer un autodiagn\u00f3stico para que ellos mismos puedan identificar las \u00e1reas de oportunidad que les ayude para tener mayores ventas y una mejor administraci\u00f3n.<\/p>\n\n\n\n<p>El curso se llev\u00f3 a cabo de las 10:00 a las 14:30 horas en la Escuela de Artes y la segunda etapa, se realizar\u00e1 de martes a jueves; fechas en las que se visitar\u00e1 cada uno de los 20 negocios para realizar las asesor\u00edas directas.<\/p>\n\n\n\n<p>En marzo, se realizar\u00e1 la tercera etapa que incluye la entrega de equipo necesario para mejorar la administraci\u00f3n y aumentar las ventas, para ello el programa \u201cVende M\u00e1s\u201d otorgar\u00e1, desde anaqueles, cajas registradoras, refrigeradores, cortadores o los equipos que sean necesarios cuyos montos sean de hasta 13 mil 500 pesos a cada establecimiento comercial.<\/p>\n\n\n\n<p>La cuarta etapa, incluye el remozamiento del negocio para generar una imagen m\u00e1s fresca, actual y mediante la utilizaci\u00f3n de colores acordes a cada uno de ellos, para armonizar y mejorar las condiciones de venta.<\/p>\n\n\n\n<p>Con la capacitaci\u00f3n de este grupo, en lo que va de la administraci\u00f3n se han apoyado a 40 establecimientos a trav\u00e9s de este programa y se prev\u00e9 que, dentro de poco, puedan incluir a otros negocios m\u00e1s.<\/p>\n\n\n\n<figure class=\"wp-block-image size-large\"><img loading=\"lazy\" decoding=\"async\" width=\"1024\" height=\"682\" src=\"http:\/\/tvalaire.com\/wp-content\/uploads\/2021\/03\/1-2-2-1024x682.jpeg\" alt=\"\" class=\"wp-image-9011\" srcset=\"http:\/\/tvalaire.com\/wp-content\/uploads\/2021\/03\/1-2-2-1024x682.jpeg 1024w, http:\/\/tvalaire.com\/wp-content\/uploads\/2021\/03\/1-2-2-300x200.jpeg 300w, http:\/\/tvalaire.com\/wp-content\/uploads\/2021\/03\/1-2-2-768x512.jpeg 768w, http:\/\/tvalaire.com\/wp-content\/uploads\/2021\/03\/1-2-2.jpeg 1280w\" sizes=\"(max-width: 1024px) 100vw, 1024px\" \/><\/figure>\n","protected":false},"excerpt":{"rendered":"<p>Reciben consultor\u00eda y apoyo para equipamiento y remozamiento Participan comerciantes del primer cuadro de la&#8230;<\/p>\n","protected":false},"author":1,"featured_media":9012,"comment_status":"open","ping_status":"open","sticky":false,"template":"","format":"standard","meta":{"jetpack_post_was_ever_published":false,"_jetpack_newsletter_access":"","_jetpack_dont_email_post_to_subs":false,"_jetpack_newsletter_tier_id":0,"_jetpack_memberships_contains_paywalled_content":false,"_jetpack_memberships_contains_paid_content":false,"footnotes":"","jetpack_publicize_message":"","jetpack_publicize_feature_enabled":true,"jetpack_social_post_already_shared":true,"jetpack_social_options":{"image_generator_settings":{"template":"highway","enabled":false},"version":2}},"categories":[1],"tags":[15],"class_list":["post-9009","post","type-post","status-publish","format-standard","has-post-thumbnail","hentry","category-la-piedad","tag-la-piedad"],"jetpack_publicize_connections":[],"jetpack_sharing_enabled":true,"featured_image_urls":{"full":["http:\/\/tvalaire.com\/wp-content\/uploads\/2021\/03\/1-5-1-1.jpeg",1280,853,false],"thumbnail":["http:\/\/tvalaire.com\/wp-content\/uploads\/2021\/03\/1-5-1-1-150x150.jpeg",150,150,true],"medium":["http:\/\/tvalaire.com\/wp-content\/uploads\/2021\/03\/1-5-1-1-300x200.jpeg",300,200,true],"medium_large":["http:\/\/tvalaire.com\/wp-content\/uploads\/2021\/03\/1-5-1-1-768x512.jpeg",640,427,true],"large":["http:\/\/tvalaire.com\/wp-content\/uploads\/2021\/03\/1-5-1-1-1024x682.jpeg",640,426,true],"post-slider-thumb-size":["http:\/\/tvalaire.com\/wp-content\/uploads\/2021\/03\/1-5-1-1-330x190.jpeg",330,190,true],"post-category-slider-size":["http:\/\/tvalaire.com\/wp-content\/uploads\/2021\/03\/1-5-1-1.jpeg",330,220,false],"1536x1536":["http:\/\/tvalaire.com\/wp-content\/uploads\/2021\/03\/1-5-1-1.jpeg",1280,853,false],"2048x2048":["http:\/\/tvalaire.com\/wp-content\/uploads\/2021\/03\/1-5-1-1.jpeg",1280,853,false],"newsium-slider-full":["http:\/\/tvalaire.com\/wp-content\/uploads\/2021\/03\/1-5-1-1-1280x845.jpeg",1280,845,true],"newsium-featured":["http:\/\/tvalaire.com\/wp-content\/uploads\/2021\/03\/1-5-1-1-1024x682.jpeg",1024,682,true],"newsium-medium":["http:\/\/tvalaire.com\/wp-content\/uploads\/2021\/03\/1-5-1-1-720x475.jpeg",720,475,true]},"author_info":{"info":["tvalairenoti"]},"category_info":"<a href=\"http:\/\/tvalaire.com\/?cat=1\" rel=\"category\">La Piedad<\/a>","tag_info":"La Piedad","comment_count":"0","jetpack_featured_media_url":"http:\/\/tvalaire.com\/wp-content\/uploads\/2021\/03\/1-5-1-1.jpeg","_links":{"self":[{"href":"http:\/\/tvalaire.com\/index.php?rest_route=\/wp\/v2\/posts\/9009"}],"collection":[{"href":"http:\/\/tvalaire.com\/index.php?rest_route=\/wp\/v2\/posts"}],"about":[{"href":"http:\/\/tvalaire.com\/index.php?rest_route=\/wp\/v2\/types\/post"}],"author":[{"embeddable":true,"href":"http:\/\/tvalaire.com\/index.php?rest_route=\/wp\/v2\/users\/1"}],"replies":[{"embeddable":true,"href":"http:\/\/tvalaire.com\/index.php?rest_route=%2Fwp%2Fv2%2Fcomments&post=9009"}],"version-history":[{"count":1,"href":"http:\/\/tvalaire.com\/index.php?rest_route=\/wp\/v2\/posts\/9009\/revisions"}],"predecessor-version":[{"id":9013,"href":"http:\/\/tvalaire.com\/index.php?rest_route=\/wp\/v2\/posts\/9009\/revisions\/9013"}],"wp:featuredmedia":[{"embeddable":true,"href":"http:\/\/tvalaire.com\/index.php?rest_route=\/wp\/v2\/media\/9012"}],"wp:attachment":[{"href":"http:\/\/tvalaire.com\/index.php?rest_route=%2Fwp%2Fv2%2Fmedia&parent=9009"}],"wp:term":[{"taxonomy":"category","embeddable":true,"href":"http:\/\/tvalaire.com\/index.php?rest_route=%2Fwp%2Fv2%2Fcategories&post=9009"},{"taxonomy":"post_tag","embeddable":true,"href":"http:\/\/tvalaire.com\/index.php?rest_route=%2Fwp%2Fv2%2Ftags&post=9009"}],"curies":[{"name":"wp","href":"https:\/\/api.w.org\/{rel}","templated":true}]}}