{"id":9006,"date":"2021-02-15T12:48:00","date_gmt":"2021-02-15T18:48:00","guid":{"rendered":"http:\/\/tvalaire.com\/?p=9006"},"modified":"2021-03-02T12:49:27","modified_gmt":"2021-03-02T18:49:27","slug":"inician-trabajos-de-pavimentacion-en-la-calle-yucatan","status":"publish","type":"post","link":"http:\/\/tvalaire.com\/?p=9006","title":{"rendered":"INICIAN TRABAJOS DE PAVIMENTACI\u00d3N EN LA CALLE YUCAT\u00c1N"},"content":{"rendered":"\n<p><\/p>\n\n\n\n<ul class=\"wp-block-list\"><li><strong>Nuestro Presidente dio el arranque oficial de la obra<\/strong><\/li><li><strong>Se invertir\u00e1n 2.5 millones de pesos para su construcci\u00f3n<\/strong><\/li><\/ul>\n\n\n\n<p>Tal como lo anunci\u00f3 nuestro alcalde Alex Espinoza, esta ma\u00f1ana se dio inicio el arranque oficial de los trabajos de construcci\u00f3n del pavimento con concreto hidr\u00e1ulico de la calle Yucat\u00e1n.<\/p>\n\n\n\n<p>La ubicaci\u00f3n de la avenida parte desde el bulevar Adolfo L\u00f3pez Mateos, frente al jard\u00edn de ni\u00f1os \u201cMar\u00eda Helena Chanes\u201d y termina en la calle Belisario Dom\u00ednguez en la colonia Banquetes.<\/p>\n\n\n\n<p>De acuerdo a la ficha informativa, el Gobierno Municipal a trav\u00e9s de Obras P\u00fablicas prev\u00e9 rehabilitar los 926.51 metros cuadrados que conforma esta calle la cual presenta una parte en terracer\u00eda y otra en empedrado.<\/p>\n\n\n\n<p>La obra fue incluida en el programa federal Fondo III, del cual se destinar\u00e1n 2 millones 500 pesos, para desarrollar trabajos como la nivelaci\u00f3n del terreno, recuperaci\u00f3n de piedra, as\u00ed como la instalaci\u00f3n de la tuber\u00eda de PVC para la red de agua, habilitaci\u00f3n de tomas domiciliarias, guarniciones, instalaci\u00f3n de la red del drenaje, banquetas con rampas para personas con discapacidad, balizamientos y la se\u00f1al\u00e9tica de vialidad, l\u00e1mparas con tecnolog\u00eda Led, entre otras mejoras.<\/p>\n\n\n\n<p>Durante el arranque de los trabajos, nuestro Alcalde estuvo acompa\u00f1ado de los directores de Obras P\u00fablicas, Aurelio Melchor; el de SAPAS, Jorge Rubio Olivares y la s\u00edndico Esther Naranjo, adem\u00e1s de contar con la presencia de los vecinos del lugar quienes agradecieron el que hayan tomado en cuenta el arreglo de esta calle.<\/p>\n","protected":false},"excerpt":{"rendered":"<p>Nuestro Presidente dio el arranque oficial de la obra Se invertir\u00e1n 2.5 millones de pesos&#8230;<\/p>\n","protected":false},"author":1,"featured_media":9007,"comment_status":"open","ping_status":"open","sticky":false,"template":"","format":"standard","meta":{"jetpack_post_was_ever_published":false,"_jetpack_newsletter_access":"","_jetpack_dont_email_post_to_subs":false,"_jetpack_newsletter_tier_id":0,"_jetpack_memberships_contains_paywalled_content":false,"_jetpack_memberships_contains_paid_content":false,"footnotes":"","jetpack_publicize_message":"","jetpack_publicize_feature_enabled":true,"jetpack_social_post_already_shared":true,"jetpack_social_options":{"image_generator_settings":{"template":"highway","enabled":false},"version":2}},"categories":[1],"tags":[15],"class_list":["post-9006","post","type-post","status-publish","format-standard","has-post-thumbnail","hentry","category-la-piedad","tag-la-piedad"],"jetpack_publicize_connections":[],"jetpack_sharing_enabled":true,"featured_image_urls":{"full":["http:\/\/tvalaire.com\/wp-content\/uploads\/2021\/03\/1-1.jpeg",1280,853,false],"thumbnail":["http:\/\/tvalaire.com\/wp-content\/uploads\/2021\/03\/1-1-150x150.jpeg",150,150,true],"medium":["http:\/\/tvalaire.com\/wp-content\/uploads\/2021\/03\/1-1-300x200.jpeg",300,200,true],"medium_large":["http:\/\/tvalaire.com\/wp-content\/uploads\/2021\/03\/1-1-768x512.jpeg",640,427,true],"large":["http:\/\/tvalaire.com\/wp-content\/uploads\/2021\/03\/1-1-1024x682.jpeg",640,426,true],"post-slider-thumb-size":["http:\/\/tvalaire.com\/wp-content\/uploads\/2021\/03\/1-1-330x190.jpeg",330,190,true],"post-category-slider-size":["http:\/\/tvalaire.com\/wp-content\/uploads\/2021\/03\/1-1.jpeg",330,220,false],"1536x1536":["http:\/\/tvalaire.com\/wp-content\/uploads\/2021\/03\/1-1.jpeg",1280,853,false],"2048x2048":["http:\/\/tvalaire.com\/wp-content\/uploads\/2021\/03\/1-1.jpeg",1280,853,false],"newsium-slider-full":["http:\/\/tvalaire.com\/wp-content\/uploads\/2021\/03\/1-1-1280x845.jpeg",1280,845,true],"newsium-featured":["http:\/\/tvalaire.com\/wp-content\/uploads\/2021\/03\/1-1-1024x682.jpeg",1024,682,true],"newsium-medium":["http:\/\/tvalaire.com\/wp-content\/uploads\/2021\/03\/1-1-720x475.jpeg",720,475,true]},"author_info":{"info":["tvalairenoti"]},"category_info":"<a href=\"http:\/\/tvalaire.com\/?cat=1\" rel=\"category\">La Piedad<\/a>","tag_info":"La Piedad","comment_count":"0","jetpack_featured_media_url":"http:\/\/tvalaire.com\/wp-content\/uploads\/2021\/03\/1-1.jpeg","_links":{"self":[{"href":"http:\/\/tvalaire.com\/index.php?rest_route=\/wp\/v2\/posts\/9006"}],"collection":[{"href":"http:\/\/tvalaire.com\/index.php?rest_route=\/wp\/v2\/posts"}],"about":[{"href":"http:\/\/tvalaire.com\/index.php?rest_route=\/wp\/v2\/types\/post"}],"author":[{"embeddable":true,"href":"http:\/\/tvalaire.com\/index.php?rest_route=\/wp\/v2\/users\/1"}],"replies":[{"embeddable":true,"href":"http:\/\/tvalaire.com\/index.php?rest_route=%2Fwp%2Fv2%2Fcomments&post=9006"}],"version-history":[{"count":1,"href":"http:\/\/tvalaire.com\/index.php?rest_route=\/wp\/v2\/posts\/9006\/revisions"}],"predecessor-version":[{"id":9008,"href":"http:\/\/tvalaire.com\/index.php?rest_route=\/wp\/v2\/posts\/9006\/revisions\/9008"}],"wp:featuredmedia":[{"embeddable":true,"href":"http:\/\/tvalaire.com\/index.php?rest_route=\/wp\/v2\/media\/9007"}],"wp:attachment":[{"href":"http:\/\/tvalaire.com\/index.php?rest_route=%2Fwp%2Fv2%2Fmedia&parent=9006"}],"wp:term":[{"taxonomy":"category","embeddable":true,"href":"http:\/\/tvalaire.com\/index.php?rest_route=%2Fwp%2Fv2%2Fcategories&post=9006"},{"taxonomy":"post_tag","embeddable":true,"href":"http:\/\/tvalaire.com\/index.php?rest_route=%2Fwp%2Fv2%2Ftags&post=9006"}],"curies":[{"name":"wp","href":"https:\/\/api.w.org\/{rel}","templated":true}]}}