{"id":900,"date":"2017-03-15T09:35:11","date_gmt":"2017-03-15T15:35:11","guid":{"rendered":"http:\/\/tvalaire.com\/?p=900"},"modified":"2017-03-15T09:35:11","modified_gmt":"2017-03-15T15:35:11","slug":"iniciara-recepcion-de-documentos-para-el-programa-vivienda-en-la-piedad","status":"publish","type":"post","link":"http:\/\/tvalaire.com\/?p=900","title":{"rendered":"INICIAR\u00c1 RECEPCI\u00d3N DE DOCUMENTOS PARA EL PROGRAMA VIVIENDA EN LA PIEDAD"},"content":{"rendered":"<p class=\"xmsonormal\" style=\"text-align: center; background: white;\" align=\"center\"><span style=\"font-size: 13.0pt; font-family: 'Segoe UI','sans-serif'; color: #212121;\">\u00a0<\/span><\/p>\n<p class=\"xmsonormal\" style=\"text-align: justify; background: white; font-variant-ligatures: normal; font-variant-caps: normal; orphans: 2; widows: 2; -webkit-text-stroke-width: 0px; word-spacing: 0px;\"><span style=\"font-family: 'Arial','sans-serif'; color: #212121;\">A fin de favorecer las condiciones de los ciudadanos del municipio de La Piedad por medio de la Direcci\u00f3n de Desarrollo Social en la ciudad, se invita a la ciudadan\u00eda a ser part\u00edcipe del programa vivienda.<\/span><\/p>\n<p class=\"xmsonormal\" style=\"text-align: justify; background: white;\"><span style=\"font-family: 'Arial','sans-serif'; color: #212121;\">Con informaci\u00f3n proporcionada por el titular de la dependencia antes mencionada, la ventanilla de recepci\u00f3n de documentos para valorar si puede ser favorecido con alguno de los recursos de piso, muro y techo firme, as\u00ed como de termosolares, y l\u00e1minas de fibrocemento se abrir\u00e1 el pr\u00f3ximo jueves 16 a partir de las 09:00 de la ma\u00f1ana y hasta las 16:00 horas de la tarde en la oficina ubicada en la calle Matamoros #39.<\/span><\/p>\n<p class=\"xmsonormal\" style=\"text-align: justify; background: white;\"><span style=\"font-family: 'Arial','sans-serif'; color: #212121;\">Cabe destacar que las personas anteriormente ya han sido favorecidas en este tipo de programas sociales deben abstenerse de participar, pues la idea es poder beneficiar a la poblaci\u00f3n en general y no solo a unos cuantos.<\/span><\/p>\n<p class=\"xmsonormal\" style=\"text-align: justify; background: white;\"><span style=\"font-family: 'Arial','sans-serif'; color: #212121;\">Los interesados de la zona urbana y rural deber\u00e1n presentar la siguiente documentaci\u00f3n: Comprobante de domicilio, INE, acta de nacimiento del due\u00f1o de la casa, CURP del beneficiado y de quien habita el domicilio, copia del recibo de predial, en el caso de quienes vivan en comunidades pueden solicitar constancia que los acredite como due\u00f1os de la vivienda al encargado del orden.<\/span><\/p>\n<p class=\"xmsonormal\" style=\"text-align: justify; background: white;\"><span style=\"font-family: 'Arial','sans-serif'; color: #212121;\">El responsable de las pol\u00edticas sociales del municipio mencion\u00f3 que ser\u00e1n 15 d\u00edas de recepci\u00f3n de la documentaci\u00f3n, destacando que la entrega de la informaci\u00f3n no garantiza la entrega del recurso solicitado.<\/span><\/p>\n<p class=\"xmsonormal\" style=\"text-align: justify; background: white;\"><span style=\"font-family: 'Arial','sans-serif'; color: #212121;\">Posteriormente a la recopilaci\u00f3n de la informaci\u00f3n se contin\u00faa un proceso en el que se llena un escrito libre de solicitud, un cuestionario \u00fanico, visitas domiciliarias y un estudio socioecon\u00f3mico para valorar quien s\u00ed califica para ser favorecido con el programa.<\/span><\/p>\n<p class=\"xmsonormal\" style=\"text-align: justify; background: white;\"><span style=\"font-family: 'Arial','sans-serif'; color: #212121;\">Durante el d\u00eda se estar\u00e1n entregando solo 150 fichas de atenci\u00f3n, a fin de ofrecer un mejor servicio y atenci\u00f3n a la poblaci\u00f3n en general que se acerque a la dependencia de gobierno municipal.<\/span><\/p>\n","protected":false},"excerpt":{"rendered":"<p>\u00a0 A fin de favorecer las condiciones de los ciudadanos del municipio de La Piedad&#8230;<\/p>\n","protected":false},"author":1,"featured_media":897,"comment_status":"open","ping_status":"open","sticky":false,"template":"","format":"standard","meta":{"jetpack_post_was_ever_published":false,"_jetpack_newsletter_access":"","_jetpack_dont_email_post_to_subs":false,"_jetpack_newsletter_tier_id":0,"_jetpack_memberships_contains_paywalled_content":false,"_jetpack_memberships_contains_paid_content":false,"footnotes":"","jetpack_publicize_message":"","jetpack_publicize_feature_enabled":true,"jetpack_social_post_already_shared":false,"jetpack_social_options":{"image_generator_settings":{"template":"highway","enabled":false},"version":2}},"categories":[1],"tags":[15,36],"class_list":["post-900","post","type-post","status-publish","format-standard","has-post-thumbnail","hentry","category-la-piedad","tag-la-piedad","tag-principales"],"jetpack_publicize_connections":[],"jetpack_sharing_enabled":true,"featured_image_urls":{"full":["http:\/\/tvalaire.com\/wp-content\/uploads\/2017\/03\/INICIAR\u00c1-RECEPCI\u00d3N-DE-DOCUMENTOS-PARA-EL-PROGRAMA-VIVIENDA-EN-LA-PIEDAD.jpg",4608,3072,false],"thumbnail":["http:\/\/tvalaire.com\/wp-content\/uploads\/2017\/03\/INICIAR\u00c1-RECEPCI\u00d3N-DE-DOCUMENTOS-PARA-EL-PROGRAMA-VIVIENDA-EN-LA-PIEDAD-150x150.jpg",150,150,true],"medium":["http:\/\/tvalaire.com\/wp-content\/uploads\/2017\/03\/INICIAR\u00c1-RECEPCI\u00d3N-DE-DOCUMENTOS-PARA-EL-PROGRAMA-VIVIENDA-EN-LA-PIEDAD-300x200.jpg",300,200,true],"medium_large":["http:\/\/tvalaire.com\/wp-content\/uploads\/2017\/03\/INICIAR\u00c1-RECEPCI\u00d3N-DE-DOCUMENTOS-PARA-EL-PROGRAMA-VIVIENDA-EN-LA-PIEDAD-768x512.jpg",640,427,true],"large":["http:\/\/tvalaire.com\/wp-content\/uploads\/2017\/03\/INICIAR\u00c1-RECEPCI\u00d3N-DE-DOCUMENTOS-PARA-EL-PROGRAMA-VIVIENDA-EN-LA-PIEDAD-1024x683.jpg",640,427,true],"post-slider-thumb-size":["http:\/\/tvalaire.com\/wp-content\/uploads\/2017\/03\/INICIAR\u00c1-RECEPCI\u00d3N-DE-DOCUMENTOS-PARA-EL-PROGRAMA-VIVIENDA-EN-LA-PIEDAD.jpg",285,190,false],"post-category-slider-size":["http:\/\/tvalaire.com\/wp-content\/uploads\/2017\/03\/INICIAR\u00c1-RECEPCI\u00d3N-DE-DOCUMENTOS-PARA-EL-PROGRAMA-VIVIENDA-EN-LA-PIEDAD.jpg",330,220,false],"1536x1536":["http:\/\/tvalaire.com\/wp-content\/uploads\/2017\/03\/INICIAR\u00c1-RECEPCI\u00d3N-DE-DOCUMENTOS-PARA-EL-PROGRAMA-VIVIENDA-EN-LA-PIEDAD.jpg",1536,1024,false],"2048x2048":["http:\/\/tvalaire.com\/wp-content\/uploads\/2017\/03\/INICIAR\u00c1-RECEPCI\u00d3N-DE-DOCUMENTOS-PARA-EL-PROGRAMA-VIVIENDA-EN-LA-PIEDAD.jpg",2048,1365,false],"newsium-slider-full":["http:\/\/tvalaire.com\/wp-content\/uploads\/2017\/03\/INICIAR\u00c1-RECEPCI\u00d3N-DE-DOCUMENTOS-PARA-EL-PROGRAMA-VIVIENDA-EN-LA-PIEDAD.jpg",1268,845,false],"newsium-featured":["http:\/\/tvalaire.com\/wp-content\/uploads\/2017\/03\/INICIAR\u00c1-RECEPCI\u00d3N-DE-DOCUMENTOS-PARA-EL-PROGRAMA-VIVIENDA-EN-LA-PIEDAD.jpg",1024,683,false],"newsium-medium":["http:\/\/tvalaire.com\/wp-content\/uploads\/2017\/03\/INICIAR\u00c1-RECEPCI\u00d3N-DE-DOCUMENTOS-PARA-EL-PROGRAMA-VIVIENDA-EN-LA-PIEDAD.jpg",713,475,false]},"author_info":{"info":["tvalairenoti"]},"category_info":"<a href=\"http:\/\/tvalaire.com\/?cat=1\" rel=\"category\">La Piedad<\/a>","tag_info":"La Piedad","comment_count":"0","jetpack_featured_media_url":"http:\/\/tvalaire.com\/wp-content\/uploads\/2017\/03\/INICIAR\u00c1-RECEPCI\u00d3N-DE-DOCUMENTOS-PARA-EL-PROGRAMA-VIVIENDA-EN-LA-PIEDAD.jpg","_links":{"self":[{"href":"http:\/\/tvalaire.com\/index.php?rest_route=\/wp\/v2\/posts\/900"}],"collection":[{"href":"http:\/\/tvalaire.com\/index.php?rest_route=\/wp\/v2\/posts"}],"about":[{"href":"http:\/\/tvalaire.com\/index.php?rest_route=\/wp\/v2\/types\/post"}],"author":[{"embeddable":true,"href":"http:\/\/tvalaire.com\/index.php?rest_route=\/wp\/v2\/users\/1"}],"replies":[{"embeddable":true,"href":"http:\/\/tvalaire.com\/index.php?rest_route=%2Fwp%2Fv2%2Fcomments&post=900"}],"version-history":[{"count":1,"href":"http:\/\/tvalaire.com\/index.php?rest_route=\/wp\/v2\/posts\/900\/revisions"}],"predecessor-version":[{"id":901,"href":"http:\/\/tvalaire.com\/index.php?rest_route=\/wp\/v2\/posts\/900\/revisions\/901"}],"wp:featuredmedia":[{"embeddable":true,"href":"http:\/\/tvalaire.com\/index.php?rest_route=\/wp\/v2\/media\/897"}],"wp:attachment":[{"href":"http:\/\/tvalaire.com\/index.php?rest_route=%2Fwp%2Fv2%2Fmedia&parent=900"}],"wp:term":[{"taxonomy":"category","embeddable":true,"href":"http:\/\/tvalaire.com\/index.php?rest_route=%2Fwp%2Fv2%2Fcategories&post=900"},{"taxonomy":"post_tag","embeddable":true,"href":"http:\/\/tvalaire.com\/index.php?rest_route=%2Fwp%2Fv2%2Ftags&post=900"}],"curies":[{"name":"wp","href":"https:\/\/api.w.org\/{rel}","templated":true}]}}