{"id":8984,"date":"2021-02-09T11:56:00","date_gmt":"2021-02-09T17:56:00","guid":{"rendered":"http:\/\/tvalaire.com\/?p=8984"},"modified":"2021-02-12T11:57:32","modified_gmt":"2021-02-12T17:57:32","slug":"promueve-profeco-campana-para-devolver-tanques-de-oxigeno","status":"publish","type":"post","link":"http:\/\/tvalaire.com\/?p=8984","title":{"rendered":"PROMUEVE PROFECO CAMPA\u00d1A PARA DEVOLVER TANQUES DE OX\u00cdGENO"},"content":{"rendered":"\n<p><\/p>\n\n\n\n<ul class=\"wp-block-list\"><li><strong>Se busca crear conciencia entre toda la poblaci\u00f3n piedadense<\/strong><\/li><li><strong>Detectan casos en donde familias no regresan tanques rentados<\/strong><\/li><\/ul>\n\n\n\n<p>La Procuradur\u00eda Federal del Consumidor (Profeco) contin\u00faa con la campa\u00f1a \u201cPor amor a la vida, devuelve tu tanque\u201d, misma que busca hacer un llamado a la poblaci\u00f3n para evitar el acaparamiento de tanques de ox\u00edgeno.<\/p>\n\n\n\n<p>Juan Carlos Guzm\u00e1n Ru\u00edz, director de Promoci\u00f3n Econ\u00f3mica dijo sumarse a esta campa\u00f1a, ante la necesidad y la escasez que hay en la poblaci\u00f3n y en general a nivel nacional, por un tanque de ox\u00edgeno medicinal.<\/p>\n\n\n\n<p>Mencion\u00f3 que una de las problem\u00e1ticas existente en la localidad con una de las empresas que provee este servicio, ha sido el que muchos de los familiares con pacientes COVID que requieren de un tanque de ox\u00edgeno medicinal rentado, ya no lo regresan e incluso se han detectado malas pr\u00e1cticas de los mismos, en donde los mismos familiares los rentan a otras personas.<\/p>\n\n\n\n<p>Es por ello, que hacen un llamado a la conciencia de la poblaci\u00f3n para regresar los tanques de ox\u00edgeno medicinal que ya no utilicen a las empresas que proveen este servicio, con el fin de que le puedan dar vida y esperanza a otros enfermos con COVID-19, pues existe una larga fila de personas que est\u00e1n en espera de uno de ellos.<\/p>\n\n\n\n<p>Juan Carlos Guzm\u00e1n, dijo que ante el desabasto que existe por el ox\u00edgeno y tanques de ox\u00edgeno, algunas Fundaciones y Asociaciones Civiles de los municipios de Zamora, Tangancicuaro, Jacona, Santa Ana Pacueco y La Piedad, ya se organizan para proveer de manera gratuita oximetros, concentradores de ox\u00edgeno, tanques y term\u00f3metros a la poblaci\u00f3n m\u00e1s vulnerable.<\/p>\n","protected":false},"excerpt":{"rendered":"<p>Se busca crear conciencia entre toda la poblaci\u00f3n piedadense Detectan casos en donde familias no&#8230;<\/p>\n","protected":false},"author":1,"featured_media":8985,"comment_status":"open","ping_status":"open","sticky":false,"template":"","format":"standard","meta":{"jetpack_post_was_ever_published":false,"_jetpack_newsletter_access":"","_jetpack_dont_email_post_to_subs":false,"_jetpack_newsletter_tier_id":0,"_jetpack_memberships_contains_paywalled_content":false,"_jetpack_memberships_contains_paid_content":false,"footnotes":"","jetpack_publicize_message":"","jetpack_publicize_feature_enabled":true,"jetpack_social_post_already_shared":true,"jetpack_social_options":{"image_generator_settings":{"template":"highway","enabled":false},"version":2}},"categories":[1],"tags":[15],"class_list":["post-8984","post","type-post","status-publish","format-standard","has-post-thumbnail","hentry","category-la-piedad","tag-la-piedad"],"jetpack_publicize_connections":[],"jetpack_sharing_enabled":true,"featured_image_urls":{"full":["http:\/\/tvalaire.com\/wp-content\/uploads\/2021\/02\/1-1-2-1-rotated.jpeg",1280,720,false],"thumbnail":["http:\/\/tvalaire.com\/wp-content\/uploads\/2021\/02\/1-1-2-1-150x150.jpeg",150,150,true],"medium":["http:\/\/tvalaire.com\/wp-content\/uploads\/2021\/02\/1-1-2-1-300x169.jpeg",300,169,true],"medium_large":["http:\/\/tvalaire.com\/wp-content\/uploads\/2021\/02\/1-1-2-1-768x432.jpeg",640,360,true],"large":["http:\/\/tvalaire.com\/wp-content\/uploads\/2021\/02\/1-1-2-1-1024x576.jpeg",640,360,true],"post-slider-thumb-size":["http:\/\/tvalaire.com\/wp-content\/uploads\/2021\/02\/1-1-2-1-330x190.jpeg",330,190,true],"post-category-slider-size":["http:\/\/tvalaire.com\/wp-content\/uploads\/2021\/02\/1-1-2-1-rotated.jpeg",330,186,false],"1536x1536":["http:\/\/tvalaire.com\/wp-content\/uploads\/2021\/02\/1-1-2-1-rotated.jpeg",1280,720,false],"2048x2048":["http:\/\/tvalaire.com\/wp-content\/uploads\/2021\/02\/1-1-2-1-rotated.jpeg",1280,720,false],"newsium-slider-full":["http:\/\/tvalaire.com\/wp-content\/uploads\/2021\/02\/1-1-2-1-rotated.jpeg",1280,720,false],"newsium-featured":["http:\/\/tvalaire.com\/wp-content\/uploads\/2021\/02\/1-1-2-1-1024x576.jpeg",1024,576,true],"newsium-medium":["http:\/\/tvalaire.com\/wp-content\/uploads\/2021\/02\/1-1-2-1-720x475.jpeg",720,475,true]},"author_info":{"info":["tvalairenoti"]},"category_info":"<a href=\"http:\/\/tvalaire.com\/?cat=1\" rel=\"category\">La Piedad<\/a>","tag_info":"La Piedad","comment_count":"0","jetpack_featured_media_url":"http:\/\/tvalaire.com\/wp-content\/uploads\/2021\/02\/1-1-2-1-rotated.jpeg","_links":{"self":[{"href":"http:\/\/tvalaire.com\/index.php?rest_route=\/wp\/v2\/posts\/8984"}],"collection":[{"href":"http:\/\/tvalaire.com\/index.php?rest_route=\/wp\/v2\/posts"}],"about":[{"href":"http:\/\/tvalaire.com\/index.php?rest_route=\/wp\/v2\/types\/post"}],"author":[{"embeddable":true,"href":"http:\/\/tvalaire.com\/index.php?rest_route=\/wp\/v2\/users\/1"}],"replies":[{"embeddable":true,"href":"http:\/\/tvalaire.com\/index.php?rest_route=%2Fwp%2Fv2%2Fcomments&post=8984"}],"version-history":[{"count":1,"href":"http:\/\/tvalaire.com\/index.php?rest_route=\/wp\/v2\/posts\/8984\/revisions"}],"predecessor-version":[{"id":8986,"href":"http:\/\/tvalaire.com\/index.php?rest_route=\/wp\/v2\/posts\/8984\/revisions\/8986"}],"wp:featuredmedia":[{"embeddable":true,"href":"http:\/\/tvalaire.com\/index.php?rest_route=\/wp\/v2\/media\/8985"}],"wp:attachment":[{"href":"http:\/\/tvalaire.com\/index.php?rest_route=%2Fwp%2Fv2%2Fmedia&parent=8984"}],"wp:term":[{"taxonomy":"category","embeddable":true,"href":"http:\/\/tvalaire.com\/index.php?rest_route=%2Fwp%2Fv2%2Fcategories&post=8984"},{"taxonomy":"post_tag","embeddable":true,"href":"http:\/\/tvalaire.com\/index.php?rest_route=%2Fwp%2Fv2%2Ftags&post=8984"}],"curies":[{"name":"wp","href":"https:\/\/api.w.org\/{rel}","templated":true}]}}