{"id":8972,"date":"2021-02-04T11:48:00","date_gmt":"2021-02-04T17:48:00","guid":{"rendered":"http:\/\/tvalaire.com\/?p=8972"},"modified":"2021-02-12T11:50:11","modified_gmt":"2021-02-12T17:50:11","slug":"permanecen-medidas-de-salubridad-para-evitar-contagios-por-covid-1","status":"publish","type":"post","link":"http:\/\/tvalaire.com\/?p=8972","title":{"rendered":"PERMANECEN MEDIDAS DE SALUBRIDAD PARA EVITAR CONTAGIOS POR COVID-1"},"content":{"rendered":"\n<p><strong>9<\/strong>&#x25aa;\u00a0<strong>Aprueba Comit\u00e9 de Salud\u00a0se\u00a0contin\u00fae con menor movilidad<\/strong>&#x25aa;\u00a0<strong>Permanecen cerrados en fin de semana bares\u00a0y\u00a0cantinas<\/strong><\/p>\n\n\n\n<p>El Comit\u00e9 de Salud&nbsp;Municipal&nbsp;aprob\u00f3 por unanimidad continuar, durante todo el mes de febrero, con las medidas de salubridad en La Piedad, con el objetivo de contrarrestar m\u00e1s casos por COVID-19.<\/p>\n\n\n\n<p>A decir del jefe de la Jurisdicci\u00f3n Sanitaria n\u00famero 6, Luis Alberto Arriaga&nbsp;Belman, esto obedece a que durante el mes de enero se logr\u00f3 contener el incremento de casos, por lo que es importante continuar en la misma sinton\u00eda de acciones.<\/p>\n\n\n\n<p>Por&nbsp;ello, se estableci\u00f3 que los establecimientos y comercios deber\u00e1n respetar la medida de cerrar sus negocios los d\u00edas jueves, viernes y s\u00e1bado a partir de las 6:00 de la&nbsp;tarde.&nbsp;<\/p>\n\n\n\n<p>Durante los domingos de febrero, se permitir\u00e1 la operatividad del transporte p\u00fablico en un 50%&nbsp;y podr\u00e1n&nbsp;laborar&nbsp;los establecimientos esenciales con ventas de alimentos frescos&nbsp;y productos primarios de consumo, entre ellos&nbsp;tiendas de abarrotes,&nbsp;mercado \u201cGildardo Maga\u00f1a\u201d,Mercado&nbsp;\u201cFrancisco J. M\u00fagica\u201d (Mercadito) y Tianguis de la Explanada, cuidando en todo momento los aforos&nbsp;acordadosy la sana distancia entre sus compradores.&nbsp;<\/p>\n\n\n\n<p>En el caso de los restaurantes y negocios de comida, sepermitir\u00e1 su apertura para venta al p\u00fablico hasta las 6:00 de la tarde&nbsp;de jueves a s\u00e1bado y posterior a esa hora,&nbsp;as\u00ed&nbsp;como los domingos,&nbsp;ser\u00e1&nbsp;\u00fanicamente&nbsp;para llevar.&nbsp;La venta de alcohol est\u00e1 restringida despu\u00e9s de los horarios y d\u00edas mencionados.&nbsp;<\/p>\n\n\n\n<p>En el caso&nbsp;de&nbsp;balnearios, clubes y similares, el Comit\u00e9 de Salud determin\u00f3 que&nbsp;las medidas abarcar\u00e1n las&nbsp;instalaciones&nbsp;de alberca, vapor, sauna y \u00e1reas comunes,&nbsp;manteni\u00e9ndose cerradas de&nbsp;jueves a domingo.&nbsp;Las ligas deportivas siguen sin cambio hasta nuevo aviso.&nbsp;<\/p>\n\n\n\n<p>Adicionalmente, se reforzar\u00e1n las medidas de ingreso en la Plaza Principal, instruyendo a elementos de la Polic\u00eda&nbsp;Municipal&nbsp;para que se respete el uso obligatorio del&nbsp;cubrebocas.&nbsp;<\/p>\n\n\n\n<p>Personal de la&nbsp;Direcci\u00f3n de&nbsp;Reglamentos,&nbsp;en coordinaci\u00f3n con dem\u00e1s autoridades, mantendr\u00e1n&nbsp;operativos constantes y permanentes para vigilar el correcto cumplimiento de lo establecido por el Comit\u00e9&nbsp;Municipal&nbsp;de Salud.&nbsp;<\/p>\n","protected":false},"excerpt":{"rendered":"<p>9&#x25aa;\u00a0Aprueba Comit\u00e9 de Salud\u00a0se\u00a0contin\u00fae con menor movilidad&#x25aa;\u00a0Permanecen cerrados en fin de semana bares\u00a0y\u00a0cantinas El Comit\u00e9&#8230;<\/p>\n","protected":false},"author":1,"featured_media":8973,"comment_status":"open","ping_status":"open","sticky":false,"template":"","format":"standard","meta":{"jetpack_post_was_ever_published":false,"_jetpack_newsletter_access":"","_jetpack_dont_email_post_to_subs":false,"_jetpack_newsletter_tier_id":0,"_jetpack_memberships_contains_paywalled_content":false,"_jetpack_memberships_contains_paid_content":false,"footnotes":"","jetpack_publicize_message":"","jetpack_publicize_feature_enabled":true,"jetpack_social_post_already_shared":true,"jetpack_social_options":{"image_generator_settings":{"template":"highway","enabled":false},"version":2}},"categories":[1],"tags":[15],"class_list":["post-8972","post","type-post","status-publish","format-standard","has-post-thumbnail","hentry","category-la-piedad","tag-la-piedad"],"jetpack_publicize_connections":[],"jetpack_sharing_enabled":true,"featured_image_urls":{"full":["http:\/\/tvalaire.com\/wp-content\/uploads\/2021\/02\/unnamed-1.jpg",1280,853,false],"thumbnail":["http:\/\/tvalaire.com\/wp-content\/uploads\/2021\/02\/unnamed-1-150x150.jpg",150,150,true],"medium":["http:\/\/tvalaire.com\/wp-content\/uploads\/2021\/02\/unnamed-1-300x200.jpg",300,200,true],"medium_large":["http:\/\/tvalaire.com\/wp-content\/uploads\/2021\/02\/unnamed-1-768x512.jpg",640,427,true],"large":["http:\/\/tvalaire.com\/wp-content\/uploads\/2021\/02\/unnamed-1-1024x682.jpg",640,426,true],"post-slider-thumb-size":["http:\/\/tvalaire.com\/wp-content\/uploads\/2021\/02\/unnamed-1-330x190.jpg",330,190,true],"post-category-slider-size":["http:\/\/tvalaire.com\/wp-content\/uploads\/2021\/02\/unnamed-1.jpg",330,220,false],"1536x1536":["http:\/\/tvalaire.com\/wp-content\/uploads\/2021\/02\/unnamed-1.jpg",1280,853,false],"2048x2048":["http:\/\/tvalaire.com\/wp-content\/uploads\/2021\/02\/unnamed-1.jpg",1280,853,false],"newsium-slider-full":["http:\/\/tvalaire.com\/wp-content\/uploads\/2021\/02\/unnamed-1-1280x845.jpg",1280,845,true],"newsium-featured":["http:\/\/tvalaire.com\/wp-content\/uploads\/2021\/02\/unnamed-1-1024x682.jpg",1024,682,true],"newsium-medium":["http:\/\/tvalaire.com\/wp-content\/uploads\/2021\/02\/unnamed-1-720x475.jpg",720,475,true]},"author_info":{"info":["tvalairenoti"]},"category_info":"<a href=\"http:\/\/tvalaire.com\/?cat=1\" rel=\"category\">La Piedad<\/a>","tag_info":"La Piedad","comment_count":"0","jetpack_featured_media_url":"http:\/\/tvalaire.com\/wp-content\/uploads\/2021\/02\/unnamed-1.jpg","_links":{"self":[{"href":"http:\/\/tvalaire.com\/index.php?rest_route=\/wp\/v2\/posts\/8972"}],"collection":[{"href":"http:\/\/tvalaire.com\/index.php?rest_route=\/wp\/v2\/posts"}],"about":[{"href":"http:\/\/tvalaire.com\/index.php?rest_route=\/wp\/v2\/types\/post"}],"author":[{"embeddable":true,"href":"http:\/\/tvalaire.com\/index.php?rest_route=\/wp\/v2\/users\/1"}],"replies":[{"embeddable":true,"href":"http:\/\/tvalaire.com\/index.php?rest_route=%2Fwp%2Fv2%2Fcomments&post=8972"}],"version-history":[{"count":1,"href":"http:\/\/tvalaire.com\/index.php?rest_route=\/wp\/v2\/posts\/8972\/revisions"}],"predecessor-version":[{"id":8974,"href":"http:\/\/tvalaire.com\/index.php?rest_route=\/wp\/v2\/posts\/8972\/revisions\/8974"}],"wp:featuredmedia":[{"embeddable":true,"href":"http:\/\/tvalaire.com\/index.php?rest_route=\/wp\/v2\/media\/8973"}],"wp:attachment":[{"href":"http:\/\/tvalaire.com\/index.php?rest_route=%2Fwp%2Fv2%2Fmedia&parent=8972"}],"wp:term":[{"taxonomy":"category","embeddable":true,"href":"http:\/\/tvalaire.com\/index.php?rest_route=%2Fwp%2Fv2%2Fcategories&post=8972"},{"taxonomy":"post_tag","embeddable":true,"href":"http:\/\/tvalaire.com\/index.php?rest_route=%2Fwp%2Fv2%2Ftags&post=8972"}],"curies":[{"name":"wp","href":"https:\/\/api.w.org\/{rel}","templated":true}]}}