{"id":8966,"date":"2021-02-03T11:45:00","date_gmt":"2021-02-03T17:45:00","guid":{"rendered":"http:\/\/tvalaire.com\/?p=8966"},"modified":"2021-02-12T11:47:01","modified_gmt":"2021-02-12T17:47:01","slug":"comienza-entrega-de-kits-medicos-y-concentradores-de-oxigeno","status":"publish","type":"post","link":"http:\/\/tvalaire.com\/?p=8966","title":{"rendered":"COMIENZA ENTREGA DE KITS M\u00c9DICOS Y CONCENTRADORES DE OXIGENO"},"content":{"rendered":"\n<p><\/p>\n\n\n\n<ul class=\"wp-block-list\"><li><strong>Interesados acudirde lunes a viernes por la ma\u00f1ana<\/strong><\/li><li><strong>Importante que acudan con todos los requisitos<\/strong><\/li><\/ul>\n\n\n\n<p>La direcci\u00f3n del DIF Municipal, inici\u00f3 este martes con la recepci\u00f3n de solicitudes y entregas tanto de los kits m\u00e9dicos, como de los concentradores de ox\u00edgeno, para familiares con pacientes COVID-19.<\/p>\n\n\n\n<p>Ana Raquel Salazar, directora de la dependencia inform\u00f3 que, desde el pasado martes, de lunes a viernes entregar\u00e1n un promedio de 35 kits m\u00e9dicos diarios de los 500 que adquiri\u00f3 el Gobierno Municipal.<\/p>\n\n\n\n<p>Cada kit m\u00e9dico contiene un ox\u00edmetro, un term\u00f3metro, cubrebocas y un vale para la toma de una radiograf\u00eda gratuita de pulm\u00f3n.<\/p>\n\n\n\n<p>A su vez, reciben tambi\u00e9n las solicitudes para la entrega en comodato de los concentradores de ox\u00edgeno que se dar\u00e1 a pacientes con COVID-19, que est\u00e9n por ser dados de alta de alg\u00fan hospital p\u00fablico y que por prescripci\u00f3n m\u00e9dica lo requieran.<\/p>\n\n\n\n<p>Ana Raquel Salazar, recomend\u00f3 a quienes acudan a realizar alguna de las peticiones, que acudan con todos los requerimientos para evitar tener que regresar una segunda vez.<\/p>\n\n\n\n<p>Los requisitos que deben presentar para obtener un kit m\u00e9dico son: Acreditaci\u00f3n de que el enfermo es del municipio; copia de su INE; comprobante de domicilio y un documento que acredite el resultado positivo expedido por alguna instituci\u00f3n, ya sea p\u00fablica o privada, as\u00ed como la prescripci\u00f3n m\u00e9dica de la radiograf\u00eda.<\/p>\n\n\n\n<p>Para los concentradores de ox\u00edgeno los requisitos son: Presentar la indicaci\u00f3n m\u00e9dica donde indique el tiempo que requiera el ox\u00edgeno; comprobante de domicilio e INE tanto del paciente como del familiar, los cuales sean de este municipio.<\/p>\n\n\n\n<p>Para mayores informes, la funcionaria pidi\u00f3 llamar al tel\u00e9fono 352 522 01 22 del Sistema DIF Municipal.<\/p>\n","protected":false},"excerpt":{"rendered":"<p>Interesados acudirde lunes a viernes por la ma\u00f1ana Importante que acudan con todos los requisitos&#8230;<\/p>\n","protected":false},"author":1,"featured_media":8967,"comment_status":"open","ping_status":"open","sticky":false,"template":"","format":"standard","meta":{"jetpack_post_was_ever_published":false,"_jetpack_newsletter_access":"","_jetpack_dont_email_post_to_subs":false,"_jetpack_newsletter_tier_id":0,"_jetpack_memberships_contains_paywalled_content":false,"_jetpack_memberships_contains_paid_content":false,"footnotes":"","jetpack_publicize_message":"","jetpack_publicize_feature_enabled":true,"jetpack_social_post_already_shared":true,"jetpack_social_options":{"image_generator_settings":{"template":"highway","enabled":false},"version":2}},"categories":[1],"tags":[15],"class_list":["post-8966","post","type-post","status-publish","format-standard","has-post-thumbnail","hentry","category-la-piedad","tag-la-piedad"],"jetpack_publicize_connections":[],"jetpack_sharing_enabled":true,"featured_image_urls":{"full":["http:\/\/tvalaire.com\/wp-content\/uploads\/2021\/02\/1-1-8.jpeg",1280,853,false],"thumbnail":["http:\/\/tvalaire.com\/wp-content\/uploads\/2021\/02\/1-1-8-150x150.jpeg",150,150,true],"medium":["http:\/\/tvalaire.com\/wp-content\/uploads\/2021\/02\/1-1-8-300x200.jpeg",300,200,true],"medium_large":["http:\/\/tvalaire.com\/wp-content\/uploads\/2021\/02\/1-1-8-768x512.jpeg",640,427,true],"large":["http:\/\/tvalaire.com\/wp-content\/uploads\/2021\/02\/1-1-8-1024x682.jpeg",640,426,true],"post-slider-thumb-size":["http:\/\/tvalaire.com\/wp-content\/uploads\/2021\/02\/1-1-8-330x190.jpeg",330,190,true],"post-category-slider-size":["http:\/\/tvalaire.com\/wp-content\/uploads\/2021\/02\/1-1-8.jpeg",330,220,false],"1536x1536":["http:\/\/tvalaire.com\/wp-content\/uploads\/2021\/02\/1-1-8.jpeg",1280,853,false],"2048x2048":["http:\/\/tvalaire.com\/wp-content\/uploads\/2021\/02\/1-1-8.jpeg",1280,853,false],"newsium-slider-full":["http:\/\/tvalaire.com\/wp-content\/uploads\/2021\/02\/1-1-8-1280x845.jpeg",1280,845,true],"newsium-featured":["http:\/\/tvalaire.com\/wp-content\/uploads\/2021\/02\/1-1-8-1024x682.jpeg",1024,682,true],"newsium-medium":["http:\/\/tvalaire.com\/wp-content\/uploads\/2021\/02\/1-1-8-720x475.jpeg",720,475,true]},"author_info":{"info":["tvalairenoti"]},"category_info":"<a href=\"http:\/\/tvalaire.com\/?cat=1\" rel=\"category\">La Piedad<\/a>","tag_info":"La Piedad","comment_count":"0","jetpack_featured_media_url":"http:\/\/tvalaire.com\/wp-content\/uploads\/2021\/02\/1-1-8.jpeg","_links":{"self":[{"href":"http:\/\/tvalaire.com\/index.php?rest_route=\/wp\/v2\/posts\/8966"}],"collection":[{"href":"http:\/\/tvalaire.com\/index.php?rest_route=\/wp\/v2\/posts"}],"about":[{"href":"http:\/\/tvalaire.com\/index.php?rest_route=\/wp\/v2\/types\/post"}],"author":[{"embeddable":true,"href":"http:\/\/tvalaire.com\/index.php?rest_route=\/wp\/v2\/users\/1"}],"replies":[{"embeddable":true,"href":"http:\/\/tvalaire.com\/index.php?rest_route=%2Fwp%2Fv2%2Fcomments&post=8966"}],"version-history":[{"count":1,"href":"http:\/\/tvalaire.com\/index.php?rest_route=\/wp\/v2\/posts\/8966\/revisions"}],"predecessor-version":[{"id":8968,"href":"http:\/\/tvalaire.com\/index.php?rest_route=\/wp\/v2\/posts\/8966\/revisions\/8968"}],"wp:featuredmedia":[{"embeddable":true,"href":"http:\/\/tvalaire.com\/index.php?rest_route=\/wp\/v2\/media\/8967"}],"wp:attachment":[{"href":"http:\/\/tvalaire.com\/index.php?rest_route=%2Fwp%2Fv2%2Fmedia&parent=8966"}],"wp:term":[{"taxonomy":"category","embeddable":true,"href":"http:\/\/tvalaire.com\/index.php?rest_route=%2Fwp%2Fv2%2Fcategories&post=8966"},{"taxonomy":"post_tag","embeddable":true,"href":"http:\/\/tvalaire.com\/index.php?rest_route=%2Fwp%2Fv2%2Ftags&post=8966"}],"curies":[{"name":"wp","href":"https:\/\/api.w.org\/{rel}","templated":true}]}}