{"id":8911,"date":"2021-01-22T18:45:00","date_gmt":"2021-01-23T00:45:00","guid":{"rendered":"http:\/\/tvalaire.com\/?p=8911"},"modified":"2021-02-02T18:45:50","modified_gmt":"2021-02-03T00:45:50","slug":"promueven-ley-que-regula-el-uso-obligatorio-de-cubrebocas-en-el-estado","status":"publish","type":"post","link":"http:\/\/tvalaire.com\/?p=8911","title":{"rendered":"PROMUEVEN LEY QUE REGULA EL USO OBLIGATORIO DE CUBREBOCAS EN EL ESTADO"},"content":{"rendered":"\n<p><\/p>\n\n\n\n<ul class=\"wp-block-list\"><li><strong>Se informa y entrega mascarillas de protecci\u00f3n en comercios<\/strong><\/li><li><strong>Servidores p\u00fablicos y entidades administrativas deber\u00e1n usarlos<\/strong><\/li><\/ul>\n\n\n\n<p>El Gobierno Municipal a trav\u00e9s de la direcci\u00f3n de Reglamentos lleva a cabo visitas de informaci\u00f3n al comercio local sobre la Ley que Regula el uso de cubrebocas en el Estado y hace entrega de los mismos.<\/p>\n\n\n\n<p>La nueva Ley tiene como objeto contribuir a garantizar el derecho a la protecci\u00f3na la salud, estableciendo el uso obligatorio del cubrebocas, para prevenir y contenerla transmisi\u00f3n y riesgos de contagio del virus SARS-CoV-2, durante el tiempo quepermanezca la emergencia yhasta que la autoridad sanitaria competente, declare oficialmente su conclusi\u00f3n.<\/p>\n\n\n\n<p>Jos\u00e9 Luis Ortiz Coronado, director de la dependencia inform\u00f3 que la nueva Ley, fue publicada el pasado 20 de enero de 2021 en el Peri\u00f3dico Oficial del Estado, en la que en su Art\u00edculo 4 contempla las medidas sobre elcubrebcoas, as\u00ed como en sus posteriores art\u00edculos, la informaci\u00f3n que deben de tener a la vista todos los establecimientos para que la gente vea gr\u00e1ficamente las medidas a tomar y las prohibiciones.<\/p>\n\n\n\n<p>El mismo ordenamiento, establece que los servidores p\u00fablicos y las entidades administrativas deber\u00e1n usar la mascarilla de protecci\u00f3n durante su estancia y observar el uso de los medios de protecci\u00f3n complementarios, adem\u00e1s de obligar a quienes ingresen a las oficinas, su uso.<\/p>\n\n\n\n<p>Tambi\u00e9ncontempla sanciones que van desde el apercibimiento, la amonestaci\u00f3n por escrito, solicitar su retiro del domicilio, insistir en usar el cubrebocas, multa y arresto domiciliario hasta por 36 horas.<\/p>\n\n\n\n<p>Multa de 10 a 30 UMAS que podr\u00e1n conmutadas a trabajo comunitario y en el caso de establecimientos privados, comerciantes, empresas e industrias por el incumplimiento, podr\u00e1n ser clausuradas temporalmente.<\/p>\n\n\n\n<p>En cuanto a lo recaudado por este concepto, las autoridades municipales crear\u00e1n un fondo para la compra de cubrebocas para beneficio de la ciudadan\u00eda.<\/p>\n","protected":false},"excerpt":{"rendered":"<p>Se informa y entrega mascarillas de protecci\u00f3n en comercios Servidores p\u00fablicos y entidades administrativas deber\u00e1n&#8230;<\/p>\n","protected":false},"author":1,"featured_media":8912,"comment_status":"open","ping_status":"open","sticky":false,"template":"","format":"standard","meta":{"jetpack_post_was_ever_published":false,"_jetpack_newsletter_access":"","_jetpack_dont_email_post_to_subs":false,"_jetpack_newsletter_tier_id":0,"_jetpack_memberships_contains_paywalled_content":false,"_jetpack_memberships_contains_paid_content":false,"footnotes":"","jetpack_publicize_message":"","jetpack_publicize_feature_enabled":true,"jetpack_social_post_already_shared":true,"jetpack_social_options":{"image_generator_settings":{"template":"highway","enabled":false},"version":2}},"categories":[1],"tags":[15],"class_list":["post-8911","post","type-post","status-publish","format-standard","has-post-thumbnail","hentry","category-la-piedad","tag-la-piedad"],"jetpack_publicize_connections":[],"jetpack_sharing_enabled":true,"featured_image_urls":{"full":["http:\/\/tvalaire.com\/wp-content\/uploads\/2021\/02\/1-3-3.jpeg",1280,960,false],"thumbnail":["http:\/\/tvalaire.com\/wp-content\/uploads\/2021\/02\/1-3-3-150x150.jpeg",150,150,true],"medium":["http:\/\/tvalaire.com\/wp-content\/uploads\/2021\/02\/1-3-3-300x225.jpeg",300,225,true],"medium_large":["http:\/\/tvalaire.com\/wp-content\/uploads\/2021\/02\/1-3-3-768x576.jpeg",640,480,true],"large":["http:\/\/tvalaire.com\/wp-content\/uploads\/2021\/02\/1-3-3-1024x768.jpeg",640,480,true],"post-slider-thumb-size":["http:\/\/tvalaire.com\/wp-content\/uploads\/2021\/02\/1-3-3-330x190.jpeg",330,190,true],"post-category-slider-size":["http:\/\/tvalaire.com\/wp-content\/uploads\/2021\/02\/1-3-3.jpeg",330,248,false],"1536x1536":["http:\/\/tvalaire.com\/wp-content\/uploads\/2021\/02\/1-3-3.jpeg",1280,960,false],"2048x2048":["http:\/\/tvalaire.com\/wp-content\/uploads\/2021\/02\/1-3-3.jpeg",1280,960,false],"newsium-slider-full":["http:\/\/tvalaire.com\/wp-content\/uploads\/2021\/02\/1-3-3-1280x845.jpeg",1280,845,true],"newsium-featured":["http:\/\/tvalaire.com\/wp-content\/uploads\/2021\/02\/1-3-3-1024x768.jpeg",1024,768,true],"newsium-medium":["http:\/\/tvalaire.com\/wp-content\/uploads\/2021\/02\/1-3-3-720x475.jpeg",720,475,true]},"author_info":{"info":["tvalairenoti"]},"category_info":"<a href=\"http:\/\/tvalaire.com\/?cat=1\" rel=\"category\">La Piedad<\/a>","tag_info":"La Piedad","comment_count":"0","jetpack_featured_media_url":"http:\/\/tvalaire.com\/wp-content\/uploads\/2021\/02\/1-3-3.jpeg","_links":{"self":[{"href":"http:\/\/tvalaire.com\/index.php?rest_route=\/wp\/v2\/posts\/8911"}],"collection":[{"href":"http:\/\/tvalaire.com\/index.php?rest_route=\/wp\/v2\/posts"}],"about":[{"href":"http:\/\/tvalaire.com\/index.php?rest_route=\/wp\/v2\/types\/post"}],"author":[{"embeddable":true,"href":"http:\/\/tvalaire.com\/index.php?rest_route=\/wp\/v2\/users\/1"}],"replies":[{"embeddable":true,"href":"http:\/\/tvalaire.com\/index.php?rest_route=%2Fwp%2Fv2%2Fcomments&post=8911"}],"version-history":[{"count":1,"href":"http:\/\/tvalaire.com\/index.php?rest_route=\/wp\/v2\/posts\/8911\/revisions"}],"predecessor-version":[{"id":8913,"href":"http:\/\/tvalaire.com\/index.php?rest_route=\/wp\/v2\/posts\/8911\/revisions\/8913"}],"wp:featuredmedia":[{"embeddable":true,"href":"http:\/\/tvalaire.com\/index.php?rest_route=\/wp\/v2\/media\/8912"}],"wp:attachment":[{"href":"http:\/\/tvalaire.com\/index.php?rest_route=%2Fwp%2Fv2%2Fmedia&parent=8911"}],"wp:term":[{"taxonomy":"category","embeddable":true,"href":"http:\/\/tvalaire.com\/index.php?rest_route=%2Fwp%2Fv2%2Fcategories&post=8911"},{"taxonomy":"post_tag","embeddable":true,"href":"http:\/\/tvalaire.com\/index.php?rest_route=%2Fwp%2Fv2%2Ftags&post=8911"}],"curies":[{"name":"wp","href":"https:\/\/api.w.org\/{rel}","templated":true}]}}