{"id":8887,"date":"2021-01-18T10:22:00","date_gmt":"2021-01-18T16:22:00","guid":{"rendered":"http:\/\/tvalaire.com\/?p=8887"},"modified":"2021-02-02T10:24:03","modified_gmt":"2021-02-02T16:24:03","slug":"recuperan-area-verde-en-el-fraccionamiento-el-cuitzillo","status":"publish","type":"post","link":"http:\/\/tvalaire.com\/?p=8887","title":{"rendered":"RECUPERAN \u00c1REA VERDE EN EL FRACCIONAMIENTO EL CUITZILLO"},"content":{"rendered":"\n<p><\/p>\n\n\n\n<ul class=\"wp-block-list\"><li><strong>Con apoyo de vecinos se retir\u00f3 el escombro que obstru\u00eda el lugar<\/strong><\/li><li><strong>El espacio se ubica en una de las etapas de esta unidad habitacional<\/strong><\/li><\/ul>\n\n\n\n<p>Personal de la coordinaci\u00f3n de Ecolog\u00eda con el apoyo de Obras P\u00fablicas, realizaron el retiro de escombro de un espacio en el fraccionamiento El Cuitzillo, en donde se recuperar\u00e1 un \u00e1rea verde en favor de los habitantes.<\/p>\n\n\n\n<p>El espacio se ubica en una de las etapas de esta unidad habitacional, en donde el \u00e1rea verde pr\u00e1cticamente se encontraba invadido de escombro y maleza, por lo que, a petici\u00f3n de los habitantes, la coordinaci\u00f3n de Ecolog\u00eda procedi\u00f3 a su limpieza.<\/p>\n\n\n\n<p>Para hacerlo, se requiri\u00f3 del apoyo de maquinaria de Obras P\u00fablicas, debido a la gran cantidad de escombro existente.<\/p>\n\n\n\n<p>Tatiana Ayala Avi\u00f1a, coordinadora de Ecolog\u00eda inform\u00f3 que, en las acciones tanto del retiro del escombro como de la maleza, se cont\u00f3 con el apoyo de los vecinos, quienes fueron los principales interesados, ya que ganar\u00e1n un \u00e1rea que podr\u00e1n arbolar para beneficio com\u00fan.<\/p>\n\n\n\n<p>El espacio se encuentra totalmente limpio y se tiene programada una campa\u00f1a de reforestaci\u00f3n para dar vida a ese terreno, con el fin de que en un futuro, los habitantes cuenten con un \u00e1rea verde que les sirva adem\u00e1s como lugar de oxigenaci\u00f3n y dispersi\u00f3n familiar.<\/p>\n","protected":false},"excerpt":{"rendered":"<p>Con apoyo de vecinos se retir\u00f3 el escombro que obstru\u00eda el lugar El espacio se&#8230;<\/p>\n","protected":false},"author":1,"featured_media":8888,"comment_status":"open","ping_status":"open","sticky":false,"template":"","format":"standard","meta":{"jetpack_post_was_ever_published":false,"_jetpack_newsletter_access":"","_jetpack_dont_email_post_to_subs":false,"_jetpack_newsletter_tier_id":0,"_jetpack_memberships_contains_paywalled_content":false,"_jetpack_memberships_contains_paid_content":false,"footnotes":"","jetpack_publicize_message":"","jetpack_publicize_feature_enabled":true,"jetpack_social_post_already_shared":true,"jetpack_social_options":{"image_generator_settings":{"template":"highway","enabled":false},"version":2}},"categories":[1],"tags":[15],"class_list":["post-8887","post","type-post","status-publish","format-standard","has-post-thumbnail","hentry","category-la-piedad","tag-la-piedad"],"jetpack_publicize_connections":[],"jetpack_sharing_enabled":true,"featured_image_urls":{"full":["http:\/\/tvalaire.com\/wp-content\/uploads\/2021\/02\/1-3-2.jpeg",780,1040,false],"thumbnail":["http:\/\/tvalaire.com\/wp-content\/uploads\/2021\/02\/1-3-2-150x150.jpeg",150,150,true],"medium":["http:\/\/tvalaire.com\/wp-content\/uploads\/2021\/02\/1-3-2-225x300.jpeg",225,300,true],"medium_large":["http:\/\/tvalaire.com\/wp-content\/uploads\/2021\/02\/1-3-2-768x1024.jpeg",640,853,true],"large":["http:\/\/tvalaire.com\/wp-content\/uploads\/2021\/02\/1-3-2-768x1024.jpeg",640,853,true],"post-slider-thumb-size":["http:\/\/tvalaire.com\/wp-content\/uploads\/2021\/02\/1-3-2-330x190.jpeg",330,190,true],"post-category-slider-size":["http:\/\/tvalaire.com\/wp-content\/uploads\/2021\/02\/1-3-2.jpeg",263,350,false],"1536x1536":["http:\/\/tvalaire.com\/wp-content\/uploads\/2021\/02\/1-3-2.jpeg",780,1040,false],"2048x2048":["http:\/\/tvalaire.com\/wp-content\/uploads\/2021\/02\/1-3-2.jpeg",780,1040,false],"newsium-slider-full":["http:\/\/tvalaire.com\/wp-content\/uploads\/2021\/02\/1-3-2-780x845.jpeg",780,845,true],"newsium-featured":["http:\/\/tvalaire.com\/wp-content\/uploads\/2021\/02\/1-3-2.jpeg",780,1040,false],"newsium-medium":["http:\/\/tvalaire.com\/wp-content\/uploads\/2021\/02\/1-3-2-720x475.jpeg",720,475,true]},"author_info":{"info":["tvalairenoti"]},"category_info":"<a href=\"http:\/\/tvalaire.com\/?cat=1\" rel=\"category\">La Piedad<\/a>","tag_info":"La Piedad","comment_count":"0","jetpack_featured_media_url":"http:\/\/tvalaire.com\/wp-content\/uploads\/2021\/02\/1-3-2.jpeg","_links":{"self":[{"href":"http:\/\/tvalaire.com\/index.php?rest_route=\/wp\/v2\/posts\/8887"}],"collection":[{"href":"http:\/\/tvalaire.com\/index.php?rest_route=\/wp\/v2\/posts"}],"about":[{"href":"http:\/\/tvalaire.com\/index.php?rest_route=\/wp\/v2\/types\/post"}],"author":[{"embeddable":true,"href":"http:\/\/tvalaire.com\/index.php?rest_route=\/wp\/v2\/users\/1"}],"replies":[{"embeddable":true,"href":"http:\/\/tvalaire.com\/index.php?rest_route=%2Fwp%2Fv2%2Fcomments&post=8887"}],"version-history":[{"count":1,"href":"http:\/\/tvalaire.com\/index.php?rest_route=\/wp\/v2\/posts\/8887\/revisions"}],"predecessor-version":[{"id":8889,"href":"http:\/\/tvalaire.com\/index.php?rest_route=\/wp\/v2\/posts\/8887\/revisions\/8889"}],"wp:featuredmedia":[{"embeddable":true,"href":"http:\/\/tvalaire.com\/index.php?rest_route=\/wp\/v2\/media\/8888"}],"wp:attachment":[{"href":"http:\/\/tvalaire.com\/index.php?rest_route=%2Fwp%2Fv2%2Fmedia&parent=8887"}],"wp:term":[{"taxonomy":"category","embeddable":true,"href":"http:\/\/tvalaire.com\/index.php?rest_route=%2Fwp%2Fv2%2Fcategories&post=8887"},{"taxonomy":"post_tag","embeddable":true,"href":"http:\/\/tvalaire.com\/index.php?rest_route=%2Fwp%2Fv2%2Ftags&post=8887"}],"curies":[{"name":"wp","href":"https:\/\/api.w.org\/{rel}","templated":true}]}}