{"id":8884,"date":"2021-01-14T10:21:00","date_gmt":"2021-01-14T16:21:00","guid":{"rendered":"http:\/\/tvalaire.com\/?p=8884"},"modified":"2021-02-02T10:22:36","modified_gmt":"2021-02-02T16:22:36","slug":"preescolar-de-la-comunidad-del-cuitzillo-tiene-nuevos-banos","status":"publish","type":"post","link":"http:\/\/tvalaire.com\/?p=8884","title":{"rendered":"PREESCOLAR DE LA COMUNIDAD DEL CUITZILLO TIENE NUEVOS BA\u00d1OS"},"content":{"rendered":"\n<p><\/p>\n\n\n\n<ul class=\"wp-block-list\"><li><strong>Se beneficiar\u00e1 a m\u00e1s de 90 ni\u00f1as y ni\u00f1os de la instituci\u00f3n<\/strong><\/li><li><strong>Padres de familia agradecen las obras realizadas<\/strong><\/li><\/ul>\n\n\n\n<p>Con el objetivo principal de favorecer a ni\u00f1as y ni\u00f1os del preescolar \u201cAndr\u00e9s Quintana Roo\u201d, de la comunidad del Cuitzillo, nuestro alcalde Alex Espinoza, padres de familia y personal docente de la instituci\u00f3n, inauguraron los sanitarios que ah\u00ed se habilitaron.<\/p>\n\n\n\n<p>De acuerdo con la informaci\u00f3n proporcionada por Obras P\u00fablicas en las acciones se destinaron m\u00e1s de 360 mil pesos, para la construcci\u00f3n del \u00e1rea de ba\u00f1os en donde se suministraron losas de concreto, azulejo, tinaco, lavamanos, sanitarios adecuados al tama\u00f1o de los ni\u00f1os, puertas y ventanas, pintura y otras acciones en un espacio de 25 metros cuadrados.<\/p>\n\n\n\n<p>Ah\u00ed nuestro Presidente se\u00f1al\u00f3 que en este sector se ha trabajado arduamente en varias instituciones educativas del municipio a fin de dignificar los espacios y favorecer las condiciones de aprendizaje de los estudiantes.<\/p>\n\n\n\n<p>Agreg\u00f3 que, con estas acciones se estar\u00e1 beneficiando a m\u00e1s de 90 ni\u00f1as y ni\u00f1os que cuando las condiciones lo permitan regresar\u00e1n a las aulas de la instituci\u00f3n para continuar con su formaci\u00f3n b\u00e1sica.<\/p>\n\n\n\n<p>Como parte de los trabajos de infraestructura que se realizan, tambi\u00e9n se\u00f1al\u00f3 que en esta comunidad hace poco se hizo la entrega de la calle Madero, la cual se rehabilit\u00f3 con la participaci\u00f3n de los propios vecinos a trav\u00e9s del \u201cPrograma Cemento\u201d.<\/p>\n\n\n\n<p>Mar\u00eda concepci\u00f3n Chavolla Rodr\u00edguez, presidenta de la Sociedad de Padres de Familia en su intervenci\u00f3n agradeci\u00f3 a las autoridades municipales por la obra realizada en favor de los educandos de ese espacio escolar.<\/p>\n","protected":false},"excerpt":{"rendered":"<p>Se beneficiar\u00e1 a m\u00e1s de 90 ni\u00f1as y ni\u00f1os de la instituci\u00f3n Padres de familia&#8230;<\/p>\n","protected":false},"author":1,"featured_media":8885,"comment_status":"open","ping_status":"open","sticky":false,"template":"","format":"standard","meta":{"jetpack_post_was_ever_published":false,"_jetpack_newsletter_access":"","_jetpack_dont_email_post_to_subs":false,"_jetpack_newsletter_tier_id":0,"_jetpack_memberships_contains_paywalled_content":false,"_jetpack_memberships_contains_paid_content":false,"footnotes":"","jetpack_publicize_message":"","jetpack_publicize_feature_enabled":true,"jetpack_social_post_already_shared":true,"jetpack_social_options":{"image_generator_settings":{"template":"highway","enabled":false},"version":2}},"categories":[1],"tags":[15],"class_list":["post-8884","post","type-post","status-publish","format-standard","has-post-thumbnail","hentry","category-la-piedad","tag-la-piedad"],"jetpack_publicize_connections":[],"jetpack_sharing_enabled":true,"featured_image_urls":{"full":["http:\/\/tvalaire.com\/wp-content\/uploads\/2021\/02\/1-1-2.jpeg",1280,853,false],"thumbnail":["http:\/\/tvalaire.com\/wp-content\/uploads\/2021\/02\/1-1-2-150x150.jpeg",150,150,true],"medium":["http:\/\/tvalaire.com\/wp-content\/uploads\/2021\/02\/1-1-2-300x200.jpeg",300,200,true],"medium_large":["http:\/\/tvalaire.com\/wp-content\/uploads\/2021\/02\/1-1-2-768x512.jpeg",640,427,true],"large":["http:\/\/tvalaire.com\/wp-content\/uploads\/2021\/02\/1-1-2-1024x682.jpeg",640,426,true],"post-slider-thumb-size":["http:\/\/tvalaire.com\/wp-content\/uploads\/2021\/02\/1-1-2-330x190.jpeg",330,190,true],"post-category-slider-size":["http:\/\/tvalaire.com\/wp-content\/uploads\/2021\/02\/1-1-2.jpeg",330,220,false],"1536x1536":["http:\/\/tvalaire.com\/wp-content\/uploads\/2021\/02\/1-1-2.jpeg",1280,853,false],"2048x2048":["http:\/\/tvalaire.com\/wp-content\/uploads\/2021\/02\/1-1-2.jpeg",1280,853,false],"newsium-slider-full":["http:\/\/tvalaire.com\/wp-content\/uploads\/2021\/02\/1-1-2-1280x845.jpeg",1280,845,true],"newsium-featured":["http:\/\/tvalaire.com\/wp-content\/uploads\/2021\/02\/1-1-2-1024x682.jpeg",1024,682,true],"newsium-medium":["http:\/\/tvalaire.com\/wp-content\/uploads\/2021\/02\/1-1-2-720x475.jpeg",720,475,true]},"author_info":{"info":["tvalairenoti"]},"category_info":"<a href=\"http:\/\/tvalaire.com\/?cat=1\" rel=\"category\">La Piedad<\/a>","tag_info":"La Piedad","comment_count":"0","jetpack_featured_media_url":"http:\/\/tvalaire.com\/wp-content\/uploads\/2021\/02\/1-1-2.jpeg","_links":{"self":[{"href":"http:\/\/tvalaire.com\/index.php?rest_route=\/wp\/v2\/posts\/8884"}],"collection":[{"href":"http:\/\/tvalaire.com\/index.php?rest_route=\/wp\/v2\/posts"}],"about":[{"href":"http:\/\/tvalaire.com\/index.php?rest_route=\/wp\/v2\/types\/post"}],"author":[{"embeddable":true,"href":"http:\/\/tvalaire.com\/index.php?rest_route=\/wp\/v2\/users\/1"}],"replies":[{"embeddable":true,"href":"http:\/\/tvalaire.com\/index.php?rest_route=%2Fwp%2Fv2%2Fcomments&post=8884"}],"version-history":[{"count":1,"href":"http:\/\/tvalaire.com\/index.php?rest_route=\/wp\/v2\/posts\/8884\/revisions"}],"predecessor-version":[{"id":8886,"href":"http:\/\/tvalaire.com\/index.php?rest_route=\/wp\/v2\/posts\/8884\/revisions\/8886"}],"wp:featuredmedia":[{"embeddable":true,"href":"http:\/\/tvalaire.com\/index.php?rest_route=\/wp\/v2\/media\/8885"}],"wp:attachment":[{"href":"http:\/\/tvalaire.com\/index.php?rest_route=%2Fwp%2Fv2%2Fmedia&parent=8884"}],"wp:term":[{"taxonomy":"category","embeddable":true,"href":"http:\/\/tvalaire.com\/index.php?rest_route=%2Fwp%2Fv2%2Fcategories&post=8884"},{"taxonomy":"post_tag","embeddable":true,"href":"http:\/\/tvalaire.com\/index.php?rest_route=%2Fwp%2Fv2%2Ftags&post=8884"}],"curies":[{"name":"wp","href":"https:\/\/api.w.org\/{rel}","templated":true}]}}