{"id":8880,"date":"2021-01-13T10:19:00","date_gmt":"2021-01-13T16:19:00","guid":{"rendered":"http:\/\/tvalaire.com\/?p=8880"},"modified":"2021-02-02T10:21:29","modified_gmt":"2021-02-02T16:21:29","slug":"entrega-alcalde-obras-de-mejoramiento-en-escuela-primaria","status":"publish","type":"post","link":"http:\/\/tvalaire.com\/?p=8880","title":{"rendered":"ENTREGA ALCALDE OBRAS DE MEJORAMIENTO EN ESCUELA PRIMARIA"},"content":{"rendered":"\n<p><\/p>\n\n\n\n<ul class=\"wp-block-list\"><li><strong>Reitera Alcalde su compromiso con el sector educativo<\/strong><\/li><li><strong>Seguiremos realizando labores de mejora urbana en el municipio: Edil<\/strong><\/li><\/ul>\n\n\n\n<p>Acompa\u00f1ado de autoridades escolares y padres de familia, nuestro alcalde Alex Espinoza, entreg\u00f3 de manera oficial la construcci\u00f3n de la barda perimetral y la rehabilitaci\u00f3n de los ba\u00f1os que se hicieron en la escuela Primaria \u201cOtilia Castillo P\u00e9rez\u201d.<\/p>\n\n\n\n<p>Con una inversi\u00f3n superior a los 304 mil pesos, a trav\u00e9s del Fondo III se retir\u00f3 la malla cicl\u00f3nica para habitar m\u00e1s de 155 metros cuadrados de muro de block, as\u00ed mismo se habilitaron sanitarios, lavamanos, piso cer\u00e1mico, mijitorios y otras acciones con las que se dignific\u00f3 el espacio escolar.<\/p>\n\n\n\n<p>En su intervenci\u00f3n nuestro Presidente coment\u00f3 que estas acciones se tratan de compromisos cumplidos en favor de las ni\u00f1as y ni\u00f1os y as\u00ed tengan espacios m\u00e1s dignos para tener una educaci\u00f3n de calidad que colabore a su desarrollo intelectual.<\/p>\n\n\n\n<p>Ah\u00ed, reiter\u00f3 el compromiso de la administraci\u00f3n que encabeza para seguir apoyando el sector educativo, as\u00ed como la infraestructura en todo el municipio. Se\u00f1al\u00f3 que acciones en el mejoramiento urbano de la ciudad continuar\u00e1n realizandose en varios puntos del municipio y en favor de sus habitantes.<\/p>\n\n\n\n<p>Luciano \u00c1lvarezVeroa, director de la instituci\u00f3n educativa tom\u00f3 la palabra para agradecer la intervenci\u00f3n del Gobierno Municipal y el cual destac\u00f3 que despu\u00e9s de varios a\u00f1os de solicitud de las obras, fue esta administraci\u00f3n quien dio respuesta favorable en beneficio de la comunidad estudiantil, que dijo espera pronto regresen a las aulas.<\/p>\n","protected":false},"excerpt":{"rendered":"<p>Reitera Alcalde su compromiso con el sector educativo Seguiremos realizando labores de mejora urbana en&#8230;<\/p>\n","protected":false},"author":1,"featured_media":8882,"comment_status":"open","ping_status":"open","sticky":false,"template":"","format":"standard","meta":{"jetpack_post_was_ever_published":false,"_jetpack_newsletter_access":"","_jetpack_dont_email_post_to_subs":false,"_jetpack_newsletter_tier_id":0,"_jetpack_memberships_contains_paywalled_content":false,"_jetpack_memberships_contains_paid_content":false,"footnotes":"","jetpack_publicize_message":"","jetpack_publicize_feature_enabled":true,"jetpack_social_post_already_shared":true,"jetpack_social_options":{"image_generator_settings":{"template":"highway","enabled":false},"version":2}},"categories":[1],"tags":[15],"class_list":["post-8880","post","type-post","status-publish","format-standard","has-post-thumbnail","hentry","category-la-piedad","tag-la-piedad"],"jetpack_publicize_connections":[],"jetpack_sharing_enabled":true,"featured_image_urls":{"full":["http:\/\/tvalaire.com\/wp-content\/uploads\/2021\/02\/1-1-1-1.jpeg",1247,832,false],"thumbnail":["http:\/\/tvalaire.com\/wp-content\/uploads\/2021\/02\/1-1-1-1-150x150.jpeg",150,150,true],"medium":["http:\/\/tvalaire.com\/wp-content\/uploads\/2021\/02\/1-1-1-1-300x200.jpeg",300,200,true],"medium_large":["http:\/\/tvalaire.com\/wp-content\/uploads\/2021\/02\/1-1-1-1-768x512.jpeg",640,427,true],"large":["http:\/\/tvalaire.com\/wp-content\/uploads\/2021\/02\/1-1-1-1-1024x683.jpeg",640,427,true],"post-slider-thumb-size":["http:\/\/tvalaire.com\/wp-content\/uploads\/2021\/02\/1-1-1-1-330x190.jpeg",330,190,true],"post-category-slider-size":["http:\/\/tvalaire.com\/wp-content\/uploads\/2021\/02\/1-1-1-1.jpeg",330,220,false],"1536x1536":["http:\/\/tvalaire.com\/wp-content\/uploads\/2021\/02\/1-1-1-1.jpeg",1247,832,false],"2048x2048":["http:\/\/tvalaire.com\/wp-content\/uploads\/2021\/02\/1-1-1-1.jpeg",1247,832,false],"newsium-slider-full":["http:\/\/tvalaire.com\/wp-content\/uploads\/2021\/02\/1-1-1-1.jpeg",1247,832,false],"newsium-featured":["http:\/\/tvalaire.com\/wp-content\/uploads\/2021\/02\/1-1-1-1-1024x683.jpeg",1024,683,true],"newsium-medium":["http:\/\/tvalaire.com\/wp-content\/uploads\/2021\/02\/1-1-1-1-720x475.jpeg",720,475,true]},"author_info":{"info":["tvalairenoti"]},"category_info":"<a href=\"http:\/\/tvalaire.com\/?cat=1\" rel=\"category\">La Piedad<\/a>","tag_info":"La Piedad","comment_count":"0","jetpack_featured_media_url":"http:\/\/tvalaire.com\/wp-content\/uploads\/2021\/02\/1-1-1-1.jpeg","_links":{"self":[{"href":"http:\/\/tvalaire.com\/index.php?rest_route=\/wp\/v2\/posts\/8880"}],"collection":[{"href":"http:\/\/tvalaire.com\/index.php?rest_route=\/wp\/v2\/posts"}],"about":[{"href":"http:\/\/tvalaire.com\/index.php?rest_route=\/wp\/v2\/types\/post"}],"author":[{"embeddable":true,"href":"http:\/\/tvalaire.com\/index.php?rest_route=\/wp\/v2\/users\/1"}],"replies":[{"embeddable":true,"href":"http:\/\/tvalaire.com\/index.php?rest_route=%2Fwp%2Fv2%2Fcomments&post=8880"}],"version-history":[{"count":1,"href":"http:\/\/tvalaire.com\/index.php?rest_route=\/wp\/v2\/posts\/8880\/revisions"}],"predecessor-version":[{"id":8883,"href":"http:\/\/tvalaire.com\/index.php?rest_route=\/wp\/v2\/posts\/8880\/revisions\/8883"}],"wp:featuredmedia":[{"embeddable":true,"href":"http:\/\/tvalaire.com\/index.php?rest_route=\/wp\/v2\/media\/8882"}],"wp:attachment":[{"href":"http:\/\/tvalaire.com\/index.php?rest_route=%2Fwp%2Fv2%2Fmedia&parent=8880"}],"wp:term":[{"taxonomy":"category","embeddable":true,"href":"http:\/\/tvalaire.com\/index.php?rest_route=%2Fwp%2Fv2%2Fcategories&post=8880"},{"taxonomy":"post_tag","embeddable":true,"href":"http:\/\/tvalaire.com\/index.php?rest_route=%2Fwp%2Fv2%2Ftags&post=8880"}],"curies":[{"name":"wp","href":"https:\/\/api.w.org\/{rel}","templated":true}]}}