{"id":887,"date":"2017-03-14T10:09:17","date_gmt":"2017-03-14T16:09:17","guid":{"rendered":"http:\/\/tvalaire.com\/?p=887"},"modified":"2017-03-14T10:09:17","modified_gmt":"2017-03-14T16:09:17","slug":"autorizo-cabildo-ultima-modificacion-al-poa-2016-y-primera-del-2017","status":"publish","type":"post","link":"http:\/\/tvalaire.com\/?p=887","title":{"rendered":"AUTORIZ\u00d3 CABILDO \u00daLTIMA MODIFICACI\u00d3N AL POA 2016 Y PRIMERA DEL  2017"},"content":{"rendered":"<p class=\"xmsonormal\" style=\"text-align: center; background: white;\" align=\"center\"><b><span style=\"font-size: 13.0pt; font-family: 'Arial','sans-serif'; color: #212121;\">\u00a0<\/span><\/b><\/p>\n<p class=\"xmsonormal\" style=\"text-align: justify; background: white; font-variant-ligatures: normal; font-variant-caps: normal; orphans: 2; widows: 2; -webkit-text-stroke-width: 0px; word-spacing: 0px;\"><span style=\"font-size: 13.0pt; font-family: 'Arial','sans-serif'; color: #212121;\">Por unanimidad en los votos, integrantes del Cabildo del municipio de La Piedad autorizaron la \u00faltima modificaci\u00f3n al Programa de Obra (POA) 2016 y la primera modificaci\u00f3n del plan de obras del 2017, que contempla la inclusi\u00f3n de cuatro obras gestionadas por el Alcalde Juan Manuel Estrada Medina.<\/span><\/p>\n<p class=\"xmsonormal\" style=\"text-align: justify; background: white;\"><span style=\"font-size: 13.0pt; font-family: 'Arial','sans-serif'; color: #212121;\">A trav\u00e9s del POA 2017, pidi\u00f3 autorizaci\u00f3n para dar la primera modificaci\u00f3n en el apartado de proyectos ejecutivos y estudios directos en donde la modificaci\u00f3n se incluye para el caso de que el Ayuntamiento necesite realizar estudios de mec\u00e1nica de suelos o impacto ambiental, cuando se requiera para las obras y dar de alta 4 proyectos gestionados por el Alcalde Juan Manuel Estrada Medina del programa de Rescate de Espacios P\u00fablicos.<\/span><\/p>\n<p class=\"xmsonormal\" style=\"text-align: justify; background: white;\"><span style=\"font-size: 13.0pt; font-family: 'Arial','sans-serif'; color: #212121;\">Dentro de estas modificaciones para este a\u00f1o destacan la pavimentaci\u00f3n de la pavimentaci\u00f3n de la calle Encinos entre Cipr\u00e9s y \u00c1lamos en la colonia Arboledas, con una inversi\u00f3n de 1.4 millones de pesos, el Centro Deportivo y Recreativo del Ejido Los Moreno, que tendr\u00e1 un costo de poco m\u00e1s de 2 millones de pesos.<\/span><\/p>\n<p class=\"xmsonormal\" style=\"text-align: justify; background: white;\"><span style=\"font-size: 13.0pt; font-family: 'Arial','sans-serif'; color: #212121;\">Dentro de este paquete de obras entra tambi\u00e9n la pavimentaci\u00f3n de la calle Plan de Ayala entre Igualdad y Democracia con una inversi\u00f3n de 1.2 millones de pesos. As\u00ed como tambi\u00e9n la sustituci\u00f3n de l\u00e1mparas led en la Avenida Michoac\u00e1n, entre el bulevar L\u00e1zaro C\u00e1rdenas a la avenida Juan Pablo II, por un monto de 395 mil 600 pesos.<\/span><\/p>\n<p class=\"xmsonormal\" style=\"text-align: justify; background: white;\"><span style=\"font-size: 13.0pt; font-family: 'Arial','sans-serif'; color: #212121;\">Dentro de las solicitudes presentadas por el propio Alcalde a trav\u00e9s del director de obras p\u00fablicas. En el caso del POA 2016, la modificaci\u00f3n incluye la pavimentaci\u00f3n de la calle Quer\u00e9taro que ser\u00eda por contrato y fue hecha por administraci\u00f3n, debido a que los recursos de Caminos y Puentes Federales (CAPUFE), no llegan al municipio en una sola exhibici\u00f3n.<\/span><\/p>\n<p class=\"xmsonormal\" style=\"text-align: justify; background: white;\"><span style=\"font-size: 13.0pt; font-family: 'Arial','sans-serif'; color: #212121;\">El acondicionamiento del nodo de educaci\u00f3n a distancia de la Universidad Michoacana de San Nicol\u00e1s de Hidalgo (UMSNH), en donde originalmente se hab\u00edan autorizado 500 mil pesos y qued\u00f3 en 480 mil 321 pesos. Obteniendo una econom\u00eda.<\/span><\/p>\n<p class=\"xmsonormal\" style=\"text-align: justify; background: white;\"><span style=\"font-size: 13.0pt; font-family: 'Arial','sans-serif'; color: #212121;\">Lo mismo en la adaptaci\u00f3n de las instalaciones del Centro Intermunicipal para el Tratamiento de Integral de los Residuos S\u00f3lidos (CITIRS), en donde le autorizaron 500 mil pesos, pero al utilizar maquinaria del municipio obtuvieron econom\u00edas, ya que los trabajos previstos se hicieron con 198 mil 151 pesos, entre otras.<\/span><\/p>\n","protected":false},"excerpt":{"rendered":"<p>\u00a0 Por unanimidad en los votos, integrantes del Cabildo del municipio de La Piedad autorizaron&#8230;<\/p>\n","protected":false},"author":1,"featured_media":884,"comment_status":"open","ping_status":"open","sticky":false,"template":"","format":"standard","meta":{"jetpack_post_was_ever_published":false,"_jetpack_newsletter_access":"","_jetpack_dont_email_post_to_subs":false,"_jetpack_newsletter_tier_id":0,"_jetpack_memberships_contains_paywalled_content":false,"_jetpack_memberships_contains_paid_content":false,"footnotes":"","jetpack_publicize_message":"","jetpack_publicize_feature_enabled":true,"jetpack_social_post_already_shared":false,"jetpack_social_options":{"image_generator_settings":{"template":"highway","enabled":false},"version":2}},"categories":[1],"tags":[15,36],"class_list":["post-887","post","type-post","status-publish","format-standard","has-post-thumbnail","hentry","category-la-piedad","tag-la-piedad","tag-principales"],"jetpack_publicize_connections":[],"jetpack_sharing_enabled":true,"featured_image_urls":{"full":["http:\/\/tvalaire.com\/wp-content\/uploads\/2017\/03\/AUTORIZ\u00d3-CABILDO-\u00daLTIMA-MODIFICACI\u00d3N-AL-POA-2016-Y-PRIMERA-DEL-2017.jpg",1024,683,false],"thumbnail":["http:\/\/tvalaire.com\/wp-content\/uploads\/2017\/03\/AUTORIZ\u00d3-CABILDO-\u00daLTIMA-MODIFICACI\u00d3N-AL-POA-2016-Y-PRIMERA-DEL-2017-150x150.jpg",150,150,true],"medium":["http:\/\/tvalaire.com\/wp-content\/uploads\/2017\/03\/AUTORIZ\u00d3-CABILDO-\u00daLTIMA-MODIFICACI\u00d3N-AL-POA-2016-Y-PRIMERA-DEL-2017-300x200.jpg",300,200,true],"medium_large":["http:\/\/tvalaire.com\/wp-content\/uploads\/2017\/03\/AUTORIZ\u00d3-CABILDO-\u00daLTIMA-MODIFICACI\u00d3N-AL-POA-2016-Y-PRIMERA-DEL-2017-768x512.jpg",640,427,true],"large":["http:\/\/tvalaire.com\/wp-content\/uploads\/2017\/03\/AUTORIZ\u00d3-CABILDO-\u00daLTIMA-MODIFICACI\u00d3N-AL-POA-2016-Y-PRIMERA-DEL-2017-1024x683.jpg",640,427,true],"post-slider-thumb-size":["http:\/\/tvalaire.com\/wp-content\/uploads\/2017\/03\/AUTORIZ\u00d3-CABILDO-\u00daLTIMA-MODIFICACI\u00d3N-AL-POA-2016-Y-PRIMERA-DEL-2017.jpg",285,190,false],"post-category-slider-size":["http:\/\/tvalaire.com\/wp-content\/uploads\/2017\/03\/AUTORIZ\u00d3-CABILDO-\u00daLTIMA-MODIFICACI\u00d3N-AL-POA-2016-Y-PRIMERA-DEL-2017.jpg",330,220,false],"1536x1536":["http:\/\/tvalaire.com\/wp-content\/uploads\/2017\/03\/AUTORIZ\u00d3-CABILDO-\u00daLTIMA-MODIFICACI\u00d3N-AL-POA-2016-Y-PRIMERA-DEL-2017.jpg",1024,683,false],"2048x2048":["http:\/\/tvalaire.com\/wp-content\/uploads\/2017\/03\/AUTORIZ\u00d3-CABILDO-\u00daLTIMA-MODIFICACI\u00d3N-AL-POA-2016-Y-PRIMERA-DEL-2017.jpg",1024,683,false],"newsium-slider-full":["http:\/\/tvalaire.com\/wp-content\/uploads\/2017\/03\/AUTORIZ\u00d3-CABILDO-\u00daLTIMA-MODIFICACI\u00d3N-AL-POA-2016-Y-PRIMERA-DEL-2017.jpg",1024,683,false],"newsium-featured":["http:\/\/tvalaire.com\/wp-content\/uploads\/2017\/03\/AUTORIZ\u00d3-CABILDO-\u00daLTIMA-MODIFICACI\u00d3N-AL-POA-2016-Y-PRIMERA-DEL-2017.jpg",1024,683,false],"newsium-medium":["http:\/\/tvalaire.com\/wp-content\/uploads\/2017\/03\/AUTORIZ\u00d3-CABILDO-\u00daLTIMA-MODIFICACI\u00d3N-AL-POA-2016-Y-PRIMERA-DEL-2017.jpg",712,475,false]},"author_info":{"info":["tvalairenoti"]},"category_info":"<a href=\"http:\/\/tvalaire.com\/?cat=1\" rel=\"category\">La Piedad<\/a>","tag_info":"La Piedad","comment_count":"0","jetpack_featured_media_url":"http:\/\/tvalaire.com\/wp-content\/uploads\/2017\/03\/AUTORIZ\u00d3-CABILDO-\u00daLTIMA-MODIFICACI\u00d3N-AL-POA-2016-Y-PRIMERA-DEL-2017.jpg","_links":{"self":[{"href":"http:\/\/tvalaire.com\/index.php?rest_route=\/wp\/v2\/posts\/887"}],"collection":[{"href":"http:\/\/tvalaire.com\/index.php?rest_route=\/wp\/v2\/posts"}],"about":[{"href":"http:\/\/tvalaire.com\/index.php?rest_route=\/wp\/v2\/types\/post"}],"author":[{"embeddable":true,"href":"http:\/\/tvalaire.com\/index.php?rest_route=\/wp\/v2\/users\/1"}],"replies":[{"embeddable":true,"href":"http:\/\/tvalaire.com\/index.php?rest_route=%2Fwp%2Fv2%2Fcomments&post=887"}],"version-history":[{"count":1,"href":"http:\/\/tvalaire.com\/index.php?rest_route=\/wp\/v2\/posts\/887\/revisions"}],"predecessor-version":[{"id":888,"href":"http:\/\/tvalaire.com\/index.php?rest_route=\/wp\/v2\/posts\/887\/revisions\/888"}],"wp:featuredmedia":[{"embeddable":true,"href":"http:\/\/tvalaire.com\/index.php?rest_route=\/wp\/v2\/media\/884"}],"wp:attachment":[{"href":"http:\/\/tvalaire.com\/index.php?rest_route=%2Fwp%2Fv2%2Fmedia&parent=887"}],"wp:term":[{"taxonomy":"category","embeddable":true,"href":"http:\/\/tvalaire.com\/index.php?rest_route=%2Fwp%2Fv2%2Fcategories&post=887"},{"taxonomy":"post_tag","embeddable":true,"href":"http:\/\/tvalaire.com\/index.php?rest_route=%2Fwp%2Fv2%2Ftags&post=887"}],"curies":[{"name":"wp","href":"https:\/\/api.w.org\/{rel}","templated":true}]}}