{"id":8853,"date":"2021-01-07T15:18:12","date_gmt":"2021-01-07T21:18:12","guid":{"rendered":"http:\/\/tvalaire.com\/?p=8853"},"modified":"2021-01-07T15:18:18","modified_gmt":"2021-01-07T21:18:18","slug":"se-cancela-el-servicio-de-transporte-publico","status":"publish","type":"post","link":"http:\/\/tvalaire.com\/?p=8853","title":{"rendered":"SE CANCELA EL SERVICIO DE TRANSPORTE P\u00daBLICO"},"content":{"rendered":"\n<p><\/p>\n\n\n\n<ul class=\"wp-block-list\"><li><strong>Funcionar\u00e1 de jueves a s\u00e1bado hasta las 7:00 de la noche<\/strong><\/li><li><strong>Domingo se suspende por completo el servicio for\u00e1neo y el colectivo<\/strong><\/li><\/ul>\n\n\n\n<p>A partir de hoy jueves y durante las pr\u00f3ximas 2 semanas, el transporte urbano y suburbano, as\u00ed como los microbuses en la ciudad, suspender\u00e1n el trabajo a partir de las 7:00 de la noche y los domingos no habr\u00e1 servicio.<\/p>\n\n\n\n<p>Lo anterior forma parte de las nuevas Medidas de Mitigaci\u00f3n que ser\u00e1n aplicadas en nuestro estado, con el fin de bajar el \u00edndice de contagios por coronavirus entre la poblaci\u00f3n.<\/p>\n\n\n\n<p>Gabriel Anguiano Maga\u00f1a, director de Tr\u00e1nsito y Vialidad, inform\u00f3 que derivado del acuerdo establecido con los representantes de los gobiernos de los 12 municipios que forman parte de la Jurisdicci\u00f3n Sanitaria No. 6, se reunieron con los representantes de las diversas rutas del servicio colectivo en la ciudad, as\u00ed como del transporte urbano y suburbano for\u00e1neo, con el fin de que se unieran a las acciones con las que busca disminuir la movilidad de las personas y con ello, acabar con la cadena de contagios por COVID-19.<\/p>\n\n\n\n<p>Por lo anterior, inform\u00f3 que, a partir de este jueves al s\u00e1bado, el servicio colectivo y for\u00e1neo en nuestro municipio trabajar\u00e1 hasta las 7:00 de la noche, toda vez que los comercios cerrar\u00e1n a las 18:00 horas.<\/p>\n\n\n\n<p>Los pr\u00f3ximos 3 domingos tanto el servicio for\u00e1neo de Numar\u00e1n, Zin\u00e1paro, Penjamillo, as\u00ed como todas las rutas locales suspender\u00e1 su trabajo, ya que habr\u00e1 cierre total de negocios incluidos, Mercados, Centros Comerciales, Supermercados, Cines, Bares y Tianguis.<\/p>\n\n\n\n<p>Gabriel Anguiano inform\u00f3 que ma\u00f1ana viernes se reunir\u00e1n con los taxistas para analizar la misma tem\u00e1tica y solicitar se sumen a este acuerdo.<\/p>\n","protected":false},"excerpt":{"rendered":"<p>Funcionar\u00e1 de jueves a s\u00e1bado hasta las 7:00 de la noche Domingo se suspende por&#8230;<\/p>\n","protected":false},"author":1,"featured_media":8854,"comment_status":"open","ping_status":"open","sticky":false,"template":"","format":"standard","meta":{"jetpack_post_was_ever_published":false,"_jetpack_newsletter_access":"","_jetpack_dont_email_post_to_subs":false,"_jetpack_newsletter_tier_id":0,"_jetpack_memberships_contains_paywalled_content":false,"_jetpack_memberships_contains_paid_content":false,"footnotes":"","jetpack_publicize_message":"","jetpack_publicize_feature_enabled":true,"jetpack_social_post_already_shared":true,"jetpack_social_options":{"image_generator_settings":{"template":"highway","enabled":false},"version":2}},"categories":[1],"tags":[15],"class_list":["post-8853","post","type-post","status-publish","format-standard","has-post-thumbnail","hentry","category-la-piedad","tag-la-piedad"],"jetpack_publicize_connections":[],"jetpack_sharing_enabled":true,"featured_image_urls":{"full":["http:\/\/tvalaire.com\/wp-content\/uploads\/2021\/01\/1-3-1.jpeg",1280,853,false],"thumbnail":["http:\/\/tvalaire.com\/wp-content\/uploads\/2021\/01\/1-3-1-150x150.jpeg",150,150,true],"medium":["http:\/\/tvalaire.com\/wp-content\/uploads\/2021\/01\/1-3-1-300x200.jpeg",300,200,true],"medium_large":["http:\/\/tvalaire.com\/wp-content\/uploads\/2021\/01\/1-3-1-768x512.jpeg",640,427,true],"large":["http:\/\/tvalaire.com\/wp-content\/uploads\/2021\/01\/1-3-1-1024x682.jpeg",640,426,true],"post-slider-thumb-size":["http:\/\/tvalaire.com\/wp-content\/uploads\/2021\/01\/1-3-1-330x190.jpeg",330,190,true],"post-category-slider-size":["http:\/\/tvalaire.com\/wp-content\/uploads\/2021\/01\/1-3-1.jpeg",330,220,false],"1536x1536":["http:\/\/tvalaire.com\/wp-content\/uploads\/2021\/01\/1-3-1.jpeg",1280,853,false],"2048x2048":["http:\/\/tvalaire.com\/wp-content\/uploads\/2021\/01\/1-3-1.jpeg",1280,853,false],"newsium-slider-full":["http:\/\/tvalaire.com\/wp-content\/uploads\/2021\/01\/1-3-1-1280x845.jpeg",1280,845,true],"newsium-featured":["http:\/\/tvalaire.com\/wp-content\/uploads\/2021\/01\/1-3-1-1024x682.jpeg",1024,682,true],"newsium-medium":["http:\/\/tvalaire.com\/wp-content\/uploads\/2021\/01\/1-3-1-720x475.jpeg",720,475,true]},"author_info":{"info":["tvalairenoti"]},"category_info":"<a href=\"http:\/\/tvalaire.com\/?cat=1\" rel=\"category\">La Piedad<\/a>","tag_info":"La Piedad","comment_count":"0","jetpack_featured_media_url":"http:\/\/tvalaire.com\/wp-content\/uploads\/2021\/01\/1-3-1.jpeg","_links":{"self":[{"href":"http:\/\/tvalaire.com\/index.php?rest_route=\/wp\/v2\/posts\/8853"}],"collection":[{"href":"http:\/\/tvalaire.com\/index.php?rest_route=\/wp\/v2\/posts"}],"about":[{"href":"http:\/\/tvalaire.com\/index.php?rest_route=\/wp\/v2\/types\/post"}],"author":[{"embeddable":true,"href":"http:\/\/tvalaire.com\/index.php?rest_route=\/wp\/v2\/users\/1"}],"replies":[{"embeddable":true,"href":"http:\/\/tvalaire.com\/index.php?rest_route=%2Fwp%2Fv2%2Fcomments&post=8853"}],"version-history":[{"count":1,"href":"http:\/\/tvalaire.com\/index.php?rest_route=\/wp\/v2\/posts\/8853\/revisions"}],"predecessor-version":[{"id":8855,"href":"http:\/\/tvalaire.com\/index.php?rest_route=\/wp\/v2\/posts\/8853\/revisions\/8855"}],"wp:featuredmedia":[{"embeddable":true,"href":"http:\/\/tvalaire.com\/index.php?rest_route=\/wp\/v2\/media\/8854"}],"wp:attachment":[{"href":"http:\/\/tvalaire.com\/index.php?rest_route=%2Fwp%2Fv2%2Fmedia&parent=8853"}],"wp:term":[{"taxonomy":"category","embeddable":true,"href":"http:\/\/tvalaire.com\/index.php?rest_route=%2Fwp%2Fv2%2Fcategories&post=8853"},{"taxonomy":"post_tag","embeddable":true,"href":"http:\/\/tvalaire.com\/index.php?rest_route=%2Fwp%2Fv2%2Ftags&post=8853"}],"curies":[{"name":"wp","href":"https:\/\/api.w.org\/{rel}","templated":true}]}}