{"id":8833,"date":"2021-01-04T14:39:00","date_gmt":"2021-01-04T20:39:00","guid":{"rendered":"http:\/\/tvalaire.com\/?p=8833"},"modified":"2021-01-07T14:41:00","modified_gmt":"2021-01-07T20:41:00","slug":"vigilan-medidas-sanitarias-en-tianguis-de-juguetes","status":"publish","type":"post","link":"http:\/\/tvalaire.com\/?p=8833","title":{"rendered":"VIGILAN MEDIDAS SANITARIAS EN TIANGUIS DE JUGUETES"},"content":{"rendered":"\n<p><\/p>\n\n\n\n<ul class=\"wp-block-list\"><li><strong>Extremar\u00e1n revisiones en el comercio en general<\/strong><\/li><li><strong>Se invita a la poblaci\u00f3n atender las medidas de higiene<\/strong><\/li><\/ul>\n\n\n\n<p>Personal de la direcci\u00f3n de Reglamentos apoyado con una brigada de Guardianes de la Salud del Gobierno del Estado, extremar\u00e1n la vigilancia en la aplicaci\u00f3n de las medidas sanitarias en comercios, principalmente en el \u00e1rea de venta de juguetes en el estacionamiento de la tienda Ley.<\/p>\n\n\n\n<p>Jos\u00e9 Luis Ortiz Coronado, director de la dependencia inform\u00f3 que pensando en la situaci\u00f3n que se vive por los casos del COVID-19 registrados en la localidad, se acord\u00f3 habilitar el estacionamiento de la tienda Ley, con el fin de garantizar las distancias y generar mejores condiciones para vendedores yclientes.<\/p>\n\n\n\n<p>Indic\u00f3 que desde que se instalaron los comerciantes se ha mantenido estrecha vigilancia de las medidas sanitarias, pues se logr\u00f3 la habilitaci\u00f3n de un filtro sanitario en donde se cuenta con gel antibacterial y medici\u00f3n de la temperatura de las personas que asisten.<\/p>\n\n\n\n<p>Vigilan tambi\u00e9n que el espacio cuente con una ruta de entrada y salida, as\u00ed como la se\u00f1al\u00e9tica que garantice la sana distancia y el aforo permitido.<\/p>\n\n\n\n<p>En estas acciones, personal de Reglamentos est\u00e1 siendo apoyado por brigadistas de los Guardianes de la Salud, quienes permanecer\u00e1n en la ciudad todos estos d\u00edas vigilando el \u00e1rea del tianguis de juguetes, as\u00ed como el comercio en la localidad.<\/p>\n\n\n\n<p>Ortiz Coronado, hizo una vez m\u00e1s un llamado a los comerciantes y a la ciudadan\u00eda en general a cumplir con las medidas sanitarias y usar cubrebocas en todo momento por la salud de ellos como de los dem\u00e1s.<\/p>\n","protected":false},"excerpt":{"rendered":"<p>Extremar\u00e1n revisiones en el comercio en general Se invita a la poblaci\u00f3n atender las medidas&#8230;<\/p>\n","protected":false},"author":1,"featured_media":8834,"comment_status":"open","ping_status":"open","sticky":false,"template":"","format":"standard","meta":{"jetpack_post_was_ever_published":false,"_jetpack_newsletter_access":"","_jetpack_dont_email_post_to_subs":false,"_jetpack_newsletter_tier_id":0,"_jetpack_memberships_contains_paywalled_content":false,"_jetpack_memberships_contains_paid_content":false,"footnotes":"","jetpack_publicize_message":"","jetpack_publicize_feature_enabled":true,"jetpack_social_post_already_shared":true,"jetpack_social_options":{"image_generator_settings":{"template":"highway","enabled":false},"version":2}},"categories":[1],"tags":[15],"class_list":["post-8833","post","type-post","status-publish","format-standard","has-post-thumbnail","hentry","category-la-piedad","tag-la-piedad"],"jetpack_publicize_connections":[],"jetpack_sharing_enabled":true,"featured_image_urls":{"full":["http:\/\/tvalaire.com\/wp-content\/uploads\/2021\/01\/1-4-1.jpeg",876,767,false],"thumbnail":["http:\/\/tvalaire.com\/wp-content\/uploads\/2021\/01\/1-4-1-150x150.jpeg",150,150,true],"medium":["http:\/\/tvalaire.com\/wp-content\/uploads\/2021\/01\/1-4-1-300x263.jpeg",300,263,true],"medium_large":["http:\/\/tvalaire.com\/wp-content\/uploads\/2021\/01\/1-4-1-768x672.jpeg",640,560,true],"large":["http:\/\/tvalaire.com\/wp-content\/uploads\/2021\/01\/1-4-1.jpeg",640,560,false],"post-slider-thumb-size":["http:\/\/tvalaire.com\/wp-content\/uploads\/2021\/01\/1-4-1-330x190.jpeg",330,190,true],"post-category-slider-size":["http:\/\/tvalaire.com\/wp-content\/uploads\/2021\/01\/1-4-1.jpeg",330,289,false],"1536x1536":["http:\/\/tvalaire.com\/wp-content\/uploads\/2021\/01\/1-4-1.jpeg",876,767,false],"2048x2048":["http:\/\/tvalaire.com\/wp-content\/uploads\/2021\/01\/1-4-1.jpeg",876,767,false],"newsium-slider-full":["http:\/\/tvalaire.com\/wp-content\/uploads\/2021\/01\/1-4-1.jpeg",876,767,false],"newsium-featured":["http:\/\/tvalaire.com\/wp-content\/uploads\/2021\/01\/1-4-1.jpeg",876,767,false],"newsium-medium":["http:\/\/tvalaire.com\/wp-content\/uploads\/2021\/01\/1-4-1-720x475.jpeg",720,475,true]},"author_info":{"info":["tvalairenoti"]},"category_info":"<a href=\"http:\/\/tvalaire.com\/?cat=1\" rel=\"category\">La Piedad<\/a>","tag_info":"La Piedad","comment_count":"0","jetpack_featured_media_url":"http:\/\/tvalaire.com\/wp-content\/uploads\/2021\/01\/1-4-1.jpeg","_links":{"self":[{"href":"http:\/\/tvalaire.com\/index.php?rest_route=\/wp\/v2\/posts\/8833"}],"collection":[{"href":"http:\/\/tvalaire.com\/index.php?rest_route=\/wp\/v2\/posts"}],"about":[{"href":"http:\/\/tvalaire.com\/index.php?rest_route=\/wp\/v2\/types\/post"}],"author":[{"embeddable":true,"href":"http:\/\/tvalaire.com\/index.php?rest_route=\/wp\/v2\/users\/1"}],"replies":[{"embeddable":true,"href":"http:\/\/tvalaire.com\/index.php?rest_route=%2Fwp%2Fv2%2Fcomments&post=8833"}],"version-history":[{"count":1,"href":"http:\/\/tvalaire.com\/index.php?rest_route=\/wp\/v2\/posts\/8833\/revisions"}],"predecessor-version":[{"id":8835,"href":"http:\/\/tvalaire.com\/index.php?rest_route=\/wp\/v2\/posts\/8833\/revisions\/8835"}],"wp:featuredmedia":[{"embeddable":true,"href":"http:\/\/tvalaire.com\/index.php?rest_route=\/wp\/v2\/media\/8834"}],"wp:attachment":[{"href":"http:\/\/tvalaire.com\/index.php?rest_route=%2Fwp%2Fv2%2Fmedia&parent=8833"}],"wp:term":[{"taxonomy":"category","embeddable":true,"href":"http:\/\/tvalaire.com\/index.php?rest_route=%2Fwp%2Fv2%2Fcategories&post=8833"},{"taxonomy":"post_tag","embeddable":true,"href":"http:\/\/tvalaire.com\/index.php?rest_route=%2Fwp%2Fv2%2Ftags&post=8833"}],"curies":[{"name":"wp","href":"https:\/\/api.w.org\/{rel}","templated":true}]}}