{"id":8821,"date":"2020-12-23T20:39:00","date_gmt":"2020-12-24T02:39:00","guid":{"rendered":"http:\/\/tvalaire.com\/?p=8821"},"modified":"2020-12-30T20:40:41","modified_gmt":"2020-12-31T02:40:41","slug":"habra-recoleccion-de-basura-en-navidad-y-ano-nuevo","status":"publish","type":"post","link":"http:\/\/tvalaire.com\/?p=8821","title":{"rendered":"HABR\u00c1 RECOLECCI\u00d3N DE BASURA EN NAVIDAD Y A\u00d1O NUEVO"},"content":{"rendered":"\n<p><\/p>\n\n\n\n<ul class=\"wp-block-list\"><li><strong>Tambi\u00e9n el \u00e1rea de Barrido Manual laborar\u00e1 como de costumbre<\/strong><\/li><li><strong>Se invita a sacar la basura al escuchar al cami\u00f3n recolector<\/strong><\/li><\/ul>\n\n\n\n<p>El Gobierno Municipal a trav\u00e9s de la direcci\u00f3n de Servicios P\u00fablicos anunci\u00f3 que el trabajo que desarrolla elpersonal de recolecci\u00f3n de basura y barrido manual, se realizar\u00e1 de manera normal durante la festividad de Navidad y A\u00f1o Nuevo.<\/p>\n\n\n\n<p>Jos\u00e9 Ayala, subdirector de la dependencia indic\u00f3 que el garantizar la aplicaci\u00f3n de este tipo de servicios a la poblaci\u00f3n es importante, de ah\u00ed que no habr\u00e1 suspensi\u00f3n de labores para el personal de estas \u00e1reas.<\/p>\n\n\n\n<p>Coment\u00f3 el funcionario que de lo \u00fanico que se pudiera prescindir en esos d\u00edas es de la campana que avisa la llegada del cami\u00f3n, pero los recorridos de las rutas de recolecci\u00f3n se realizar\u00e1n como de costumbre.<\/p>\n\n\n\n<p>El objetivo, dijo es evitar el acumulamiento de basura en los lugares de costumbre y con ello el que se rieguen los desechos y se provoquen focos de infecci\u00f3n que afecten la salud de la poblaci\u00f3n.<\/p>\n\n\n\n<p>Por lo que invit\u00f3 a la ciudadan\u00eda estar pendientes de los recorridos para sacar su basura a las esquinas cuando escuchen al cami\u00f3n recolector o depositen sus bolsas en los contenedores en los lugares y horarios ya establecidos.<\/p>\n","protected":false},"excerpt":{"rendered":"<p>Tambi\u00e9n el \u00e1rea de Barrido Manual laborar\u00e1 como de costumbre Se invita a sacar la&#8230;<\/p>\n","protected":false},"author":1,"featured_media":8822,"comment_status":"open","ping_status":"open","sticky":false,"template":"","format":"standard","meta":{"jetpack_post_was_ever_published":false,"_jetpack_newsletter_access":"","_jetpack_dont_email_post_to_subs":false,"_jetpack_newsletter_tier_id":0,"_jetpack_memberships_contains_paywalled_content":false,"_jetpack_memberships_contains_paid_content":false,"footnotes":"","jetpack_publicize_message":"","jetpack_publicize_feature_enabled":true,"jetpack_social_post_already_shared":true,"jetpack_social_options":{"image_generator_settings":{"template":"highway","enabled":false},"version":2}},"categories":[1],"tags":[15],"class_list":["post-8821","post","type-post","status-publish","format-standard","has-post-thumbnail","hentry","category-la-piedad","tag-la-piedad"],"jetpack_publicize_connections":[],"jetpack_sharing_enabled":true,"featured_image_urls":{"full":["http:\/\/tvalaire.com\/wp-content\/uploads\/2020\/12\/1-3-1-1.jpeg",1280,720,false],"thumbnail":["http:\/\/tvalaire.com\/wp-content\/uploads\/2020\/12\/1-3-1-1-150x150.jpeg",150,150,true],"medium":["http:\/\/tvalaire.com\/wp-content\/uploads\/2020\/12\/1-3-1-1-300x169.jpeg",300,169,true],"medium_large":["http:\/\/tvalaire.com\/wp-content\/uploads\/2020\/12\/1-3-1-1-768x432.jpeg",640,360,true],"large":["http:\/\/tvalaire.com\/wp-content\/uploads\/2020\/12\/1-3-1-1-1024x576.jpeg",640,360,true],"post-slider-thumb-size":["http:\/\/tvalaire.com\/wp-content\/uploads\/2020\/12\/1-3-1-1-330x190.jpeg",330,190,true],"post-category-slider-size":["http:\/\/tvalaire.com\/wp-content\/uploads\/2020\/12\/1-3-1-1.jpeg",330,186,false],"1536x1536":["http:\/\/tvalaire.com\/wp-content\/uploads\/2020\/12\/1-3-1-1.jpeg",1280,720,false],"2048x2048":["http:\/\/tvalaire.com\/wp-content\/uploads\/2020\/12\/1-3-1-1.jpeg",1280,720,false],"newsium-slider-full":["http:\/\/tvalaire.com\/wp-content\/uploads\/2020\/12\/1-3-1-1.jpeg",1280,720,false],"newsium-featured":["http:\/\/tvalaire.com\/wp-content\/uploads\/2020\/12\/1-3-1-1-1024x576.jpeg",1024,576,true],"newsium-medium":["http:\/\/tvalaire.com\/wp-content\/uploads\/2020\/12\/1-3-1-1-720x475.jpeg",720,475,true]},"author_info":{"info":["tvalairenoti"]},"category_info":"<a href=\"http:\/\/tvalaire.com\/?cat=1\" rel=\"category\">La Piedad<\/a>","tag_info":"La Piedad","comment_count":"0","jetpack_featured_media_url":"http:\/\/tvalaire.com\/wp-content\/uploads\/2020\/12\/1-3-1-1.jpeg","_links":{"self":[{"href":"http:\/\/tvalaire.com\/index.php?rest_route=\/wp\/v2\/posts\/8821"}],"collection":[{"href":"http:\/\/tvalaire.com\/index.php?rest_route=\/wp\/v2\/posts"}],"about":[{"href":"http:\/\/tvalaire.com\/index.php?rest_route=\/wp\/v2\/types\/post"}],"author":[{"embeddable":true,"href":"http:\/\/tvalaire.com\/index.php?rest_route=\/wp\/v2\/users\/1"}],"replies":[{"embeddable":true,"href":"http:\/\/tvalaire.com\/index.php?rest_route=%2Fwp%2Fv2%2Fcomments&post=8821"}],"version-history":[{"count":1,"href":"http:\/\/tvalaire.com\/index.php?rest_route=\/wp\/v2\/posts\/8821\/revisions"}],"predecessor-version":[{"id":8823,"href":"http:\/\/tvalaire.com\/index.php?rest_route=\/wp\/v2\/posts\/8821\/revisions\/8823"}],"wp:featuredmedia":[{"embeddable":true,"href":"http:\/\/tvalaire.com\/index.php?rest_route=\/wp\/v2\/media\/8822"}],"wp:attachment":[{"href":"http:\/\/tvalaire.com\/index.php?rest_route=%2Fwp%2Fv2%2Fmedia&parent=8821"}],"wp:term":[{"taxonomy":"category","embeddable":true,"href":"http:\/\/tvalaire.com\/index.php?rest_route=%2Fwp%2Fv2%2Fcategories&post=8821"},{"taxonomy":"post_tag","embeddable":true,"href":"http:\/\/tvalaire.com\/index.php?rest_route=%2Fwp%2Fv2%2Ftags&post=8821"}],"curies":[{"name":"wp","href":"https:\/\/api.w.org\/{rel}","templated":true}]}}