{"id":8815,"date":"2020-12-22T20:37:00","date_gmt":"2020-12-23T02:37:00","guid":{"rendered":"http:\/\/tvalaire.com\/?p=8815"},"modified":"2020-12-30T20:38:14","modified_gmt":"2020-12-31T02:38:14","slug":"habilitan-area-de-estacionamiento-para-discapacitados-en-la-calle-madero","status":"publish","type":"post","link":"http:\/\/tvalaire.com\/?p=8815","title":{"rendered":"HABILITAN \u00c1REA DE ESTACIONAMIENTO PARA DISCAPACITADOS EN LA CALLE MADERO"},"content":{"rendered":"\n<p><\/p>\n\n\n\n<ul class=\"wp-block-list\"><li><strong>Tr\u00e1nsito y Vialidad trabajan en la nueva se\u00f1al\u00e9tica<\/strong><\/li><li><strong>Se espera abrir a la circulaci\u00f3n vial a partir del jueves 24<\/strong><\/li><\/ul>\n\n\n\n<p>En atenci\u00f3n al tema de inclusi\u00f3n, el Gobierno a trav\u00e9s de la direcci\u00f3n de Tr\u00e1nsito Municipal coloca la nueva se\u00f1al\u00e9tica y realiza el marcado de un nuevo caj\u00f3n de ascenso y descenso para personas con discapacidad en la calle Madero.<\/p>\n\n\n\n<p>Gabriel Anguiano Maga\u00f1a, titular de la dependencia explic\u00f3 que en la gran mayor\u00eda de las calles que han sido pavimentadas por la actual Administraci\u00f3nla particularidad es la atenci\u00f3n relacionada con el tema de la accesibilidad.<\/p>\n\n\n\n<p>Es por ello, que las calles se entregan balizadas y con la se\u00f1al\u00e9tica adecuada tomando en cuenta al sector de la poblaci\u00f3n con discapacidad, a quienes se busca facilitarles los accesos en la v\u00eda p\u00fablica.<\/p>\n\n\n\n<p>Estas acciones se replicaronen calles del primer cuadro de la ciudad para cumplir con las condiciones que garanticen espacios de estacionamiento a las personas con alguna discapacidad y que este cuente con la se\u00f1al\u00e9tica bien marcada.<\/p>\n\n\n\n<p>Lo mismo se realiza en la calle Madero, la cual ahora contar\u00e1 con un caj\u00f3n de estacionamiento para ascenso y descenso, especial para discapacitados y as\u00ed ofrecer una alternativa para acercarlos a la zona centro o bien, sirva a los pacientes que acuden al centro hospitalario que se ubica a un costado de la referida calle.<\/p>\n\n\n\n<p>De igual manera las autoridades municipales agradecen y reconocen la paciencia de los ciudadanos, los vecinos y comerciantes de la zona durante el tiempo que dur\u00f3 la obra, la cual es en beneficio de la poblaci\u00f3n en general. Se espera que para el jueves 24 se abra a la circulaci\u00f3n dicha arter\u00eda vehicular.<\/p>\n","protected":false},"excerpt":{"rendered":"<p>Tr\u00e1nsito y Vialidad trabajan en la nueva se\u00f1al\u00e9tica Se espera abrir a la circulaci\u00f3n vial&#8230;<\/p>\n","protected":false},"author":1,"featured_media":8816,"comment_status":"open","ping_status":"open","sticky":false,"template":"","format":"standard","meta":{"jetpack_post_was_ever_published":false,"_jetpack_newsletter_access":"","_jetpack_dont_email_post_to_subs":false,"_jetpack_newsletter_tier_id":0,"_jetpack_memberships_contains_paywalled_content":false,"_jetpack_memberships_contains_paid_content":false,"footnotes":"","jetpack_publicize_message":"","jetpack_publicize_feature_enabled":true,"jetpack_social_post_already_shared":true,"jetpack_social_options":{"image_generator_settings":{"template":"highway","enabled":false},"version":2}},"categories":[1],"tags":[15],"class_list":["post-8815","post","type-post","status-publish","format-standard","has-post-thumbnail","hentry","category-la-piedad","tag-la-piedad"],"jetpack_publicize_connections":[],"jetpack_sharing_enabled":true,"featured_image_urls":{"full":["http:\/\/tvalaire.com\/wp-content\/uploads\/2020\/12\/1-1-7.jpeg",710,969,false],"thumbnail":["http:\/\/tvalaire.com\/wp-content\/uploads\/2020\/12\/1-1-7-150x150.jpeg",150,150,true],"medium":["http:\/\/tvalaire.com\/wp-content\/uploads\/2020\/12\/1-1-7-220x300.jpeg",220,300,true],"medium_large":["http:\/\/tvalaire.com\/wp-content\/uploads\/2020\/12\/1-1-7.jpeg",640,873,false],"large":["http:\/\/tvalaire.com\/wp-content\/uploads\/2020\/12\/1-1-7.jpeg",640,873,false],"post-slider-thumb-size":["http:\/\/tvalaire.com\/wp-content\/uploads\/2020\/12\/1-1-7-330x190.jpeg",330,190,true],"post-category-slider-size":["http:\/\/tvalaire.com\/wp-content\/uploads\/2020\/12\/1-1-7.jpeg",256,350,false],"1536x1536":["http:\/\/tvalaire.com\/wp-content\/uploads\/2020\/12\/1-1-7.jpeg",710,969,false],"2048x2048":["http:\/\/tvalaire.com\/wp-content\/uploads\/2020\/12\/1-1-7.jpeg",710,969,false],"newsium-slider-full":["http:\/\/tvalaire.com\/wp-content\/uploads\/2020\/12\/1-1-7-710x845.jpeg",710,845,true],"newsium-featured":["http:\/\/tvalaire.com\/wp-content\/uploads\/2020\/12\/1-1-7.jpeg",710,969,false],"newsium-medium":["http:\/\/tvalaire.com\/wp-content\/uploads\/2020\/12\/1-1-7-710x475.jpeg",710,475,true]},"author_info":{"info":["tvalairenoti"]},"category_info":"<a href=\"http:\/\/tvalaire.com\/?cat=1\" rel=\"category\">La Piedad<\/a>","tag_info":"La Piedad","comment_count":"0","jetpack_featured_media_url":"http:\/\/tvalaire.com\/wp-content\/uploads\/2020\/12\/1-1-7.jpeg","_links":{"self":[{"href":"http:\/\/tvalaire.com\/index.php?rest_route=\/wp\/v2\/posts\/8815"}],"collection":[{"href":"http:\/\/tvalaire.com\/index.php?rest_route=\/wp\/v2\/posts"}],"about":[{"href":"http:\/\/tvalaire.com\/index.php?rest_route=\/wp\/v2\/types\/post"}],"author":[{"embeddable":true,"href":"http:\/\/tvalaire.com\/index.php?rest_route=\/wp\/v2\/users\/1"}],"replies":[{"embeddable":true,"href":"http:\/\/tvalaire.com\/index.php?rest_route=%2Fwp%2Fv2%2Fcomments&post=8815"}],"version-history":[{"count":1,"href":"http:\/\/tvalaire.com\/index.php?rest_route=\/wp\/v2\/posts\/8815\/revisions"}],"predecessor-version":[{"id":8817,"href":"http:\/\/tvalaire.com\/index.php?rest_route=\/wp\/v2\/posts\/8815\/revisions\/8817"}],"wp:featuredmedia":[{"embeddable":true,"href":"http:\/\/tvalaire.com\/index.php?rest_route=\/wp\/v2\/media\/8816"}],"wp:attachment":[{"href":"http:\/\/tvalaire.com\/index.php?rest_route=%2Fwp%2Fv2%2Fmedia&parent=8815"}],"wp:term":[{"taxonomy":"category","embeddable":true,"href":"http:\/\/tvalaire.com\/index.php?rest_route=%2Fwp%2Fv2%2Fcategories&post=8815"},{"taxonomy":"post_tag","embeddable":true,"href":"http:\/\/tvalaire.com\/index.php?rest_route=%2Fwp%2Fv2%2Ftags&post=8815"}],"curies":[{"name":"wp","href":"https:\/\/api.w.org\/{rel}","templated":true}]}}