{"id":8784,"date":"2020-12-14T20:24:00","date_gmt":"2020-12-15T02:24:00","guid":{"rendered":"http:\/\/tvalaire.com\/?p=8784"},"modified":"2020-12-30T20:25:52","modified_gmt":"2020-12-31T02:25:52","slug":"invitan-a-donar-ropa-para-esta-temporada","status":"publish","type":"post","link":"http:\/\/tvalaire.com\/?p=8784","title":{"rendered":"INVITAN A DONAR ROPA PARA ESTA TEMPORADA"},"content":{"rendered":"\n<p><\/p>\n\n\n\n<ul class=\"wp-block-list\"><li><strong>Las prendas se entregar\u00e1n en colonias y comunidades vulnerables<\/strong><\/li><li><strong>Ser\u00e1 a trav\u00e9s de la campa\u00f1a \u201cUn abrazo de vida\u201d<\/strong><\/li><\/ul>\n\n\n\n<p>Integrantes del Instituto Municipal de la Juventud Piedadense (INJUP) y la direcci\u00f3n de Fomento Agropecuario, saldr\u00e1n a partir del jueves de esta semana a visitar colonias y comunidades m\u00e1s vulnerables, con el fin de repartir las prendas de vestir calientitas que fueron recolectadas durante la campa\u00f1a \u201cUn abrazo de vida\u201d.<\/p>\n\n\n\n<p>Osmar Mart\u00ednez, subdirector del INJUP indic\u00f3 que la colecta de ropa abrigadora concluir\u00e1 el martes 15 de diciembre por lo que espera que quienes deseen hacer alguna donaci\u00f3n, la hagan llegar a la dependencia local, para poder repartirla a partir del jueves.<\/p>\n\n\n\n<p>De entre las prendas que pueden entregar se encuentran: Su\u00e9teres, chamarras, bufandas, orejeras, gorras, guantes, cobijas, frazadas y toda clase de prendas abrigadoras que se encuentren en buen estado.<\/p>\n\n\n\n<p>Una vez que se haga la selecci\u00f3n, a partir del jueves estar\u00e1n en posibilidad de salir a repartirlas en las colonias con m\u00e1s alto grado de vulnerabilidad.<\/p>\n\n\n\n<p>El objetivo, es brindar un poco de calor a aquellas familias que m\u00e1s lo necesitan y que viven en colonias como Los Laureles parte baja, El Camuch\u00edn o las comunidades Paredones y San Crist\u00f3bal.<\/p>\n\n\n\n<p>Record\u00f3 que una de las bases de la campa\u00f1a, es que a cada persona que done ropa para la poblaci\u00f3n m\u00e1s vulnerable, recibir\u00e1 un \u00e1rbol entre los que se encuentran: Cedros, trueno, ocal y fresnos para que puedan plantarlo en su vivienda.<\/p>\n\n\n\n<p>Si a\u00fan hay personas interesadas en participar, est\u00e1n a tiempo de hacerlo ya sea acudiendo de manera directa a la direcci\u00f3n del INJUP, en el edificio de Gobierno ubicado en la calle Mariano Jim\u00e9nez #115o bien, llamar al tel\u00e9fono 352 164 90 22.<\/p>\n","protected":false},"excerpt":{"rendered":"<p>Las prendas se entregar\u00e1n en colonias y comunidades vulnerables Ser\u00e1 a trav\u00e9s de la campa\u00f1a&#8230;<\/p>\n","protected":false},"author":1,"featured_media":8785,"comment_status":"open","ping_status":"open","sticky":false,"template":"","format":"standard","meta":{"jetpack_post_was_ever_published":false,"_jetpack_newsletter_access":"","_jetpack_dont_email_post_to_subs":false,"_jetpack_newsletter_tier_id":0,"_jetpack_memberships_contains_paywalled_content":false,"_jetpack_memberships_contains_paid_content":false,"footnotes":"","jetpack_publicize_message":"","jetpack_publicize_feature_enabled":true,"jetpack_social_post_already_shared":true,"jetpack_social_options":{"image_generator_settings":{"template":"highway","enabled":false},"version":2}},"categories":[1],"tags":[15],"class_list":["post-8784","post","type-post","status-publish","format-standard","has-post-thumbnail","hentry","category-la-piedad","tag-la-piedad"],"jetpack_publicize_connections":[],"jetpack_sharing_enabled":true,"featured_image_urls":{"full":["http:\/\/tvalaire.com\/wp-content\/uploads\/2020\/12\/1.jpeg",1080,1218,false],"thumbnail":["http:\/\/tvalaire.com\/wp-content\/uploads\/2020\/12\/1-150x150.jpeg",150,150,true],"medium":["http:\/\/tvalaire.com\/wp-content\/uploads\/2020\/12\/1-266x300.jpeg",266,300,true],"medium_large":["http:\/\/tvalaire.com\/wp-content\/uploads\/2020\/12\/1-768x866.jpeg",640,722,true],"large":["http:\/\/tvalaire.com\/wp-content\/uploads\/2020\/12\/1-908x1024.jpeg",640,722,true],"post-slider-thumb-size":["http:\/\/tvalaire.com\/wp-content\/uploads\/2020\/12\/1-330x190.jpeg",330,190,true],"post-category-slider-size":["http:\/\/tvalaire.com\/wp-content\/uploads\/2020\/12\/1.jpeg",310,350,false],"1536x1536":["http:\/\/tvalaire.com\/wp-content\/uploads\/2020\/12\/1.jpeg",1080,1218,false],"2048x2048":["http:\/\/tvalaire.com\/wp-content\/uploads\/2020\/12\/1.jpeg",1080,1218,false],"newsium-slider-full":["http:\/\/tvalaire.com\/wp-content\/uploads\/2020\/12\/1-1080x845.jpeg",1080,845,true],"newsium-featured":["http:\/\/tvalaire.com\/wp-content\/uploads\/2020\/12\/1-1024x1155.jpeg",1024,1155,true],"newsium-medium":["http:\/\/tvalaire.com\/wp-content\/uploads\/2020\/12\/1-720x475.jpeg",720,475,true]},"author_info":{"info":["tvalairenoti"]},"category_info":"<a href=\"http:\/\/tvalaire.com\/?cat=1\" rel=\"category\">La Piedad<\/a>","tag_info":"La Piedad","comment_count":"0","jetpack_featured_media_url":"http:\/\/tvalaire.com\/wp-content\/uploads\/2020\/12\/1.jpeg","_links":{"self":[{"href":"http:\/\/tvalaire.com\/index.php?rest_route=\/wp\/v2\/posts\/8784"}],"collection":[{"href":"http:\/\/tvalaire.com\/index.php?rest_route=\/wp\/v2\/posts"}],"about":[{"href":"http:\/\/tvalaire.com\/index.php?rest_route=\/wp\/v2\/types\/post"}],"author":[{"embeddable":true,"href":"http:\/\/tvalaire.com\/index.php?rest_route=\/wp\/v2\/users\/1"}],"replies":[{"embeddable":true,"href":"http:\/\/tvalaire.com\/index.php?rest_route=%2Fwp%2Fv2%2Fcomments&post=8784"}],"version-history":[{"count":1,"href":"http:\/\/tvalaire.com\/index.php?rest_route=\/wp\/v2\/posts\/8784\/revisions"}],"predecessor-version":[{"id":8786,"href":"http:\/\/tvalaire.com\/index.php?rest_route=\/wp\/v2\/posts\/8784\/revisions\/8786"}],"wp:featuredmedia":[{"embeddable":true,"href":"http:\/\/tvalaire.com\/index.php?rest_route=\/wp\/v2\/media\/8785"}],"wp:attachment":[{"href":"http:\/\/tvalaire.com\/index.php?rest_route=%2Fwp%2Fv2%2Fmedia&parent=8784"}],"wp:term":[{"taxonomy":"category","embeddable":true,"href":"http:\/\/tvalaire.com\/index.php?rest_route=%2Fwp%2Fv2%2Fcategories&post=8784"},{"taxonomy":"post_tag","embeddable":true,"href":"http:\/\/tvalaire.com\/index.php?rest_route=%2Fwp%2Fv2%2Ftags&post=8784"}],"curies":[{"name":"wp","href":"https:\/\/api.w.org\/{rel}","templated":true}]}}