{"id":8775,"date":"2020-12-11T20:14:00","date_gmt":"2020-12-12T02:14:00","guid":{"rendered":"http:\/\/tvalaire.com\/?p=8775"},"modified":"2020-12-30T20:18:02","modified_gmt":"2020-12-31T02:18:02","slug":"entregan-merito-al-migrante-michoacano-y-piedadense","status":"publish","type":"post","link":"http:\/\/tvalaire.com\/?p=8775","title":{"rendered":"ENTREGAN M\u00c9RITO AL MIGRANTE MICHOACANO Y PIEDADENSE"},"content":{"rendered":"\n<p><\/p>\n\n\n\n<ul class=\"wp-block-list\"><li><strong>El galard\u00f3n municipal fue para Roberto Iv\u00e1n Valerio Ayala<\/strong><\/li><li><strong>La distinci\u00f3n de laSecretar\u00eda del Migrante fue para Artemio Arreola<\/strong><\/li><\/ul>\n\n\n\n<p>Los Gobiernos del Estado a trav\u00e9s de la Secretar\u00eda del Migrante y el Municipal por medio de Vinculaci\u00f3n Internacional, entregaron este mediod\u00eda la condecoraci\u00f3n al M\u00e9rito Migrante a los ciudadanos, Roberto Iv\u00e1n Valerio Ayala y Artemio Arreola, por su dedicaci\u00f3n, esfuerzo y compromiso con la comunidad.<\/p>\n\n\n\n<p>En el acto, nuestro alcalde Alex Espinoza, reconoci\u00f3 y felicit\u00f3 a los galardonados, as\u00ed como el secretario del Migrante, Jos\u00e9 Luis Guti\u00e9rrez quien se\u00f1al\u00f3 que contrario a lo que estimaba para este a\u00f1o, las divisas que enviaron nuestros migrantes a Michoac\u00e1n fueron un 10% m\u00e1s que el a\u00f1o pasado, raz\u00f3n por la cual deb\u00edan decirles \u201cgracias\u201d porque eso propici\u00f3 bienestar a las familias del estado.<\/p>\n\n\n\n<p>En su intervenci\u00f3n Roberto Iv\u00e1n Valerio Ayala, agradeci\u00f3 al Gobierno Municipal y al pueblo de La Piedad por el reconocimiento justamente en ese edificio en donde hace varios a\u00f1os \u00e9l naci\u00f3 y en donde ahora acud\u00eda a recibir ese galard\u00f3n que, tanto para \u00e9l como para su familia, significa mucho.<\/p>\n\n\n\n<p>Record\u00f3 que en 1999 sali\u00f3 a Estados Unidos cargado de sue\u00f1os e ilusiones, con s\u00f3lo una peque\u00f1a maleta y muchas cosas por hacer. Su camino como el de todoslos que colaboran con \u00e9l, fue muy sufrido y el resultado obtenido ha sido gracias al esfuerzo de sus colaboradores de la Fundaci\u00f3n y de los 9 pa\u00edses con quienes trabaja.<\/p>\n\n\n\n<p>En cuanto al premio, dijo dedicarlo a su familia especialmente a su padre que le ense\u00f1\u00f3 a ser la persona que es, junto con el amor de su madre, por quienes seguir\u00e1 trabajando para que M\u00e9xico gane siempre las mejores medallas en rob\u00f3tica y dejar este legado a las futuras generaciones con quienes tiene la fortuna de colaborar.<\/p>\n\n\n\n<p>Posteriormente se hizo la entrega virtual del galard\u00f3n al M\u00e9rito al Migrante Michoacano que otorg\u00f3 el Gobierno del estado a Artemio Arreola,con quien se hizo un enlace a Estados Unidos.<\/p>\n\n\n\n<p>La entrega se llev\u00f3 a cabo en la Escuela de Artes a la que s\u00f3lo acudieron, el secretario del migrante Jos\u00e9 Luis Guti\u00e9rrez; nuestro alcalde Alex Espinoza; la regidora presidenta de la comisi\u00f3n de asuntos migratorios Hildelisa Abarca; la directora de vinculaci\u00f3n internacional, Fernanda C\u00e1rdenas Ayala; Porfirio Mendoza Zambrano presidente del consejo estatal de migraci\u00f3n y la s\u00edndico Esther Naranjo, as\u00ed como un reducido n\u00famero de personas en atenci\u00f3n a las medidas de sanidad.<\/p>\n","protected":false},"excerpt":{"rendered":"<p>El galard\u00f3n municipal fue para Roberto Iv\u00e1n Valerio Ayala La distinci\u00f3n de laSecretar\u00eda del Migrante&#8230;<\/p>\n","protected":false},"author":1,"featured_media":8776,"comment_status":"open","ping_status":"open","sticky":false,"template":"","format":"standard","meta":{"jetpack_post_was_ever_published":false,"_jetpack_newsletter_access":"","_jetpack_dont_email_post_to_subs":false,"_jetpack_newsletter_tier_id":0,"_jetpack_memberships_contains_paywalled_content":false,"_jetpack_memberships_contains_paid_content":false,"footnotes":"","jetpack_publicize_message":"","jetpack_publicize_feature_enabled":true,"jetpack_social_post_already_shared":true,"jetpack_social_options":{"image_generator_settings":{"template":"highway","enabled":false},"version":2}},"categories":[1],"tags":[15],"class_list":["post-8775","post","type-post","status-publish","format-standard","has-post-thumbnail","hentry","category-la-piedad","tag-la-piedad"],"jetpack_publicize_connections":[],"jetpack_sharing_enabled":true,"featured_image_urls":{"full":["http:\/\/tvalaire.com\/wp-content\/uploads\/2020\/12\/1-1-4-1.jpeg",1280,853,false],"thumbnail":["http:\/\/tvalaire.com\/wp-content\/uploads\/2020\/12\/1-1-4-1-150x150.jpeg",150,150,true],"medium":["http:\/\/tvalaire.com\/wp-content\/uploads\/2020\/12\/1-1-4-1-300x200.jpeg",300,200,true],"medium_large":["http:\/\/tvalaire.com\/wp-content\/uploads\/2020\/12\/1-1-4-1-768x512.jpeg",640,427,true],"large":["http:\/\/tvalaire.com\/wp-content\/uploads\/2020\/12\/1-1-4-1-1024x682.jpeg",640,426,true],"post-slider-thumb-size":["http:\/\/tvalaire.com\/wp-content\/uploads\/2020\/12\/1-1-4-1-330x190.jpeg",330,190,true],"post-category-slider-size":["http:\/\/tvalaire.com\/wp-content\/uploads\/2020\/12\/1-1-4-1.jpeg",330,220,false],"1536x1536":["http:\/\/tvalaire.com\/wp-content\/uploads\/2020\/12\/1-1-4-1.jpeg",1280,853,false],"2048x2048":["http:\/\/tvalaire.com\/wp-content\/uploads\/2020\/12\/1-1-4-1.jpeg",1280,853,false],"newsium-slider-full":["http:\/\/tvalaire.com\/wp-content\/uploads\/2020\/12\/1-1-4-1-1280x845.jpeg",1280,845,true],"newsium-featured":["http:\/\/tvalaire.com\/wp-content\/uploads\/2020\/12\/1-1-4-1-1024x682.jpeg",1024,682,true],"newsium-medium":["http:\/\/tvalaire.com\/wp-content\/uploads\/2020\/12\/1-1-4-1-720x475.jpeg",720,475,true]},"author_info":{"info":["tvalairenoti"]},"category_info":"<a href=\"http:\/\/tvalaire.com\/?cat=1\" rel=\"category\">La Piedad<\/a>","tag_info":"La Piedad","comment_count":"0","jetpack_featured_media_url":"http:\/\/tvalaire.com\/wp-content\/uploads\/2020\/12\/1-1-4-1.jpeg","_links":{"self":[{"href":"http:\/\/tvalaire.com\/index.php?rest_route=\/wp\/v2\/posts\/8775"}],"collection":[{"href":"http:\/\/tvalaire.com\/index.php?rest_route=\/wp\/v2\/posts"}],"about":[{"href":"http:\/\/tvalaire.com\/index.php?rest_route=\/wp\/v2\/types\/post"}],"author":[{"embeddable":true,"href":"http:\/\/tvalaire.com\/index.php?rest_route=\/wp\/v2\/users\/1"}],"replies":[{"embeddable":true,"href":"http:\/\/tvalaire.com\/index.php?rest_route=%2Fwp%2Fv2%2Fcomments&post=8775"}],"version-history":[{"count":1,"href":"http:\/\/tvalaire.com\/index.php?rest_route=\/wp\/v2\/posts\/8775\/revisions"}],"predecessor-version":[{"id":8777,"href":"http:\/\/tvalaire.com\/index.php?rest_route=\/wp\/v2\/posts\/8775\/revisions\/8777"}],"wp:featuredmedia":[{"embeddable":true,"href":"http:\/\/tvalaire.com\/index.php?rest_route=\/wp\/v2\/media\/8776"}],"wp:attachment":[{"href":"http:\/\/tvalaire.com\/index.php?rest_route=%2Fwp%2Fv2%2Fmedia&parent=8775"}],"wp:term":[{"taxonomy":"category","embeddable":true,"href":"http:\/\/tvalaire.com\/index.php?rest_route=%2Fwp%2Fv2%2Fcategories&post=8775"},{"taxonomy":"post_tag","embeddable":true,"href":"http:\/\/tvalaire.com\/index.php?rest_route=%2Fwp%2Fv2%2Ftags&post=8775"}],"curies":[{"name":"wp","href":"https:\/\/api.w.org\/{rel}","templated":true}]}}