{"id":8755,"date":"2020-12-08T19:56:00","date_gmt":"2020-12-09T01:56:00","guid":{"rendered":"http:\/\/tvalaire.com\/?p=8755"},"modified":"2020-12-30T19:58:15","modified_gmt":"2020-12-31T01:58:15","slug":"promueven-talleres-sobre-derechos-humanos-de-las-mujeres","status":"publish","type":"post","link":"http:\/\/tvalaire.com\/?p=8755","title":{"rendered":"PROMUEVEN TALLERES SOBRE DERECHOS HUMANOS DE LAS MUJERES"},"content":{"rendered":"\n<p><\/p>\n\n\n\n<ul class=\"wp-block-list\"><li><strong>Acciones a trav\u00e9s del Instituto Municipal de la Mujer<\/strong><\/li><li><strong>Ma\u00f1ana mi\u00e9rcoles en l\u00ednea por medio de la plataforma Zoom<\/strong><\/li><\/ul>\n\n\n\n<p>La directora del Instituto Municipal de la Mujer (IMM), Claudia Eugenia Buenrostro D\u00edaz, invit\u00f3 a las personas interesadas en participar en el Taller sobre Derechos Humanos.<\/p>\n\n\n\n<p>Para ello pidi\u00f3 a quienes deseen participar, a registrarse en el siguiente link:<a href=\"https:\/\/forms.gle\/a3sTQaheNzrwjd7K6\">https:\/\/forms.gle\/a3sTQaheNzrwjd7K6<\/a> el cual tendr\u00e1 como facilitadores a la maestra Roc\u00edo Fragoso V\u00e1zquez, la licenciada Patricia Gonz\u00e1lez L\u00f3pez y Ra\u00fal Ortiz Le\u00f3n, o bien solicitar su registro a los tel\u00e9fonos 352 522 71 30 y 352 522 18 74 extensi\u00f3n 2.<\/p>\n\n\n\n<p>Esta actividad indic\u00f3 que forma parte de las actividades previstas durante los 16 d\u00edas de activismo contra la Violencia de G\u00e9nero hacia la mujer.<\/p>\n\n\n\n<p>A la par tambi\u00e9n promueve un taller sobre Comercio Digital para emprendedoras que tengan un negocio y deseen vender por internet el cual ser\u00e1 impartido por la licenciada Cristal Arely B\u00e1rcenas Gonz\u00e1lez.<\/p>\n\n\n\n<p>Invit\u00f3 a las personas interesadas en actualizarse sobre los temas de derechos humanos de la mujer o en esta nueva forma de hacer negocios para ofrecer de una manera m\u00e1s eficaz sus productos o servicios, a que se acerquen a la dependencia municipal para que puedan acceder a cada una de estas actividades que pueden ser ben\u00e9ficas en la realizaci\u00f3n de su trabajo.<\/p>\n","protected":false},"excerpt":{"rendered":"<p>Acciones a trav\u00e9s del Instituto Municipal de la Mujer Ma\u00f1ana mi\u00e9rcoles en l\u00ednea por medio&#8230;<\/p>\n","protected":false},"author":1,"featured_media":8756,"comment_status":"open","ping_status":"open","sticky":false,"template":"","format":"standard","meta":{"jetpack_post_was_ever_published":false,"_jetpack_newsletter_access":"","_jetpack_dont_email_post_to_subs":false,"_jetpack_newsletter_tier_id":0,"_jetpack_memberships_contains_paywalled_content":false,"_jetpack_memberships_contains_paid_content":false,"footnotes":"","jetpack_publicize_message":"","jetpack_publicize_feature_enabled":true,"jetpack_social_post_already_shared":true,"jetpack_social_options":{"image_generator_settings":{"template":"highway","enabled":false},"version":2}},"categories":[1],"tags":[15],"class_list":["post-8755","post","type-post","status-publish","format-standard","has-post-thumbnail","hentry","category-la-piedad","tag-la-piedad"],"jetpack_publicize_connections":[],"jetpack_sharing_enabled":true,"featured_image_urls":{"full":["http:\/\/tvalaire.com\/wp-content\/uploads\/2020\/12\/1-1-2-1.jpeg",1024,1024,false],"thumbnail":["http:\/\/tvalaire.com\/wp-content\/uploads\/2020\/12\/1-1-2-1-150x150.jpeg",150,150,true],"medium":["http:\/\/tvalaire.com\/wp-content\/uploads\/2020\/12\/1-1-2-1-300x300.jpeg",300,300,true],"medium_large":["http:\/\/tvalaire.com\/wp-content\/uploads\/2020\/12\/1-1-2-1-768x768.jpeg",640,640,true],"large":["http:\/\/tvalaire.com\/wp-content\/uploads\/2020\/12\/1-1-2-1.jpeg",640,640,false],"post-slider-thumb-size":["http:\/\/tvalaire.com\/wp-content\/uploads\/2020\/12\/1-1-2-1-330x190.jpeg",330,190,true],"post-category-slider-size":["http:\/\/tvalaire.com\/wp-content\/uploads\/2020\/12\/1-1-2-1.jpeg",330,330,false],"1536x1536":["http:\/\/tvalaire.com\/wp-content\/uploads\/2020\/12\/1-1-2-1.jpeg",1024,1024,false],"2048x2048":["http:\/\/tvalaire.com\/wp-content\/uploads\/2020\/12\/1-1-2-1.jpeg",1024,1024,false],"newsium-slider-full":["http:\/\/tvalaire.com\/wp-content\/uploads\/2020\/12\/1-1-2-1-1024x845.jpeg",1024,845,true],"newsium-featured":["http:\/\/tvalaire.com\/wp-content\/uploads\/2020\/12\/1-1-2-1.jpeg",1024,1024,false],"newsium-medium":["http:\/\/tvalaire.com\/wp-content\/uploads\/2020\/12\/1-1-2-1-720x475.jpeg",720,475,true]},"author_info":{"info":["tvalairenoti"]},"category_info":"<a href=\"http:\/\/tvalaire.com\/?cat=1\" rel=\"category\">La Piedad<\/a>","tag_info":"La Piedad","comment_count":"0","jetpack_featured_media_url":"http:\/\/tvalaire.com\/wp-content\/uploads\/2020\/12\/1-1-2-1.jpeg","_links":{"self":[{"href":"http:\/\/tvalaire.com\/index.php?rest_route=\/wp\/v2\/posts\/8755"}],"collection":[{"href":"http:\/\/tvalaire.com\/index.php?rest_route=\/wp\/v2\/posts"}],"about":[{"href":"http:\/\/tvalaire.com\/index.php?rest_route=\/wp\/v2\/types\/post"}],"author":[{"embeddable":true,"href":"http:\/\/tvalaire.com\/index.php?rest_route=\/wp\/v2\/users\/1"}],"replies":[{"embeddable":true,"href":"http:\/\/tvalaire.com\/index.php?rest_route=%2Fwp%2Fv2%2Fcomments&post=8755"}],"version-history":[{"count":1,"href":"http:\/\/tvalaire.com\/index.php?rest_route=\/wp\/v2\/posts\/8755\/revisions"}],"predecessor-version":[{"id":8757,"href":"http:\/\/tvalaire.com\/index.php?rest_route=\/wp\/v2\/posts\/8755\/revisions\/8757"}],"wp:featuredmedia":[{"embeddable":true,"href":"http:\/\/tvalaire.com\/index.php?rest_route=\/wp\/v2\/media\/8756"}],"wp:attachment":[{"href":"http:\/\/tvalaire.com\/index.php?rest_route=%2Fwp%2Fv2%2Fmedia&parent=8755"}],"wp:term":[{"taxonomy":"category","embeddable":true,"href":"http:\/\/tvalaire.com\/index.php?rest_route=%2Fwp%2Fv2%2Fcategories&post=8755"},{"taxonomy":"post_tag","embeddable":true,"href":"http:\/\/tvalaire.com\/index.php?rest_route=%2Fwp%2Fv2%2Ftags&post=8755"}],"curies":[{"name":"wp","href":"https:\/\/api.w.org\/{rel}","templated":true}]}}