{"id":8734,"date":"2020-12-07T19:27:00","date_gmt":"2020-12-08T01:27:00","guid":{"rendered":"http:\/\/tvalaire.com\/?p=8734"},"modified":"2020-12-30T19:28:12","modified_gmt":"2020-12-31T01:28:12","slug":"continuan-trabajos-de-mejoramiento-vial-en-la-piedad","status":"publish","type":"post","link":"http:\/\/tvalaire.com\/?p=8734","title":{"rendered":"CONTIN\u00daAN TRABAJOS DE MEJORAMIENTO VIAL EN LA PIEDAD"},"content":{"rendered":"\n<p><\/p>\n\n\n\n<ul class=\"wp-block-list\"><li><strong>Se destinan m\u00e1s de 2.6 MDP para los trabajos a realizar<\/strong><\/li><li><strong>Esperan en tres semanas abrir a la circulaci\u00f3n vial la calle Madero<\/strong><\/li><\/ul>\n\n\n\n<p>Autoridades municipales, encabezadas por nuestro alcalde Alex Espinoza, de manera oficial dieron el banderazo para que los trabajos de reasfaltado de la calle Francisco Villa, comenzaran.<\/p>\n\n\n\n<p>Es gracias a las gestiones y al visto bueno de la dependencia de Caminos y Puentes Federales (CAPUFE) que con una inversi\u00f3n superior a los 2.6 millones de pesos, que se reasfaltar\u00e1n 6 mil 48 metros cuadrados.&nbsp;<\/p>\n\n\n\n<p>Nuestro Presidente en su intervenci\u00f3n mencion\u00f3 que esta obra se suma a otras que se est\u00e1n realizando y que est\u00e1n por iniciar en varios puntos de la ciudad y coment\u00f3 que en aproximadamente 15 d\u00edas se iniciar\u00e1n trabajos en la calle Zit\u00e1cuaro en la colonia Vasco de Quiroga, en la vialidad San Luis Potos\u00ed del Infonavit \u201cDr. Miguel Silva\u201d y en la calle Gladiolas en el Cuitzillo.<\/p>\n\n\n\n<p>Ah\u00ed mismo el Edil reafirm\u00f3 el compromiso de la administraci\u00f3n que encabeza y se\u00f1al\u00f3 que el a\u00f1o entrante continuar\u00e1 con los trabajos de gesti\u00f3n ante las dependencias correspondientes en el Estado y la Federaci\u00f3n para mejorar la infraestructura y brindar subsidios que coadyuven al desarrollo de la ciudadan\u00eda.<\/p>\n\n\n\n<p>De igual manera, el Presidente inform\u00f3 que, gracias a la disposici\u00f3n del Gobierno del Estado a trav\u00e9s de la Secretar\u00eda de Salud, pronto se iniciar\u00e1n los trabajos para habilitar un nuevo Centro de Salud en la ciudad.<\/p>\n\n\n\n<p>Al mismo tiempo pidi\u00f3 a la ciudadan\u00eda en general de su paciencia y comprensi\u00f3n durante el tiempo que duren los trabajos en esta importante vialidad, as\u00ed mismo destac\u00f3 que se espera en m\u00e1ximo tres semanas se abra a la circulaci\u00f3n vial el tramo de la calle Madero que est\u00e1 siendo rehabilitada.<\/p>\n\n\n\n<figure class=\"wp-block-image size-large\"><img loading=\"lazy\" decoding=\"async\" width=\"1024\" height=\"682\" src=\"http:\/\/tvalaire.com\/wp-content\/uploads\/2020\/12\/1-5-1-1-1024x682.jpeg\" alt=\"\" class=\"wp-image-8736\" srcset=\"http:\/\/tvalaire.com\/wp-content\/uploads\/2020\/12\/1-5-1-1-1024x682.jpeg 1024w, http:\/\/tvalaire.com\/wp-content\/uploads\/2020\/12\/1-5-1-1-300x200.jpeg 300w, http:\/\/tvalaire.com\/wp-content\/uploads\/2020\/12\/1-5-1-1-768x512.jpeg 768w, http:\/\/tvalaire.com\/wp-content\/uploads\/2020\/12\/1-5-1-1.jpeg 1280w\" sizes=\"(max-width: 1024px) 100vw, 1024px\" \/><\/figure>\n\n\n\n<figure class=\"wp-block-image size-large\"><img loading=\"lazy\" decoding=\"async\" width=\"1024\" height=\"682\" src=\"http:\/\/tvalaire.com\/wp-content\/uploads\/2020\/12\/1-4-1024x682.jpeg\" alt=\"\" class=\"wp-image-8737\" srcset=\"http:\/\/tvalaire.com\/wp-content\/uploads\/2020\/12\/1-4-1024x682.jpeg 1024w, http:\/\/tvalaire.com\/wp-content\/uploads\/2020\/12\/1-4-300x200.jpeg 300w, http:\/\/tvalaire.com\/wp-content\/uploads\/2020\/12\/1-4-768x512.jpeg 768w, http:\/\/tvalaire.com\/wp-content\/uploads\/2020\/12\/1-4.jpeg 1280w\" sizes=\"(max-width: 1024px) 100vw, 1024px\" \/><\/figure>\n","protected":false},"excerpt":{"rendered":"<p>Se destinan m\u00e1s de 2.6 MDP para los trabajos a realizar Esperan en tres semanas&#8230;<\/p>\n","protected":false},"author":1,"featured_media":8735,"comment_status":"open","ping_status":"open","sticky":false,"template":"","format":"standard","meta":{"jetpack_post_was_ever_published":false,"_jetpack_newsletter_access":"","_jetpack_dont_email_post_to_subs":false,"_jetpack_newsletter_tier_id":0,"_jetpack_memberships_contains_paywalled_content":false,"_jetpack_memberships_contains_paid_content":false,"footnotes":"","jetpack_publicize_message":"","jetpack_publicize_feature_enabled":true,"jetpack_social_post_already_shared":true,"jetpack_social_options":{"image_generator_settings":{"template":"highway","enabled":false},"version":2}},"categories":[1],"tags":[],"class_list":["post-8734","post","type-post","status-publish","format-standard","has-post-thumbnail","hentry","category-la-piedad"],"jetpack_publicize_connections":[],"jetpack_sharing_enabled":true,"featured_image_urls":{"full":["http:\/\/tvalaire.com\/wp-content\/uploads\/2020\/12\/1-1-4.jpeg",1280,853,false],"thumbnail":["http:\/\/tvalaire.com\/wp-content\/uploads\/2020\/12\/1-1-4-150x150.jpeg",150,150,true],"medium":["http:\/\/tvalaire.com\/wp-content\/uploads\/2020\/12\/1-1-4-300x200.jpeg",300,200,true],"medium_large":["http:\/\/tvalaire.com\/wp-content\/uploads\/2020\/12\/1-1-4-768x512.jpeg",640,427,true],"large":["http:\/\/tvalaire.com\/wp-content\/uploads\/2020\/12\/1-1-4-1024x682.jpeg",640,426,true],"post-slider-thumb-size":["http:\/\/tvalaire.com\/wp-content\/uploads\/2020\/12\/1-1-4-330x190.jpeg",330,190,true],"post-category-slider-size":["http:\/\/tvalaire.com\/wp-content\/uploads\/2020\/12\/1-1-4.jpeg",330,220,false],"1536x1536":["http:\/\/tvalaire.com\/wp-content\/uploads\/2020\/12\/1-1-4.jpeg",1280,853,false],"2048x2048":["http:\/\/tvalaire.com\/wp-content\/uploads\/2020\/12\/1-1-4.jpeg",1280,853,false],"newsium-slider-full":["http:\/\/tvalaire.com\/wp-content\/uploads\/2020\/12\/1-1-4-1280x845.jpeg",1280,845,true],"newsium-featured":["http:\/\/tvalaire.com\/wp-content\/uploads\/2020\/12\/1-1-4-1024x682.jpeg",1024,682,true],"newsium-medium":["http:\/\/tvalaire.com\/wp-content\/uploads\/2020\/12\/1-1-4-720x475.jpeg",720,475,true]},"author_info":{"info":["tvalairenoti"]},"category_info":"<a href=\"http:\/\/tvalaire.com\/?cat=1\" rel=\"category\">La Piedad<\/a>","tag_info":"La Piedad","comment_count":"0","jetpack_featured_media_url":"http:\/\/tvalaire.com\/wp-content\/uploads\/2020\/12\/1-1-4.jpeg","_links":{"self":[{"href":"http:\/\/tvalaire.com\/index.php?rest_route=\/wp\/v2\/posts\/8734"}],"collection":[{"href":"http:\/\/tvalaire.com\/index.php?rest_route=\/wp\/v2\/posts"}],"about":[{"href":"http:\/\/tvalaire.com\/index.php?rest_route=\/wp\/v2\/types\/post"}],"author":[{"embeddable":true,"href":"http:\/\/tvalaire.com\/index.php?rest_route=\/wp\/v2\/users\/1"}],"replies":[{"embeddable":true,"href":"http:\/\/tvalaire.com\/index.php?rest_route=%2Fwp%2Fv2%2Fcomments&post=8734"}],"version-history":[{"count":1,"href":"http:\/\/tvalaire.com\/index.php?rest_route=\/wp\/v2\/posts\/8734\/revisions"}],"predecessor-version":[{"id":8738,"href":"http:\/\/tvalaire.com\/index.php?rest_route=\/wp\/v2\/posts\/8734\/revisions\/8738"}],"wp:featuredmedia":[{"embeddable":true,"href":"http:\/\/tvalaire.com\/index.php?rest_route=\/wp\/v2\/media\/8735"}],"wp:attachment":[{"href":"http:\/\/tvalaire.com\/index.php?rest_route=%2Fwp%2Fv2%2Fmedia&parent=8734"}],"wp:term":[{"taxonomy":"category","embeddable":true,"href":"http:\/\/tvalaire.com\/index.php?rest_route=%2Fwp%2Fv2%2Fcategories&post=8734"},{"taxonomy":"post_tag","embeddable":true,"href":"http:\/\/tvalaire.com\/index.php?rest_route=%2Fwp%2Fv2%2Ftags&post=8734"}],"curies":[{"name":"wp","href":"https:\/\/api.w.org\/{rel}","templated":true}]}}