{"id":8667,"date":"2020-11-30T17:56:00","date_gmt":"2020-11-30T23:56:00","guid":{"rendered":"http:\/\/tvalaire.com\/?p=8667"},"modified":"2020-12-01T17:57:51","modified_gmt":"2020-12-01T23:57:51","slug":"en-orden-inicia-pago-de-becas-municipales","status":"publish","type":"post","link":"http:\/\/tvalaire.com\/?p=8667","title":{"rendered":"EN ORDEN INICIA PAGO DE BECAS MUNICIPALES"},"content":{"rendered":"\n<p><\/p>\n\n\n\n<ul class=\"wp-block-list\"><li><strong>Son m\u00e1s de 4 mil 200 alumnos los beneficiados<\/strong><\/li><li><strong>La entrega se realiza bajo estrictas medidas de control sanitario<\/strong><\/li><\/ul>\n\n\n\n<p>El Gobierno Municipal a trav\u00e9s de la direcci\u00f3n de Educaci\u00f3n inici\u00f3 esta ma\u00f1ana con el pago de becas correspondiente al bimestre septiembre-octubre del presente a\u00f1o.<\/p>\n\n\n\n<p>Para evitar aglomeraciones, la direcci\u00f3n de Educaci\u00f3n puso en marcha un programa mediante el cual se presentaron alumnos de determinadas instituciones educativas y en horarios preestablecidos.<\/p>\n\n\n\n<p>El objetivo, fue realizar el pago y cumplir con los lineamientos establecidos por el Sector Salud para guardar la sana distancia.<\/p>\n\n\n\n<p>En el interior del auditorio de la unidad \u201cLic. Humberto Romero P\u00e9rez\u201d, se instalaron a una cierta distancia cinco mesas de pagos, las cuales atienden por hora espec\u00edfica a alumnos de las primeras escuelas que fueron citadas para este primer d\u00eda.<\/p>\n\n\n\n<p>Horacio Mart\u00edn S\u00e1nchez Molina, director de Educaci\u00f3n explic\u00f3 que el proceso se llev\u00f3 a cabo de forma normal y bien organizada, por lo que reconoci\u00f3 el respeto con el que los padres de familia se acercaron a dejar a sus hijos para que ingresaran en el horario que les correspond\u00eda y portando en todo momento cubrebocas.<\/p>\n\n\n\n<p>El pago de becas inici\u00f3 este d\u00eda y se realizar\u00e1 hasta el 11 de diciembre en las mismas instalaciones de la Unidad Deportiva.<\/p>\n\n\n\n<p>Cabe destacar que debido a que el n\u00famero de beneficiarios en las primarias es mayor, el pago a los menores ser\u00e1 desde este lunes y hasta el 7 de diciembre; los d\u00edas 8, 9 y 10 a los alumnos de secundaria y el 11 del mismo mes, a los de Preparatoria y Universidad.<\/p>\n\n\n\n<p>La lista con los nombres de las escuelas se encuentra publicada en la p\u00e1gina del Facebook del Gobierno Municipal, as\u00ed como en la direcci\u00f3n de Educaci\u00f3n.<\/p>\n\n\n\n<figure class=\"wp-block-image size-large\"><img loading=\"lazy\" decoding=\"async\" width=\"1024\" height=\"682\" src=\"http:\/\/tvalaire.com\/wp-content\/uploads\/2020\/12\/1-5-1-1024x682.jpeg\" alt=\"\" class=\"wp-image-8669\" srcset=\"http:\/\/tvalaire.com\/wp-content\/uploads\/2020\/12\/1-5-1-1024x682.jpeg 1024w, http:\/\/tvalaire.com\/wp-content\/uploads\/2020\/12\/1-5-1-300x200.jpeg 300w, http:\/\/tvalaire.com\/wp-content\/uploads\/2020\/12\/1-5-1-768x512.jpeg 768w, http:\/\/tvalaire.com\/wp-content\/uploads\/2020\/12\/1-5-1.jpeg 1280w\" sizes=\"(max-width: 1024px) 100vw, 1024px\" \/><\/figure>\n\n\n\n<figure class=\"wp-block-image size-large\"><img loading=\"lazy\" decoding=\"async\" width=\"1024\" height=\"682\" src=\"http:\/\/tvalaire.com\/wp-content\/uploads\/2020\/12\/1-7-1024x682.jpeg\" alt=\"\" class=\"wp-image-8670\" srcset=\"http:\/\/tvalaire.com\/wp-content\/uploads\/2020\/12\/1-7-1024x682.jpeg 1024w, http:\/\/tvalaire.com\/wp-content\/uploads\/2020\/12\/1-7-300x200.jpeg 300w, http:\/\/tvalaire.com\/wp-content\/uploads\/2020\/12\/1-7-768x512.jpeg 768w, http:\/\/tvalaire.com\/wp-content\/uploads\/2020\/12\/1-7.jpeg 1280w\" sizes=\"(max-width: 1024px) 100vw, 1024px\" \/><\/figure>\n","protected":false},"excerpt":{"rendered":"<p>Son m\u00e1s de 4 mil 200 alumnos los beneficiados La entrega se realiza bajo estrictas&#8230;<\/p>\n","protected":false},"author":1,"featured_media":8668,"comment_status":"open","ping_status":"open","sticky":false,"template":"","format":"standard","meta":{"jetpack_post_was_ever_published":false,"_jetpack_newsletter_access":"","_jetpack_dont_email_post_to_subs":false,"_jetpack_newsletter_tier_id":0,"_jetpack_memberships_contains_paywalled_content":false,"_jetpack_memberships_contains_paid_content":false,"footnotes":"","jetpack_publicize_message":"","jetpack_publicize_feature_enabled":true,"jetpack_social_post_already_shared":true,"jetpack_social_options":{"image_generator_settings":{"template":"highway","enabled":false},"version":2}},"categories":[1],"tags":[15],"class_list":["post-8667","post","type-post","status-publish","format-standard","has-post-thumbnail","hentry","category-la-piedad","tag-la-piedad"],"jetpack_publicize_connections":[],"jetpack_sharing_enabled":true,"featured_image_urls":{"full":["http:\/\/tvalaire.com\/wp-content\/uploads\/2020\/12\/1-1-1.jpeg",1280,853,false],"thumbnail":["http:\/\/tvalaire.com\/wp-content\/uploads\/2020\/12\/1-1-1-150x150.jpeg",150,150,true],"medium":["http:\/\/tvalaire.com\/wp-content\/uploads\/2020\/12\/1-1-1-300x200.jpeg",300,200,true],"medium_large":["http:\/\/tvalaire.com\/wp-content\/uploads\/2020\/12\/1-1-1-768x512.jpeg",640,427,true],"large":["http:\/\/tvalaire.com\/wp-content\/uploads\/2020\/12\/1-1-1-1024x682.jpeg",640,426,true],"post-slider-thumb-size":["http:\/\/tvalaire.com\/wp-content\/uploads\/2020\/12\/1-1-1-330x190.jpeg",330,190,true],"post-category-slider-size":["http:\/\/tvalaire.com\/wp-content\/uploads\/2020\/12\/1-1-1.jpeg",330,220,false],"1536x1536":["http:\/\/tvalaire.com\/wp-content\/uploads\/2020\/12\/1-1-1.jpeg",1280,853,false],"2048x2048":["http:\/\/tvalaire.com\/wp-content\/uploads\/2020\/12\/1-1-1.jpeg",1280,853,false],"newsium-slider-full":["http:\/\/tvalaire.com\/wp-content\/uploads\/2020\/12\/1-1-1-1280x845.jpeg",1280,845,true],"newsium-featured":["http:\/\/tvalaire.com\/wp-content\/uploads\/2020\/12\/1-1-1-1024x682.jpeg",1024,682,true],"newsium-medium":["http:\/\/tvalaire.com\/wp-content\/uploads\/2020\/12\/1-1-1-720x475.jpeg",720,475,true]},"author_info":{"info":["tvalairenoti"]},"category_info":"<a href=\"http:\/\/tvalaire.com\/?cat=1\" rel=\"category\">La Piedad<\/a>","tag_info":"La Piedad","comment_count":"0","jetpack_featured_media_url":"http:\/\/tvalaire.com\/wp-content\/uploads\/2020\/12\/1-1-1.jpeg","_links":{"self":[{"href":"http:\/\/tvalaire.com\/index.php?rest_route=\/wp\/v2\/posts\/8667"}],"collection":[{"href":"http:\/\/tvalaire.com\/index.php?rest_route=\/wp\/v2\/posts"}],"about":[{"href":"http:\/\/tvalaire.com\/index.php?rest_route=\/wp\/v2\/types\/post"}],"author":[{"embeddable":true,"href":"http:\/\/tvalaire.com\/index.php?rest_route=\/wp\/v2\/users\/1"}],"replies":[{"embeddable":true,"href":"http:\/\/tvalaire.com\/index.php?rest_route=%2Fwp%2Fv2%2Fcomments&post=8667"}],"version-history":[{"count":1,"href":"http:\/\/tvalaire.com\/index.php?rest_route=\/wp\/v2\/posts\/8667\/revisions"}],"predecessor-version":[{"id":8671,"href":"http:\/\/tvalaire.com\/index.php?rest_route=\/wp\/v2\/posts\/8667\/revisions\/8671"}],"wp:featuredmedia":[{"embeddable":true,"href":"http:\/\/tvalaire.com\/index.php?rest_route=\/wp\/v2\/media\/8668"}],"wp:attachment":[{"href":"http:\/\/tvalaire.com\/index.php?rest_route=%2Fwp%2Fv2%2Fmedia&parent=8667"}],"wp:term":[{"taxonomy":"category","embeddable":true,"href":"http:\/\/tvalaire.com\/index.php?rest_route=%2Fwp%2Fv2%2Fcategories&post=8667"},{"taxonomy":"post_tag","embeddable":true,"href":"http:\/\/tvalaire.com\/index.php?rest_route=%2Fwp%2Fv2%2Ftags&post=8667"}],"curies":[{"name":"wp","href":"https:\/\/api.w.org\/{rel}","templated":true}]}}