{"id":866,"date":"2017-03-13T09:03:48","date_gmt":"2017-03-13T15:03:48","guid":{"rendered":"http:\/\/tvalaire.com\/?p=866"},"modified":"2017-03-13T09:03:48","modified_gmt":"2017-03-13T15:03:48","slug":"rincon-de-don-pedro-se-beneficia-con-ampliacion-de-vivienda","status":"publish","type":"post","link":"http:\/\/tvalaire.com\/?p=866","title":{"rendered":"RINC\u00d3N DE DON PEDRO SE BENEFICIA CON AMPLIACI\u00d3N DE VIVIENDA"},"content":{"rendered":"<p>\u201cYo doy las gracias, porque yo he visto que apoya a otras comunidades, no solo a la nuestra, en lo particular en esta su casa, estamos muy agradecidos, porque a pesar de que seamos comunidades muy trabajadores, necesitamos de un poco de aliciente, como este apoyo que nos dieron\u201d extern\u00f3 la se\u00f1orita Alejandra Maga\u00f1a en la inauguraci\u00f3n de ampliaci\u00f3n de vivienda que realiz\u00f3 el Presidente Municipal V\u00edctor V\u00e1zquez en la comunidad del Rinc\u00f3n de Don Pedro en compa\u00f1\u00eda de las familias m\u00e1s vulnerables.<\/p>\n<p>Por su parte V\u00edctor V\u00e1zquez tambi\u00e9n les agradeci\u00f3 por permitirle entrar a sus hogares, para saludarlos, escucharlos, que es lo m\u00e1s importante de su asistencia en las comunidades; adem\u00e1s de saber sus necesidades, pero que no sean contadas, si no conocerlas personalmente y con ello irlas resolviendo poco a poco.<\/p>\n<p>En el mismo marco resalt\u00f3 que \u201cya se termin\u00f3 esta obra, que\u00a0 ha sido uno de los rubros m\u00e1s importantes que se han atacado en nuestro municipio, m\u00e1s de mil 500 familias se les ha cambia la vida, que es nuestro objetivo como Ayuntamiento, creo que le hemos avanzado en esta necesidad\u201d.<\/p>\n<p>&nbsp;<\/p>\n<p><img loading=\"lazy\" decoding=\"async\" class=\"alignnone size-medium wp-image-871\" src=\"http:\/\/tvalaire.com\/wp-content\/uploads\/2017\/03\/RINCON-DE-DON-PEDRO-11-300x199.jpg\" alt=\"\" width=\"300\" height=\"199\" srcset=\"http:\/\/tvalaire.com\/wp-content\/uploads\/2017\/03\/RINCON-DE-DON-PEDRO-11-300x199.jpg 300w, http:\/\/tvalaire.com\/wp-content\/uploads\/2017\/03\/RINCON-DE-DON-PEDRO-11-768x509.jpg 768w, http:\/\/tvalaire.com\/wp-content\/uploads\/2017\/03\/RINCON-DE-DON-PEDRO-11-1024x678.jpg 1024w\" sizes=\"(max-width: 300px) 100vw, 300px\" \/><\/p>\n<p><img loading=\"lazy\" decoding=\"async\" class=\"alignnone size-medium wp-image-870\" src=\"http:\/\/tvalaire.com\/wp-content\/uploads\/2017\/03\/RINCON-DE-DON-PEDRO-8-300x199.jpg\" alt=\"\" width=\"300\" height=\"199\" srcset=\"http:\/\/tvalaire.com\/wp-content\/uploads\/2017\/03\/RINCON-DE-DON-PEDRO-8-300x199.jpg 300w, http:\/\/tvalaire.com\/wp-content\/uploads\/2017\/03\/RINCON-DE-DON-PEDRO-8-768x509.jpg 768w, http:\/\/tvalaire.com\/wp-content\/uploads\/2017\/03\/RINCON-DE-DON-PEDRO-8-1024x678.jpg 1024w\" sizes=\"(max-width: 300px) 100vw, 300px\" \/><\/p>\n<p><img loading=\"lazy\" decoding=\"async\" class=\"alignnone size-medium wp-image-869\" src=\"http:\/\/tvalaire.com\/wp-content\/uploads\/2017\/03\/RINCON-DE-DON-PEDRO-6-300x199.jpg\" alt=\"\" width=\"300\" height=\"199\" srcset=\"http:\/\/tvalaire.com\/wp-content\/uploads\/2017\/03\/RINCON-DE-DON-PEDRO-6-300x199.jpg 300w, http:\/\/tvalaire.com\/wp-content\/uploads\/2017\/03\/RINCON-DE-DON-PEDRO-6-768x509.jpg 768w, http:\/\/tvalaire.com\/wp-content\/uploads\/2017\/03\/RINCON-DE-DON-PEDRO-6-1024x678.jpg 1024w\" sizes=\"(max-width: 300px) 100vw, 300px\" \/><\/p>\n<p><img loading=\"lazy\" decoding=\"async\" class=\"alignnone size-medium wp-image-868\" src=\"http:\/\/tvalaire.com\/wp-content\/uploads\/2017\/03\/RINCON-DE-DON-PEDRO-5-300x199.jpg\" alt=\"\" width=\"300\" height=\"199\" srcset=\"http:\/\/tvalaire.com\/wp-content\/uploads\/2017\/03\/RINCON-DE-DON-PEDRO-5-300x199.jpg 300w, http:\/\/tvalaire.com\/wp-content\/uploads\/2017\/03\/RINCON-DE-DON-PEDRO-5-768x509.jpg 768w, http:\/\/tvalaire.com\/wp-content\/uploads\/2017\/03\/RINCON-DE-DON-PEDRO-5-1024x678.jpg 1024w\" sizes=\"(max-width: 300px) 100vw, 300px\" \/><\/p>\n","protected":false},"excerpt":{"rendered":"<p>\u201cYo doy las gracias, porque yo he visto que apoya a otras comunidades, no solo&#8230;<\/p>\n","protected":false},"author":1,"featured_media":867,"comment_status":"open","ping_status":"open","sticky":false,"template":"","format":"standard","meta":{"jetpack_post_was_ever_published":false,"_jetpack_newsletter_access":"","_jetpack_dont_email_post_to_subs":false,"_jetpack_newsletter_tier_id":0,"_jetpack_memberships_contains_paywalled_content":false,"_jetpack_memberships_contains_paid_content":false,"footnotes":"","jetpack_publicize_message":"","jetpack_publicize_feature_enabled":true,"jetpack_social_post_already_shared":false,"jetpack_social_options":{"image_generator_settings":{"template":"highway","enabled":false},"version":2}},"categories":[4],"tags":[36,24],"class_list":["post-866","post","type-post","status-publish","format-standard","has-post-thumbnail","hentry","category-puruandiro","tag-principales","tag-puruandiro"],"jetpack_publicize_connections":[],"jetpack_sharing_enabled":true,"featured_image_urls":{"full":["http:\/\/tvalaire.com\/wp-content\/uploads\/2017\/03\/RINCON-DE-DON-PEDRO-1.jpg",2464,1632,false],"thumbnail":["http:\/\/tvalaire.com\/wp-content\/uploads\/2017\/03\/RINCON-DE-DON-PEDRO-1-150x150.jpg",150,150,true],"medium":["http:\/\/tvalaire.com\/wp-content\/uploads\/2017\/03\/RINCON-DE-DON-PEDRO-1-300x199.jpg",300,199,true],"medium_large":["http:\/\/tvalaire.com\/wp-content\/uploads\/2017\/03\/RINCON-DE-DON-PEDRO-1-768x509.jpg",640,424,true],"large":["http:\/\/tvalaire.com\/wp-content\/uploads\/2017\/03\/RINCON-DE-DON-PEDRO-1-1024x678.jpg",640,424,true],"post-slider-thumb-size":["http:\/\/tvalaire.com\/wp-content\/uploads\/2017\/03\/RINCON-DE-DON-PEDRO-1.jpg",287,190,false],"post-category-slider-size":["http:\/\/tvalaire.com\/wp-content\/uploads\/2017\/03\/RINCON-DE-DON-PEDRO-1.jpg",330,219,false],"1536x1536":["http:\/\/tvalaire.com\/wp-content\/uploads\/2017\/03\/RINCON-DE-DON-PEDRO-1.jpg",1536,1017,false],"2048x2048":["http:\/\/tvalaire.com\/wp-content\/uploads\/2017\/03\/RINCON-DE-DON-PEDRO-1.jpg",2048,1356,false],"newsium-slider-full":["http:\/\/tvalaire.com\/wp-content\/uploads\/2017\/03\/RINCON-DE-DON-PEDRO-1.jpg",1276,845,false],"newsium-featured":["http:\/\/tvalaire.com\/wp-content\/uploads\/2017\/03\/RINCON-DE-DON-PEDRO-1.jpg",1024,678,false],"newsium-medium":["http:\/\/tvalaire.com\/wp-content\/uploads\/2017\/03\/RINCON-DE-DON-PEDRO-1.jpg",717,475,false]},"author_info":{"info":["tvalairenoti"]},"category_info":"<a href=\"http:\/\/tvalaire.com\/?cat=4\" rel=\"category\">Puru\u00e1ndiro<\/a>","tag_info":"Puru\u00e1ndiro","comment_count":"0","jetpack_featured_media_url":"http:\/\/tvalaire.com\/wp-content\/uploads\/2017\/03\/RINCON-DE-DON-PEDRO-1.jpg","_links":{"self":[{"href":"http:\/\/tvalaire.com\/index.php?rest_route=\/wp\/v2\/posts\/866"}],"collection":[{"href":"http:\/\/tvalaire.com\/index.php?rest_route=\/wp\/v2\/posts"}],"about":[{"href":"http:\/\/tvalaire.com\/index.php?rest_route=\/wp\/v2\/types\/post"}],"author":[{"embeddable":true,"href":"http:\/\/tvalaire.com\/index.php?rest_route=\/wp\/v2\/users\/1"}],"replies":[{"embeddable":true,"href":"http:\/\/tvalaire.com\/index.php?rest_route=%2Fwp%2Fv2%2Fcomments&post=866"}],"version-history":[{"count":1,"href":"http:\/\/tvalaire.com\/index.php?rest_route=\/wp\/v2\/posts\/866\/revisions"}],"predecessor-version":[{"id":872,"href":"http:\/\/tvalaire.com\/index.php?rest_route=\/wp\/v2\/posts\/866\/revisions\/872"}],"wp:featuredmedia":[{"embeddable":true,"href":"http:\/\/tvalaire.com\/index.php?rest_route=\/wp\/v2\/media\/867"}],"wp:attachment":[{"href":"http:\/\/tvalaire.com\/index.php?rest_route=%2Fwp%2Fv2%2Fmedia&parent=866"}],"wp:term":[{"taxonomy":"category","embeddable":true,"href":"http:\/\/tvalaire.com\/index.php?rest_route=%2Fwp%2Fv2%2Fcategories&post=866"},{"taxonomy":"post_tag","embeddable":true,"href":"http:\/\/tvalaire.com\/index.php?rest_route=%2Fwp%2Fv2%2Ftags&post=866"}],"curies":[{"name":"wp","href":"https:\/\/api.w.org\/{rel}","templated":true}]}}