{"id":8623,"date":"2020-11-26T18:01:14","date_gmt":"2020-11-27T00:01:14","guid":{"rendered":"http:\/\/tvalaire.com\/?p=8623"},"modified":"2020-11-26T18:01:22","modified_gmt":"2020-11-27T00:01:22","slug":"guardianes-de-la-salud-vigilan-medidas-sanitarias-en-la-localidad","status":"publish","type":"post","link":"http:\/\/tvalaire.com\/?p=8623","title":{"rendered":"\u201cGUARDIANES DE LA SALUD\u201d VIGILAN MEDIDAS SANITARIAS EN LA LOCALIDAD"},"content":{"rendered":"\n<p>#LaPiedad #SectorSalud #AutoridadesEstatales #Michoac\u00e1n #Municipios #COEPRIS<\/p>\n\n\n\n<ul class=\"wp-block-list\"><li><strong>Gobierno y Sector Salud dieron el arranque oficial del programa<\/strong><\/li><li><strong>Buscan contener contagios de coronavirus en el municipio<\/strong><\/li><\/ul>\n\n\n\n<p>Autoridades estatales a trav\u00e9s de la Secretar\u00eda de Salud; la Comisi\u00f3n Estatal de Protecci\u00f3n contra Riesgos Sanitarios (COEPRIS); la Jurisdicci\u00f3n Sanitaria No. 6 y el Gobierno Municipal reactivaron en la localidad el programa \u201cGuardianes de la Salud\u201d, mediante el cual vigilar\u00e1n la correcta aplicaci\u00f3n de las medidas sanitarias en establecimientos comerciales.<\/p>\n\n\n\n<p>El objetivo, es revertir el panorama y pedir a la poblaci\u00f3n, al comercio local y a su propia clientela, que hagan conciencia sobre lo que ocurre y colaboren para juntos cambiar el escenario que hoy se vive en La Piedad.<\/p>\n\n\n\n<p>Para ello revisar\u00e1n la aplicaci\u00f3n de medidas de sana distancia, vigilar\u00e1n que el personal de trabajo cumpla con los lineamientos; que exista el aforo del 50% y que todos porten el cubrebocas. En caso contrario podr\u00e1n infraccionar o clausurar los establecimientos.<\/p>\n\n\n\n<p>El arranque de los trabajos de vigilancia se llev\u00f3 a cabo este mediod\u00eda en la Plaza Principal en un acto encabezado por nuestro alcalde Alex Espinoza; el jefe de la jurisdicci\u00f3n sanitaria No. 6, Luis Alberto Arriaga Belman; el jefe de la unidad del Gobierno Estatal, Juan Luis Contreras y el comisionado de la COEPRIS, Rafael Torres Mandujano.<\/p>\n\n\n\n<p>\u201cEs momento de sumarnos todos para disminuir los casos y dar la vuelta; \u00edbamos bien; La Piedad era referente en el estado; ahora debemos sumarnos todos para revertir la cadena de contagios\u201d, indic\u00f3 nuestro alcalde Alex Espinoza.<\/p>\n\n\n\n<p>Coment\u00f3 que con la presencia de los \u201cGuardianes de la salud\u201d y el apoyo de la COEPRIS y el Gobierno del Estado, pronto volver\u00e1n a la normalidad.<\/p>\n\n\n\n<p>Dijo que, en esta etapa de la pandemia, lo que no se quer\u00eda era cerrar los negocios, por lo que pidi\u00f3 la comprensi\u00f3n de toda la poblaci\u00f3n para evitar las fiestas o acudir a lugares de alto riesgo que no se acat\u00f3, y que nos ha hecho llegar a este momento.<\/p>\n\n\n\n<p>Rafael Torres de la COEPRIS dijo que vienen a redoblar los esfuerzos por el incremento de casos activos por COVID-19 y a exhortar a la poblaci\u00f3n a cumplir con las medidas, el uso del cubrebocas; a respetar los aforos en los establecimientos y vigilar que todos cumplan con las medidas sanitarias para evitar ser sancionados o clausurados en sus negocios.<\/p>\n\n\n\n<p>En el recorrido participan 5 Guardianes de la salud, 5 verificadores de la COEPRIS, personal de la Jurisdicci\u00f3n Sanitaria No. 6, Reglamentos y Seguridad P\u00fablica.<\/p>\n\n\n\n<figure class=\"wp-block-image size-large\"><img loading=\"lazy\" decoding=\"async\" width=\"1024\" height=\"576\" src=\"http:\/\/tvalaire.com\/wp-content\/uploads\/2020\/11\/1-3-5-1-1024x576.jpeg\" alt=\"\" class=\"wp-image-8625\" srcset=\"http:\/\/tvalaire.com\/wp-content\/uploads\/2020\/11\/1-3-5-1-1024x576.jpeg 1024w, http:\/\/tvalaire.com\/wp-content\/uploads\/2020\/11\/1-3-5-1-300x169.jpeg 300w, http:\/\/tvalaire.com\/wp-content\/uploads\/2020\/11\/1-3-5-1-768x432.jpeg 768w, http:\/\/tvalaire.com\/wp-content\/uploads\/2020\/11\/1-3-5-1.jpeg 1280w\" sizes=\"(max-width: 1024px) 100vw, 1024px\" \/><\/figure>\n\n\n\n<figure class=\"wp-block-image size-large\"><img loading=\"lazy\" decoding=\"async\" width=\"1024\" height=\"576\" src=\"http:\/\/tvalaire.com\/wp-content\/uploads\/2020\/11\/1-2-4-1-1024x576.jpeg\" alt=\"\" class=\"wp-image-8628\" srcset=\"http:\/\/tvalaire.com\/wp-content\/uploads\/2020\/11\/1-2-4-1-1024x576.jpeg 1024w, http:\/\/tvalaire.com\/wp-content\/uploads\/2020\/11\/1-2-4-1-300x169.jpeg 300w, http:\/\/tvalaire.com\/wp-content\/uploads\/2020\/11\/1-2-4-1-768x432.jpeg 768w, http:\/\/tvalaire.com\/wp-content\/uploads\/2020\/11\/1-2-4-1.jpeg 1280w\" sizes=\"(max-width: 1024px) 100vw, 1024px\" \/><\/figure>\n\n\n\n<figure class=\"wp-block-image size-large\"><img loading=\"lazy\" decoding=\"async\" width=\"1024\" height=\"576\" src=\"http:\/\/tvalaire.com\/wp-content\/uploads\/2020\/11\/1-1-3-3-1024x576.jpeg\" alt=\"\" class=\"wp-image-8630\" srcset=\"http:\/\/tvalaire.com\/wp-content\/uploads\/2020\/11\/1-1-3-3-1024x576.jpeg 1024w, http:\/\/tvalaire.com\/wp-content\/uploads\/2020\/11\/1-1-3-3-300x169.jpeg 300w, http:\/\/tvalaire.com\/wp-content\/uploads\/2020\/11\/1-1-3-3-768x432.jpeg 768w, http:\/\/tvalaire.com\/wp-content\/uploads\/2020\/11\/1-1-3-3.jpeg 1280w\" sizes=\"(max-width: 1024px) 100vw, 1024px\" \/><\/figure>\n","protected":false},"excerpt":{"rendered":"<p>#LaPiedad #SectorSalud #AutoridadesEstatales #Michoac\u00e1n #Municipios #COEPRIS Gobierno y Sector Salud dieron el arranque oficial del&#8230;<\/p>\n","protected":false},"author":1,"featured_media":8624,"comment_status":"open","ping_status":"open","sticky":false,"template":"","format":"standard","meta":{"jetpack_post_was_ever_published":false,"_jetpack_newsletter_access":"","_jetpack_dont_email_post_to_subs":false,"_jetpack_newsletter_tier_id":0,"_jetpack_memberships_contains_paywalled_content":false,"_jetpack_memberships_contains_paid_content":false,"footnotes":"","jetpack_publicize_message":"","jetpack_publicize_feature_enabled":true,"jetpack_social_post_already_shared":true,"jetpack_social_options":{"image_generator_settings":{"template":"highway","enabled":false},"version":2}},"categories":[1],"tags":[15],"class_list":["post-8623","post","type-post","status-publish","format-standard","has-post-thumbnail","hentry","category-la-piedad","tag-la-piedad"],"jetpack_publicize_connections":[],"jetpack_sharing_enabled":true,"featured_image_urls":{"full":["http:\/\/tvalaire.com\/wp-content\/uploads\/2020\/11\/1-4-3-1.jpeg",1280,720,false],"thumbnail":["http:\/\/tvalaire.com\/wp-content\/uploads\/2020\/11\/1-4-3-1-150x150.jpeg",150,150,true],"medium":["http:\/\/tvalaire.com\/wp-content\/uploads\/2020\/11\/1-4-3-1-300x169.jpeg",300,169,true],"medium_large":["http:\/\/tvalaire.com\/wp-content\/uploads\/2020\/11\/1-4-3-1-768x432.jpeg",640,360,true],"large":["http:\/\/tvalaire.com\/wp-content\/uploads\/2020\/11\/1-4-3-1-1024x576.jpeg",640,360,true],"post-slider-thumb-size":["http:\/\/tvalaire.com\/wp-content\/uploads\/2020\/11\/1-4-3-1-330x190.jpeg",330,190,true],"post-category-slider-size":["http:\/\/tvalaire.com\/wp-content\/uploads\/2020\/11\/1-4-3-1.jpeg",330,186,false],"1536x1536":["http:\/\/tvalaire.com\/wp-content\/uploads\/2020\/11\/1-4-3-1.jpeg",1280,720,false],"2048x2048":["http:\/\/tvalaire.com\/wp-content\/uploads\/2020\/11\/1-4-3-1.jpeg",1280,720,false],"newsium-slider-full":["http:\/\/tvalaire.com\/wp-content\/uploads\/2020\/11\/1-4-3-1.jpeg",1280,720,false],"newsium-featured":["http:\/\/tvalaire.com\/wp-content\/uploads\/2020\/11\/1-4-3-1-1024x576.jpeg",1024,576,true],"newsium-medium":["http:\/\/tvalaire.com\/wp-content\/uploads\/2020\/11\/1-4-3-1-720x475.jpeg",720,475,true]},"author_info":{"info":["tvalairenoti"]},"category_info":"<a href=\"http:\/\/tvalaire.com\/?cat=1\" rel=\"category\">La Piedad<\/a>","tag_info":"La Piedad","comment_count":"0","jetpack_featured_media_url":"http:\/\/tvalaire.com\/wp-content\/uploads\/2020\/11\/1-4-3-1.jpeg","_links":{"self":[{"href":"http:\/\/tvalaire.com\/index.php?rest_route=\/wp\/v2\/posts\/8623"}],"collection":[{"href":"http:\/\/tvalaire.com\/index.php?rest_route=\/wp\/v2\/posts"}],"about":[{"href":"http:\/\/tvalaire.com\/index.php?rest_route=\/wp\/v2\/types\/post"}],"author":[{"embeddable":true,"href":"http:\/\/tvalaire.com\/index.php?rest_route=\/wp\/v2\/users\/1"}],"replies":[{"embeddable":true,"href":"http:\/\/tvalaire.com\/index.php?rest_route=%2Fwp%2Fv2%2Fcomments&post=8623"}],"version-history":[{"count":1,"href":"http:\/\/tvalaire.com\/index.php?rest_route=\/wp\/v2\/posts\/8623\/revisions"}],"predecessor-version":[{"id":8631,"href":"http:\/\/tvalaire.com\/index.php?rest_route=\/wp\/v2\/posts\/8623\/revisions\/8631"}],"wp:featuredmedia":[{"embeddable":true,"href":"http:\/\/tvalaire.com\/index.php?rest_route=\/wp\/v2\/media\/8624"}],"wp:attachment":[{"href":"http:\/\/tvalaire.com\/index.php?rest_route=%2Fwp%2Fv2%2Fmedia&parent=8623"}],"wp:term":[{"taxonomy":"category","embeddable":true,"href":"http:\/\/tvalaire.com\/index.php?rest_route=%2Fwp%2Fv2%2Fcategories&post=8623"},{"taxonomy":"post_tag","embeddable":true,"href":"http:\/\/tvalaire.com\/index.php?rest_route=%2Fwp%2Fv2%2Ftags&post=8623"}],"curies":[{"name":"wp","href":"https:\/\/api.w.org\/{rel}","templated":true}]}}