{"id":8604,"date":"2020-11-25T17:50:00","date_gmt":"2020-11-25T23:50:00","guid":{"rendered":"http:\/\/tvalaire.com\/?p=8604"},"modified":"2020-11-26T17:52:39","modified_gmt":"2020-11-26T23:52:39","slug":"consejo-municipal-de-salud-acuerda-extremar-medidas-sanitarias","status":"publish","type":"post","link":"http:\/\/tvalaire.com\/?p=8604","title":{"rendered":"CONSEJO MUNICIPAL DE SALUD ACUERDA EXTREMAR MEDIDAS SANITARIAS"},"content":{"rendered":"\n<p>#LaPiedad #ConsejoMunicipaldeSalud #MedidasSanitarias #GobiernoMunicipal<\/p>\n\n\n\n<ul class=\"wp-block-list\"><li><strong>Cerrar\u00e1n nuevamente espacios p\u00fablicos como Unidades Deportivas<\/strong><\/li><li><strong>Ligas deportivas dejan de funcionar hasta nuevo aviso<\/strong><\/li><\/ul>\n\n\n\n<p>Integrantes del Consejo Municipal de Salud acordaron extremar medidas sanitarias en todos los sectores productivos de la poblaci\u00f3n, con el fin de contrarrestar el aumento de casos positivos por COVID-19 en La Piedad.<\/p>\n\n\n\n<p>Dentro de las medidas que fueron acordadas dentro del Consejo, se encuentra el cierre nuevamente de espacios p\u00fablicos tales como: Unidades Deportivas, Plazas p\u00fablicas, Parques y Bibliotecas.<\/p>\n\n\n\n<p>Los nuevos acuerdos fueron delineados en la reuni\u00f3n de Consejo que encabez\u00f3 nuestro alcalde Alex Espinoza; el jefe de la jurisdicci\u00f3n Luis Alberto Arriaga Belman, as\u00ed como integrantes del Consejo Municipal de Salud.<\/p>\n\n\n\n<p>Habr\u00e1 ley seca todos los domingos y la reducci\u00f3n del aforo a los salones de fiesta y empresas de eventos con menos de 100 personas.<\/p>\n\n\n\n<p>Para no afectar a los sectores productivos, los comercios y tiendas departamentales se mantendr\u00e1n con un aforo del 50% y sin autorizaci\u00f3n para dar acceso a ni\u00f1os o adultos mayores; en el caso de los bares y restaurantes \u00fanicamente se les permitir\u00e1 trabajar con la capacidad del 50%de jueves a s\u00e1bado hasta las 23:00 horas.<\/p>\n\n\n\n<p>Ser\u00e1n m\u00e1s estrictos en los tianguis y mercados en donde vigilar\u00e1n la correcta aplicaci\u00f3n de los filtros sanitarios, la circulaci\u00f3n en un solo sentido y se exigir\u00e1 a los locatarios el uso de cubrebocas, careta o lentes, as\u00ed como la sanitizaci\u00f3n constante.<\/p>\n\n\n\n<p>Los gimnasios podr\u00e1n continuar en funciones con el 50% de aforo, cubrebocas obligatorio a todas las personas y sanitizaci\u00f3n constante.<\/p>\n\n\n\n<p>Otro de los sectores que deber\u00e1 ser vigilado por Tr\u00e1nsito y Vialidad, ser\u00e1 el del transporte p\u00fablico para verificar n\u00famero de personas y la correcta aplicaci\u00f3n de medidas de protecci\u00f3n sanitaria.<\/p>\n\n\n\n<p>En esta etapa de control sanitario, las autoridades acordaron supervisar a las empresas locales para vigilar la correcta aplicaci\u00f3n de los filtros sanitarios, acciones de protecci\u00f3n para empleados y verificar que los casos de positividad de COVID-19 se mantengan en aislamiento.<\/p>\n\n\n\n<figure class=\"wp-block-image size-large\"><img loading=\"lazy\" decoding=\"async\" width=\"1024\" height=\"682\" src=\"http:\/\/tvalaire.com\/wp-content\/uploads\/2020\/11\/1-4-2-1-1024x682.jpeg\" alt=\"\" class=\"wp-image-8606\" srcset=\"http:\/\/tvalaire.com\/wp-content\/uploads\/2020\/11\/1-4-2-1-1024x682.jpeg 1024w, http:\/\/tvalaire.com\/wp-content\/uploads\/2020\/11\/1-4-2-1-300x200.jpeg 300w, http:\/\/tvalaire.com\/wp-content\/uploads\/2020\/11\/1-4-2-1-768x512.jpeg 768w, http:\/\/tvalaire.com\/wp-content\/uploads\/2020\/11\/1-4-2-1.jpeg 1280w\" sizes=\"(max-width: 1024px) 100vw, 1024px\" \/><\/figure>\n\n\n\n<figure class=\"wp-block-image size-large\"><img loading=\"lazy\" decoding=\"async\" width=\"1024\" height=\"683\" src=\"http:\/\/tvalaire.com\/wp-content\/uploads\/2020\/11\/1-3-3-2-1024x683.jpeg\" alt=\"\" class=\"wp-image-8607\" srcset=\"http:\/\/tvalaire.com\/wp-content\/uploads\/2020\/11\/1-3-3-2-1024x683.jpeg 1024w, http:\/\/tvalaire.com\/wp-content\/uploads\/2020\/11\/1-3-3-2-300x200.jpeg 300w, http:\/\/tvalaire.com\/wp-content\/uploads\/2020\/11\/1-3-3-2-768x512.jpeg 768w, http:\/\/tvalaire.com\/wp-content\/uploads\/2020\/11\/1-3-3-2.jpeg 1276w\" sizes=\"(max-width: 1024px) 100vw, 1024px\" \/><\/figure>\n","protected":false},"excerpt":{"rendered":"<p>#LaPiedad #ConsejoMunicipaldeSalud #MedidasSanitarias #GobiernoMunicipal Cerrar\u00e1n nuevamente espacios p\u00fablicos como Unidades Deportivas Ligas deportivas dejan de&#8230;<\/p>\n","protected":false},"author":1,"featured_media":8605,"comment_status":"open","ping_status":"open","sticky":false,"template":"","format":"standard","meta":{"jetpack_post_was_ever_published":false,"_jetpack_newsletter_access":"","_jetpack_dont_email_post_to_subs":false,"_jetpack_newsletter_tier_id":0,"_jetpack_memberships_contains_paywalled_content":false,"_jetpack_memberships_contains_paid_content":false,"footnotes":"","jetpack_publicize_message":"","jetpack_publicize_feature_enabled":true,"jetpack_social_post_already_shared":true,"jetpack_social_options":{"image_generator_settings":{"template":"highway","enabled":false},"version":2}},"categories":[1],"tags":[15],"class_list":["post-8604","post","type-post","status-publish","format-standard","has-post-thumbnail","hentry","category-la-piedad","tag-la-piedad"],"jetpack_publicize_connections":[],"jetpack_sharing_enabled":true,"featured_image_urls":{"full":["http:\/\/tvalaire.com\/wp-content\/uploads\/2020\/11\/1-5-1-1.jpeg",1280,853,false],"thumbnail":["http:\/\/tvalaire.com\/wp-content\/uploads\/2020\/11\/1-5-1-1-150x150.jpeg",150,150,true],"medium":["http:\/\/tvalaire.com\/wp-content\/uploads\/2020\/11\/1-5-1-1-300x200.jpeg",300,200,true],"medium_large":["http:\/\/tvalaire.com\/wp-content\/uploads\/2020\/11\/1-5-1-1-768x512.jpeg",640,427,true],"large":["http:\/\/tvalaire.com\/wp-content\/uploads\/2020\/11\/1-5-1-1-1024x682.jpeg",640,426,true],"post-slider-thumb-size":["http:\/\/tvalaire.com\/wp-content\/uploads\/2020\/11\/1-5-1-1-330x190.jpeg",330,190,true],"post-category-slider-size":["http:\/\/tvalaire.com\/wp-content\/uploads\/2020\/11\/1-5-1-1.jpeg",330,220,false],"1536x1536":["http:\/\/tvalaire.com\/wp-content\/uploads\/2020\/11\/1-5-1-1.jpeg",1280,853,false],"2048x2048":["http:\/\/tvalaire.com\/wp-content\/uploads\/2020\/11\/1-5-1-1.jpeg",1280,853,false],"newsium-slider-full":["http:\/\/tvalaire.com\/wp-content\/uploads\/2020\/11\/1-5-1-1-1280x845.jpeg",1280,845,true],"newsium-featured":["http:\/\/tvalaire.com\/wp-content\/uploads\/2020\/11\/1-5-1-1-1024x682.jpeg",1024,682,true],"newsium-medium":["http:\/\/tvalaire.com\/wp-content\/uploads\/2020\/11\/1-5-1-1-720x475.jpeg",720,475,true]},"author_info":{"info":["tvalairenoti"]},"category_info":"<a href=\"http:\/\/tvalaire.com\/?cat=1\" rel=\"category\">La Piedad<\/a>","tag_info":"La Piedad","comment_count":"0","jetpack_featured_media_url":"http:\/\/tvalaire.com\/wp-content\/uploads\/2020\/11\/1-5-1-1.jpeg","_links":{"self":[{"href":"http:\/\/tvalaire.com\/index.php?rest_route=\/wp\/v2\/posts\/8604"}],"collection":[{"href":"http:\/\/tvalaire.com\/index.php?rest_route=\/wp\/v2\/posts"}],"about":[{"href":"http:\/\/tvalaire.com\/index.php?rest_route=\/wp\/v2\/types\/post"}],"author":[{"embeddable":true,"href":"http:\/\/tvalaire.com\/index.php?rest_route=\/wp\/v2\/users\/1"}],"replies":[{"embeddable":true,"href":"http:\/\/tvalaire.com\/index.php?rest_route=%2Fwp%2Fv2%2Fcomments&post=8604"}],"version-history":[{"count":1,"href":"http:\/\/tvalaire.com\/index.php?rest_route=\/wp\/v2\/posts\/8604\/revisions"}],"predecessor-version":[{"id":8608,"href":"http:\/\/tvalaire.com\/index.php?rest_route=\/wp\/v2\/posts\/8604\/revisions\/8608"}],"wp:featuredmedia":[{"embeddable":true,"href":"http:\/\/tvalaire.com\/index.php?rest_route=\/wp\/v2\/media\/8605"}],"wp:attachment":[{"href":"http:\/\/tvalaire.com\/index.php?rest_route=%2Fwp%2Fv2%2Fmedia&parent=8604"}],"wp:term":[{"taxonomy":"category","embeddable":true,"href":"http:\/\/tvalaire.com\/index.php?rest_route=%2Fwp%2Fv2%2Fcategories&post=8604"},{"taxonomy":"post_tag","embeddable":true,"href":"http:\/\/tvalaire.com\/index.php?rest_route=%2Fwp%2Fv2%2Ftags&post=8604"}],"curies":[{"name":"wp","href":"https:\/\/api.w.org\/{rel}","templated":true}]}}