{"id":8599,"date":"2020-11-25T17:49:00","date_gmt":"2020-11-25T23:49:00","guid":{"rendered":"http:\/\/tvalaire.com\/?p=8599"},"modified":"2020-11-26T17:50:37","modified_gmt":"2020-11-26T23:50:37","slug":"develan-antimonumento-en-alusion-a-la-lucha-contra-la-violencia-de-genero","status":"publish","type":"post","link":"http:\/\/tvalaire.com\/?p=8599","title":{"rendered":"DEVELAN ANTIMONUMENTO EN ALUSI\u00d3N A LA LUCHA CONTRA LA VIOLENCIA DE G\u00c9NERO"},"content":{"rendered":"\n<p>#LaPiedad #ViolenciadeG\u00e9nero #Municipios #Antimonumento<\/p>\n\n\n\n<ul class=\"wp-block-list\"><li><strong>Lo instalan en la fuente de \u201cLa Garza\u201d en la Plaza Principal<\/strong><\/li><li><strong>Buscan despertar conciencias y prevenir acciones<\/strong><\/li><\/ul>\n\n\n\n<p>Autoridades municipales develaron esta ma\u00f1ana el primer antimonumento en conmemoraci\u00f3n del D\u00eda Internacional contra la Violencia de G\u00e9nero en un acto en el que nuestro alcalde Alex Espinoza, hizo un llamado a la poblaci\u00f3n en dos sentidos; primero para erradicar la violencia y segundo para su autocuidado de la salud y la de sus familias durante esta pandemia.<\/p>\n\n\n\n<p>Nuestro Alcalde se\u00f1al\u00f3 que esta insigniaes una expresi\u00f3n m\u00e1s del esfuerzo conjunto que hacen como municipio; lugar donde dijo, se busca que las ni\u00f1as y mujeres puedan convivir, transitar, caminar y vivir sin miedo.En este sentido, invit\u00f3 a las mujeres a dejarel miedo para cuando sean violentadas acudan a las instancias correspondientes a presentar su denuncia.<\/p>\n\n\n\n<p>Resalt\u00f3 que en La Piedad, no se pueden permitir m\u00e1s actos violentos por razones de g\u00e9nero o aceptaci\u00f3n de discursos y expresiones de odio que haga patente la brecha entre unos y otros ciudadanos.<\/p>\n\n\n\n<p>\u201cEs importante que momentos como hoy, en este D\u00eda Naranja,D\u00eda para Erradicar la Violencia contra la Mujer por Razones de G\u00e9nero, lo aprovechemos tambi\u00e9n para erradicar un virus que nos ataca \u2013refiri\u00e9ndose a la pandemia-; generemos conciencia y cuidemos a nuestras familias e hijos, usemos el cubrebocas y no estar en lugares p\u00fablicos s\u00f3lo por estar\u201d.<\/p>\n\n\n\n<p>Nuestro Alcalde dijo que d\u00edas como \u00e9ste, les sirva para entender la riqueza, fortaleza de la mujer que son el pilar de casa y de la vida de una de las personas.<\/p>\n\n\n\n<p>El antimonumentoqued\u00f3 instalado en la fuente de \u201cLa Garza\u201d en donde nuestro alcalde Alex Espinoza; la s\u00edndico Esther Naranjo; la directora del Instituto de la Mujer, Claudia Eugenia Buenrostro; Luis Alberto Salazar representante de la Mesa de Seguridad y los regidores de la Comisi\u00f3n de Mujer, Juventud y Deporte estuvieron presentes.<\/p>\n\n\n\n<p>Ah\u00ed tambi\u00e9n, la directora del Instituto de la Mujer, Claudia Eugenia Buenrostro,destac\u00f3 que la contingencia ha tra\u00eddo nuevos retos con respecto a los avances que hab\u00edan tenido en la lucha contra la erradicaci\u00f3n de la violencia de g\u00e9nero.<\/p>\n\n\n\n<p>Para ello, anunci\u00f3 que habr\u00e1n de trabajar de la mano con la sociedad civil, organizaciones e instituciones p\u00fablicas y privadas, ya que por cada 9 mujeres maltratadas hay un hombre violentado y la pandemia agrav\u00f3esta condici\u00f3n, principalmente para quienes viven en condiciones de vulnerabilidad, de tal forma que ser\u00e1 ah\u00ed, d\u00f3nde encaminar\u00e1n todos los esfuerzos que garanticen una vida libre de violencia.<\/p>\n\n\n\n<figure class=\"wp-block-image size-large\"><img loading=\"lazy\" decoding=\"async\" width=\"1024\" height=\"576\" src=\"http:\/\/tvalaire.com\/wp-content\/uploads\/2020\/11\/1-5-3-1024x576.jpeg\" alt=\"\" class=\"wp-image-8601\" srcset=\"http:\/\/tvalaire.com\/wp-content\/uploads\/2020\/11\/1-5-3-1024x576.jpeg 1024w, http:\/\/tvalaire.com\/wp-content\/uploads\/2020\/11\/1-5-3-300x169.jpeg 300w, http:\/\/tvalaire.com\/wp-content\/uploads\/2020\/11\/1-5-3-768x432.jpeg 768w, http:\/\/tvalaire.com\/wp-content\/uploads\/2020\/11\/1-5-3.jpeg 1280w\" sizes=\"(max-width: 1024px) 100vw, 1024px\" \/><\/figure>\n\n\n\n<figure class=\"wp-block-image size-large\"><img decoding=\"async\" src=\"blob:http:\/\/tvalaire.com\/c7e92acf-cdac-4efa-bae6-2a0b4e38133b\" alt=\"\"\/><\/figure>\n","protected":false},"excerpt":{"rendered":"<p>#LaPiedad #ViolenciadeG\u00e9nero #Municipios #Antimonumento Lo instalan en la fuente de \u201cLa Garza\u201d en la Plaza&#8230;<\/p>\n","protected":false},"author":1,"featured_media":8600,"comment_status":"open","ping_status":"open","sticky":false,"template":"","format":"standard","meta":{"jetpack_post_was_ever_published":false,"_jetpack_newsletter_access":"","_jetpack_dont_email_post_to_subs":false,"_jetpack_newsletter_tier_id":0,"_jetpack_memberships_contains_paywalled_content":false,"_jetpack_memberships_contains_paid_content":false,"footnotes":"","jetpack_publicize_message":"","jetpack_publicize_feature_enabled":true,"jetpack_social_post_already_shared":true,"jetpack_social_options":{"image_generator_settings":{"template":"highway","enabled":false},"version":2}},"categories":[1],"tags":[15],"class_list":["post-8599","post","type-post","status-publish","format-standard","has-post-thumbnail","hentry","category-la-piedad","tag-la-piedad"],"jetpack_publicize_connections":[],"jetpack_sharing_enabled":true,"featured_image_urls":{"full":["http:\/\/tvalaire.com\/wp-content\/uploads\/2020\/11\/1-3-2-2.jpeg",1280,720,false],"thumbnail":["http:\/\/tvalaire.com\/wp-content\/uploads\/2020\/11\/1-3-2-2-150x150.jpeg",150,150,true],"medium":["http:\/\/tvalaire.com\/wp-content\/uploads\/2020\/11\/1-3-2-2-300x169.jpeg",300,169,true],"medium_large":["http:\/\/tvalaire.com\/wp-content\/uploads\/2020\/11\/1-3-2-2-768x432.jpeg",640,360,true],"large":["http:\/\/tvalaire.com\/wp-content\/uploads\/2020\/11\/1-3-2-2-1024x576.jpeg",640,360,true],"post-slider-thumb-size":["http:\/\/tvalaire.com\/wp-content\/uploads\/2020\/11\/1-3-2-2-330x190.jpeg",330,190,true],"post-category-slider-size":["http:\/\/tvalaire.com\/wp-content\/uploads\/2020\/11\/1-3-2-2.jpeg",330,186,false],"1536x1536":["http:\/\/tvalaire.com\/wp-content\/uploads\/2020\/11\/1-3-2-2.jpeg",1280,720,false],"2048x2048":["http:\/\/tvalaire.com\/wp-content\/uploads\/2020\/11\/1-3-2-2.jpeg",1280,720,false],"newsium-slider-full":["http:\/\/tvalaire.com\/wp-content\/uploads\/2020\/11\/1-3-2-2.jpeg",1280,720,false],"newsium-featured":["http:\/\/tvalaire.com\/wp-content\/uploads\/2020\/11\/1-3-2-2-1024x576.jpeg",1024,576,true],"newsium-medium":["http:\/\/tvalaire.com\/wp-content\/uploads\/2020\/11\/1-3-2-2-720x475.jpeg",720,475,true]},"author_info":{"info":["tvalairenoti"]},"category_info":"<a href=\"http:\/\/tvalaire.com\/?cat=1\" rel=\"category\">La Piedad<\/a>","tag_info":"La Piedad","comment_count":"0","jetpack_featured_media_url":"http:\/\/tvalaire.com\/wp-content\/uploads\/2020\/11\/1-3-2-2.jpeg","_links":{"self":[{"href":"http:\/\/tvalaire.com\/index.php?rest_route=\/wp\/v2\/posts\/8599"}],"collection":[{"href":"http:\/\/tvalaire.com\/index.php?rest_route=\/wp\/v2\/posts"}],"about":[{"href":"http:\/\/tvalaire.com\/index.php?rest_route=\/wp\/v2\/types\/post"}],"author":[{"embeddable":true,"href":"http:\/\/tvalaire.com\/index.php?rest_route=\/wp\/v2\/users\/1"}],"replies":[{"embeddable":true,"href":"http:\/\/tvalaire.com\/index.php?rest_route=%2Fwp%2Fv2%2Fcomments&post=8599"}],"version-history":[{"count":1,"href":"http:\/\/tvalaire.com\/index.php?rest_route=\/wp\/v2\/posts\/8599\/revisions"}],"predecessor-version":[{"id":8603,"href":"http:\/\/tvalaire.com\/index.php?rest_route=\/wp\/v2\/posts\/8599\/revisions\/8603"}],"wp:featuredmedia":[{"embeddable":true,"href":"http:\/\/tvalaire.com\/index.php?rest_route=\/wp\/v2\/media\/8600"}],"wp:attachment":[{"href":"http:\/\/tvalaire.com\/index.php?rest_route=%2Fwp%2Fv2%2Fmedia&parent=8599"}],"wp:term":[{"taxonomy":"category","embeddable":true,"href":"http:\/\/tvalaire.com\/index.php?rest_route=%2Fwp%2Fv2%2Fcategories&post=8599"},{"taxonomy":"post_tag","embeddable":true,"href":"http:\/\/tvalaire.com\/index.php?rest_route=%2Fwp%2Fv2%2Ftags&post=8599"}],"curies":[{"name":"wp","href":"https:\/\/api.w.org\/{rel}","templated":true}]}}