{"id":8595,"date":"2020-11-25T17:47:00","date_gmt":"2020-11-25T23:47:00","guid":{"rendered":"http:\/\/tvalaire.com\/?p=8595"},"modified":"2020-11-26T17:48:44","modified_gmt":"2020-11-26T23:48:44","slug":"inicia-pavimentacion-en-calle-madero-de-ecuandureo","status":"publish","type":"post","link":"http:\/\/tvalaire.com\/?p=8595","title":{"rendered":"INICIA PAVIMENTACI\u00d3N EN CALLE MADERO DE ECUANDUREO"},"content":{"rendered":"\n<p>Inicia la pavimentaci\u00f3n de calle Madero en la Cabecera Municipal de Ecuandureo, obra que mejorar\u00e1 la imagen urbana y la movilidad p\u00fablica.<\/p>\n\n\n\n<p>A cargo de la Direcci\u00f3n de Obras P\u00fablicas se comenz\u00f3 el mejoramiento de la calle Madero desde Allende hasta Guadalupe Victoria, el cual incluye pavimentaci\u00f3n, rehabilitaci\u00f3n del arroyo vial y banquetas.<\/p>\n\n\n\n<p>La obra representa un total de 480 metros cuadrados de concreto hidr\u00e1ulico, se pretende lograr una uniformidad en cuanto al tama\u00f1o y altura de las banquetas para la circulaci\u00f3n adecuada de todas las personas, sin ning\u00fan tipo de obst\u00e1culo.<\/p>\n\n\n\n<p>Adem\u00e1s, se mejorar\u00e1 la imagen urbana de Ecuandureo con tres mini plazoletas a lo largo de la calle, en la que se incluir\u00e1 mobiliario urbano, vegetaci\u00f3n e iluminaci\u00f3n, zonas importantes que funcionar\u00e1n como punto de encuentro social.<\/p>\n\n\n\n<figure class=\"wp-block-image size-large\"><img loading=\"lazy\" decoding=\"async\" width=\"1024\" height=\"682\" src=\"http:\/\/tvalaire.com\/wp-content\/uploads\/2020\/11\/4-1024x682.jpg\" alt=\"\" class=\"wp-image-8597\" srcset=\"http:\/\/tvalaire.com\/wp-content\/uploads\/2020\/11\/4-1024x682.jpg 1024w, http:\/\/tvalaire.com\/wp-content\/uploads\/2020\/11\/4-300x200.jpg 300w, http:\/\/tvalaire.com\/wp-content\/uploads\/2020\/11\/4-768x512.jpg 768w, http:\/\/tvalaire.com\/wp-content\/uploads\/2020\/11\/4.jpg 1280w\" sizes=\"(max-width: 1024px) 100vw, 1024px\" \/><\/figure>\n","protected":false},"excerpt":{"rendered":"<p>Inicia la pavimentaci\u00f3n de calle Madero en la Cabecera Municipal de Ecuandureo, obra que mejorar\u00e1&#8230;<\/p>\n","protected":false},"author":1,"featured_media":8596,"comment_status":"open","ping_status":"open","sticky":false,"template":"","format":"standard","meta":{"jetpack_post_was_ever_published":false,"_jetpack_newsletter_access":"","_jetpack_dont_email_post_to_subs":false,"_jetpack_newsletter_tier_id":0,"_jetpack_memberships_contains_paywalled_content":false,"_jetpack_memberships_contains_paid_content":false,"footnotes":"","jetpack_publicize_message":"","jetpack_publicize_feature_enabled":true,"jetpack_social_post_already_shared":true,"jetpack_social_options":{"image_generator_settings":{"template":"highway","enabled":false},"version":2}},"categories":[45],"tags":[46],"class_list":["post-8595","post","type-post","status-publish","format-standard","has-post-thumbnail","hentry","category-ecuandureo","tag-ecuandureo"],"jetpack_publicize_connections":[],"jetpack_sharing_enabled":true,"featured_image_urls":{"full":["http:\/\/tvalaire.com\/wp-content\/uploads\/2020\/11\/2.jpg",1024,682,false],"thumbnail":["http:\/\/tvalaire.com\/wp-content\/uploads\/2020\/11\/2-150x150.jpg",150,150,true],"medium":["http:\/\/tvalaire.com\/wp-content\/uploads\/2020\/11\/2-300x200.jpg",300,200,true],"medium_large":["http:\/\/tvalaire.com\/wp-content\/uploads\/2020\/11\/2-768x512.jpg",640,427,true],"large":["http:\/\/tvalaire.com\/wp-content\/uploads\/2020\/11\/2.jpg",640,426,false],"post-slider-thumb-size":["http:\/\/tvalaire.com\/wp-content\/uploads\/2020\/11\/2-330x190.jpg",330,190,true],"post-category-slider-size":["http:\/\/tvalaire.com\/wp-content\/uploads\/2020\/11\/2.jpg",330,220,false],"1536x1536":["http:\/\/tvalaire.com\/wp-content\/uploads\/2020\/11\/2.jpg",1024,682,false],"2048x2048":["http:\/\/tvalaire.com\/wp-content\/uploads\/2020\/11\/2.jpg",1024,682,false],"newsium-slider-full":["http:\/\/tvalaire.com\/wp-content\/uploads\/2020\/11\/2.jpg",1024,682,false],"newsium-featured":["http:\/\/tvalaire.com\/wp-content\/uploads\/2020\/11\/2.jpg",1024,682,false],"newsium-medium":["http:\/\/tvalaire.com\/wp-content\/uploads\/2020\/11\/2-720x475.jpg",720,475,true]},"author_info":{"info":["tvalairenoti"]},"category_info":"<a href=\"http:\/\/tvalaire.com\/?cat=45\" rel=\"category\">Ecuandureo<\/a>","tag_info":"Ecuandureo","comment_count":"0","jetpack_featured_media_url":"http:\/\/tvalaire.com\/wp-content\/uploads\/2020\/11\/2.jpg","_links":{"self":[{"href":"http:\/\/tvalaire.com\/index.php?rest_route=\/wp\/v2\/posts\/8595"}],"collection":[{"href":"http:\/\/tvalaire.com\/index.php?rest_route=\/wp\/v2\/posts"}],"about":[{"href":"http:\/\/tvalaire.com\/index.php?rest_route=\/wp\/v2\/types\/post"}],"author":[{"embeddable":true,"href":"http:\/\/tvalaire.com\/index.php?rest_route=\/wp\/v2\/users\/1"}],"replies":[{"embeddable":true,"href":"http:\/\/tvalaire.com\/index.php?rest_route=%2Fwp%2Fv2%2Fcomments&post=8595"}],"version-history":[{"count":1,"href":"http:\/\/tvalaire.com\/index.php?rest_route=\/wp\/v2\/posts\/8595\/revisions"}],"predecessor-version":[{"id":8598,"href":"http:\/\/tvalaire.com\/index.php?rest_route=\/wp\/v2\/posts\/8595\/revisions\/8598"}],"wp:featuredmedia":[{"embeddable":true,"href":"http:\/\/tvalaire.com\/index.php?rest_route=\/wp\/v2\/media\/8596"}],"wp:attachment":[{"href":"http:\/\/tvalaire.com\/index.php?rest_route=%2Fwp%2Fv2%2Fmedia&parent=8595"}],"wp:term":[{"taxonomy":"category","embeddable":true,"href":"http:\/\/tvalaire.com\/index.php?rest_route=%2Fwp%2Fv2%2Fcategories&post=8595"},{"taxonomy":"post_tag","embeddable":true,"href":"http:\/\/tvalaire.com\/index.php?rest_route=%2Fwp%2Fv2%2Ftags&post=8595"}],"curies":[{"name":"wp","href":"https:\/\/api.w.org\/{rel}","templated":true}]}}