{"id":8583,"date":"2020-11-24T17:41:00","date_gmt":"2020-11-24T23:41:00","guid":{"rendered":"http:\/\/tvalaire.com\/?p=8583"},"modified":"2020-11-26T17:44:45","modified_gmt":"2020-11-26T23:44:45","slug":"aplican-programa-de-sustitucion-de-luminarias-en-la-colonia-santa-fe-y-obrera","status":"publish","type":"post","link":"http:\/\/tvalaire.com\/?p=8583","title":{"rendered":"APLICAN PROGRAMA DE SUSTITUCI\u00d3N DE LUMINARIAS EN LA COLONIA SANTA FE Y OBRERA"},"content":{"rendered":"\n<p><\/p>\n\n\n\n<ul class=\"wp-block-list\"><li><strong>La colocaci\u00f3n inici\u00f3 este lunes y concluir\u00e1n el jueves<\/strong><\/li><li><strong>En total cambiar\u00e1n 89 luminarias de vapor de sodio por tecnolog\u00eda Led<\/strong><\/li><\/ul>\n\n\n\n<p>Este lunes dieron inicio los trabajos de sustituci\u00f3n de luminarias en la colonia Santa Fe y Obrera.<\/p>\n\n\n\n<p>Nuestro alcalde Alex Espinoza, supervis\u00f3 los trabajos el mismo lunes por la noche y se reuni\u00f3 con algunos vecinos a quienes reiter\u00f3 su compromiso por continuar gestionando programas que beneficien a la poblaci\u00f3n.<\/p>\n\n\n\n<p>Mencion\u00f3 que con la sustituci\u00f3n de luminarias, los vecinos podr\u00e1n contar con un mejor servicio de alumbrado p\u00fablico y el Gobierno Municipal generar\u00e1 ahorros en el consumo de la energ\u00eda.<\/p>\n\n\n\n<p>En ambas colonias las l\u00e1mparas que hab\u00eda eran de vapor de sodio las cuales consumen m\u00e1s energ\u00eda que las tecnolog\u00edas nuevas como tipo Led que son las que est\u00e1n siendo colocadas.<\/p>\n\n\n\n<p>Cabe destacar que el mismo lunes se colocaron 25 nuevas luminarias de las cuales 17 fueron de 70 watts y 10 de 50 watts en calles como Calzada de los Indios, Los \u00c1ngeles, San Jos\u00e9 y Santa Fe.<\/p>\n\n\n\n<p>Los trabajos de sustituci\u00f3n se mantendr\u00e1n hasta el jueves, ya que la meta es colocar un total de 89 luminarias entre esta colonia y La Obrera.<\/p>\n\n\n\n<p>Este programa de sustituci\u00f3n tambi\u00e9n incluy\u00f3 al Ejido Los Moreno y recientemente a los fraccionamientos El Cuitzillo, en donde de igual manera se cambiaron las l\u00e1mparas de vapor de sodio por esta nueva tecnolog\u00eda con la cual el Gobierno Municipal prev\u00e9 obtener ahorros significativos en cuanto al pago por este servicio.<\/p>\n\n\n\n<figure class=\"wp-block-image size-large\"><img loading=\"lazy\" decoding=\"async\" width=\"1024\" height=\"682\" src=\"http:\/\/tvalaire.com\/wp-content\/uploads\/2020\/11\/1-4-6-1024x682.jpeg\" alt=\"\" class=\"wp-image-8586\" srcset=\"http:\/\/tvalaire.com\/wp-content\/uploads\/2020\/11\/1-4-6-1024x682.jpeg 1024w, http:\/\/tvalaire.com\/wp-content\/uploads\/2020\/11\/1-4-6-300x200.jpeg 300w, http:\/\/tvalaire.com\/wp-content\/uploads\/2020\/11\/1-4-6-768x512.jpeg 768w, http:\/\/tvalaire.com\/wp-content\/uploads\/2020\/11\/1-4-6.jpeg 1280w\" sizes=\"(max-width: 1024px) 100vw, 1024px\" \/><\/figure>\n\n\n\n<figure class=\"wp-block-image size-large\"><img loading=\"lazy\" decoding=\"async\" width=\"1024\" height=\"682\" src=\"http:\/\/tvalaire.com\/wp-content\/uploads\/2020\/11\/1-2-1-5-1024x682.jpeg\" alt=\"\" class=\"wp-image-8587\" srcset=\"http:\/\/tvalaire.com\/wp-content\/uploads\/2020\/11\/1-2-1-5-1024x682.jpeg 1024w, http:\/\/tvalaire.com\/wp-content\/uploads\/2020\/11\/1-2-1-5-300x200.jpeg 300w, http:\/\/tvalaire.com\/wp-content\/uploads\/2020\/11\/1-2-1-5-768x512.jpeg 768w, http:\/\/tvalaire.com\/wp-content\/uploads\/2020\/11\/1-2-1-5.jpeg 1280w\" sizes=\"(max-width: 1024px) 100vw, 1024px\" \/><\/figure>\n\n\n\n<figure class=\"wp-block-image size-large\"><img loading=\"lazy\" decoding=\"async\" width=\"1024\" height=\"682\" src=\"http:\/\/tvalaire.com\/wp-content\/uploads\/2020\/11\/1-3-6-1024x682.jpeg\" alt=\"\" class=\"wp-image-8588\" srcset=\"http:\/\/tvalaire.com\/wp-content\/uploads\/2020\/11\/1-3-6-1024x682.jpeg 1024w, http:\/\/tvalaire.com\/wp-content\/uploads\/2020\/11\/1-3-6-300x200.jpeg 300w, http:\/\/tvalaire.com\/wp-content\/uploads\/2020\/11\/1-3-6-768x512.jpeg 768w, http:\/\/tvalaire.com\/wp-content\/uploads\/2020\/11\/1-3-6.jpeg 1280w\" sizes=\"(max-width: 1024px) 100vw, 1024px\" \/><\/figure>\n","protected":false},"excerpt":{"rendered":"<p>La colocaci\u00f3n inici\u00f3 este lunes y concluir\u00e1n el jueves En total cambiar\u00e1n 89 luminarias de&#8230;<\/p>\n","protected":false},"author":1,"featured_media":8584,"comment_status":"open","ping_status":"open","sticky":false,"template":"","format":"standard","meta":{"jetpack_post_was_ever_published":false,"_jetpack_newsletter_access":"","_jetpack_dont_email_post_to_subs":false,"_jetpack_newsletter_tier_id":0,"_jetpack_memberships_contains_paywalled_content":false,"_jetpack_memberships_contains_paid_content":false,"footnotes":"","jetpack_publicize_message":"","jetpack_publicize_feature_enabled":true,"jetpack_social_post_already_shared":true,"jetpack_social_options":{"image_generator_settings":{"template":"highway","enabled":false},"version":2}},"categories":[1],"tags":[15],"class_list":["post-8583","post","type-post","status-publish","format-standard","has-post-thumbnail","hentry","category-la-piedad","tag-la-piedad"],"jetpack_publicize_connections":[],"jetpack_sharing_enabled":true,"featured_image_urls":{"full":["http:\/\/tvalaire.com\/wp-content\/uploads\/2020\/11\/1-4-5.jpeg",1280,853,false],"thumbnail":["http:\/\/tvalaire.com\/wp-content\/uploads\/2020\/11\/1-4-5-150x150.jpeg",150,150,true],"medium":["http:\/\/tvalaire.com\/wp-content\/uploads\/2020\/11\/1-4-5-300x200.jpeg",300,200,true],"medium_large":["http:\/\/tvalaire.com\/wp-content\/uploads\/2020\/11\/1-4-5-768x512.jpeg",640,427,true],"large":["http:\/\/tvalaire.com\/wp-content\/uploads\/2020\/11\/1-4-5-1024x682.jpeg",640,426,true],"post-slider-thumb-size":["http:\/\/tvalaire.com\/wp-content\/uploads\/2020\/11\/1-4-5-330x190.jpeg",330,190,true],"post-category-slider-size":["http:\/\/tvalaire.com\/wp-content\/uploads\/2020\/11\/1-4-5.jpeg",330,220,false],"1536x1536":["http:\/\/tvalaire.com\/wp-content\/uploads\/2020\/11\/1-4-5.jpeg",1280,853,false],"2048x2048":["http:\/\/tvalaire.com\/wp-content\/uploads\/2020\/11\/1-4-5.jpeg",1280,853,false],"newsium-slider-full":["http:\/\/tvalaire.com\/wp-content\/uploads\/2020\/11\/1-4-5-1280x845.jpeg",1280,845,true],"newsium-featured":["http:\/\/tvalaire.com\/wp-content\/uploads\/2020\/11\/1-4-5-1024x682.jpeg",1024,682,true],"newsium-medium":["http:\/\/tvalaire.com\/wp-content\/uploads\/2020\/11\/1-4-5-720x475.jpeg",720,475,true]},"author_info":{"info":["tvalairenoti"]},"category_info":"<a href=\"http:\/\/tvalaire.com\/?cat=1\" rel=\"category\">La Piedad<\/a>","tag_info":"La Piedad","comment_count":"0","jetpack_featured_media_url":"http:\/\/tvalaire.com\/wp-content\/uploads\/2020\/11\/1-4-5.jpeg","_links":{"self":[{"href":"http:\/\/tvalaire.com\/index.php?rest_route=\/wp\/v2\/posts\/8583"}],"collection":[{"href":"http:\/\/tvalaire.com\/index.php?rest_route=\/wp\/v2\/posts"}],"about":[{"href":"http:\/\/tvalaire.com\/index.php?rest_route=\/wp\/v2\/types\/post"}],"author":[{"embeddable":true,"href":"http:\/\/tvalaire.com\/index.php?rest_route=\/wp\/v2\/users\/1"}],"replies":[{"embeddable":true,"href":"http:\/\/tvalaire.com\/index.php?rest_route=%2Fwp%2Fv2%2Fcomments&post=8583"}],"version-history":[{"count":1,"href":"http:\/\/tvalaire.com\/index.php?rest_route=\/wp\/v2\/posts\/8583\/revisions"}],"predecessor-version":[{"id":8589,"href":"http:\/\/tvalaire.com\/index.php?rest_route=\/wp\/v2\/posts\/8583\/revisions\/8589"}],"wp:featuredmedia":[{"embeddable":true,"href":"http:\/\/tvalaire.com\/index.php?rest_route=\/wp\/v2\/media\/8584"}],"wp:attachment":[{"href":"http:\/\/tvalaire.com\/index.php?rest_route=%2Fwp%2Fv2%2Fmedia&parent=8583"}],"wp:term":[{"taxonomy":"category","embeddable":true,"href":"http:\/\/tvalaire.com\/index.php?rest_route=%2Fwp%2Fv2%2Fcategories&post=8583"},{"taxonomy":"post_tag","embeddable":true,"href":"http:\/\/tvalaire.com\/index.php?rest_route=%2Fwp%2Fv2%2Ftags&post=8583"}],"curies":[{"name":"wp","href":"https:\/\/api.w.org\/{rel}","templated":true}]}}