{"id":8580,"date":"2020-11-24T17:38:00","date_gmt":"2020-11-24T23:38:00","guid":{"rendered":"http:\/\/tvalaire.com\/?p=8580"},"modified":"2020-11-26T17:41:19","modified_gmt":"2020-11-26T23:41:19","slug":"convocan-para-entregar-reconocimiento-al-migrante-2020","status":"publish","type":"post","link":"http:\/\/tvalaire.com\/?p=8580","title":{"rendered":"CONVOCAN PARA ENTREGAR RECONOCIMIENTO AL MIGRANTE 2020"},"content":{"rendered":"\n<p><\/p>\n\n\n\n<ul class=\"wp-block-list\"><li><strong>La entrega del premio se realizar\u00e1 de manera virtual<\/strong><\/li><li><strong>Fecha l\u00edmite para entregar documentos hasta el 1 de diciembre<\/strong><\/li><\/ul>\n\n\n\n<p>El Gobierno Municipal a trav\u00e9s de la direcci\u00f3n de Vinculaci\u00f3n y Cooperaci\u00f3n Internacional, hizo p\u00fablica la convocatoria para la recepci\u00f3n de aspirantes a obtener el Reconocimiento al Migrante Piedadense 2020 que en esta ocasi\u00f3n se entregar\u00e1 de forma virtual.<\/p>\n\n\n\n<p>Fernanda C\u00e1rdenas Ayala, titular de la dependencia inform\u00f3 que el reconocimiento el Gobierno Municipal lo otorga a quienes hayan destacado por su trabajo y labor de los migrantes procedentes de La Piedad, que destaquen en su comunidad por su trabajo, esfuerzos, dedicaci\u00f3n y compromiso.<\/p>\n\n\n\n<p>Las propuestas deber\u00e1n ser enviadas ya sea por el participante o por terceras personas a partir de la publicaci\u00f3n de la misma y hasta el 1 de diciembre del a\u00f1o en curso e incluir una semblanza de la persona nominada en la que se comenten las acciones destacadas en beneficio de su comunidad y la raz\u00f3n por la que deber\u00e1 ser reconocido como el Migrante Piedadense 2020, anexando evidencias fotogr\u00e1ficas, tel\u00e9fono y correo en el que ser\u00e1 posible contactarlo.<\/p>\n\n\n\n<p>C\u00e1rdenas Ayala, indic\u00f3 que las propuestas ser\u00e1n recibidas en un sobre cerrado en las instalaciones de Vinculaci\u00f3n y Cooperaci\u00f3n Internacional ubicadas en el nuevo edificio de Gobierno sobre la calle Mariano Jim\u00e9nez #115 o al e-mail: <a href=\"mailto:vinculacioninternacional2020@gmail.com\">vinculacioninternacional2020@gmail.com<\/a><\/p>\n\n\n\n<p>La evaluaci\u00f3n de las propuestas correr\u00e1 a cargo de la Comisi\u00f3n de Asuntos Migratorios del Ayuntamiento, un migrante destacado y nuestro presidente municipal, Alex Espinoza.<\/p>\n\n\n\n<p>Cabe destacar que debido a la pandemia del COVID-19, la entrega del reconocimiento al ganador se realizar\u00e1 mediante una transmisi\u00f3n especial que se har\u00e1 de manera virtual.<\/p>\n","protected":false},"excerpt":{"rendered":"<p>La entrega del premio se realizar\u00e1 de manera virtual Fecha l\u00edmite para entregar documentos hasta&#8230;<\/p>\n","protected":false},"author":1,"featured_media":8581,"comment_status":"open","ping_status":"open","sticky":false,"template":"","format":"standard","meta":{"jetpack_post_was_ever_published":false,"_jetpack_newsletter_access":"","_jetpack_dont_email_post_to_subs":false,"_jetpack_newsletter_tier_id":0,"_jetpack_memberships_contains_paywalled_content":false,"_jetpack_memberships_contains_paid_content":false,"footnotes":"","jetpack_publicize_message":"","jetpack_publicize_feature_enabled":true,"jetpack_social_post_already_shared":true,"jetpack_social_options":{"image_generator_settings":{"template":"highway","enabled":false},"version":2}},"categories":[1],"tags":[15],"class_list":["post-8580","post","type-post","status-publish","format-standard","has-post-thumbnail","hentry","category-la-piedad","tag-la-piedad"],"jetpack_publicize_connections":[],"jetpack_sharing_enabled":true,"featured_image_urls":{"full":["http:\/\/tvalaire.com\/wp-content\/uploads\/2020\/11\/1-2-5.jpeg",1024,512,false],"thumbnail":["http:\/\/tvalaire.com\/wp-content\/uploads\/2020\/11\/1-2-5-150x150.jpeg",150,150,true],"medium":["http:\/\/tvalaire.com\/wp-content\/uploads\/2020\/11\/1-2-5-300x150.jpeg",300,150,true],"medium_large":["http:\/\/tvalaire.com\/wp-content\/uploads\/2020\/11\/1-2-5-768x384.jpeg",640,320,true],"large":["http:\/\/tvalaire.com\/wp-content\/uploads\/2020\/11\/1-2-5.jpeg",640,320,false],"post-slider-thumb-size":["http:\/\/tvalaire.com\/wp-content\/uploads\/2020\/11\/1-2-5-330x190.jpeg",330,190,true],"post-category-slider-size":["http:\/\/tvalaire.com\/wp-content\/uploads\/2020\/11\/1-2-5.jpeg",330,165,false],"1536x1536":["http:\/\/tvalaire.com\/wp-content\/uploads\/2020\/11\/1-2-5.jpeg",1024,512,false],"2048x2048":["http:\/\/tvalaire.com\/wp-content\/uploads\/2020\/11\/1-2-5.jpeg",1024,512,false],"newsium-slider-full":["http:\/\/tvalaire.com\/wp-content\/uploads\/2020\/11\/1-2-5.jpeg",1024,512,false],"newsium-featured":["http:\/\/tvalaire.com\/wp-content\/uploads\/2020\/11\/1-2-5.jpeg",1024,512,false],"newsium-medium":["http:\/\/tvalaire.com\/wp-content\/uploads\/2020\/11\/1-2-5-720x475.jpeg",720,475,true]},"author_info":{"info":["tvalairenoti"]},"category_info":"<a href=\"http:\/\/tvalaire.com\/?cat=1\" rel=\"category\">La Piedad<\/a>","tag_info":"La Piedad","comment_count":"0","jetpack_featured_media_url":"http:\/\/tvalaire.com\/wp-content\/uploads\/2020\/11\/1-2-5.jpeg","_links":{"self":[{"href":"http:\/\/tvalaire.com\/index.php?rest_route=\/wp\/v2\/posts\/8580"}],"collection":[{"href":"http:\/\/tvalaire.com\/index.php?rest_route=\/wp\/v2\/posts"}],"about":[{"href":"http:\/\/tvalaire.com\/index.php?rest_route=\/wp\/v2\/types\/post"}],"author":[{"embeddable":true,"href":"http:\/\/tvalaire.com\/index.php?rest_route=\/wp\/v2\/users\/1"}],"replies":[{"embeddable":true,"href":"http:\/\/tvalaire.com\/index.php?rest_route=%2Fwp%2Fv2%2Fcomments&post=8580"}],"version-history":[{"count":1,"href":"http:\/\/tvalaire.com\/index.php?rest_route=\/wp\/v2\/posts\/8580\/revisions"}],"predecessor-version":[{"id":8582,"href":"http:\/\/tvalaire.com\/index.php?rest_route=\/wp\/v2\/posts\/8580\/revisions\/8582"}],"wp:featuredmedia":[{"embeddable":true,"href":"http:\/\/tvalaire.com\/index.php?rest_route=\/wp\/v2\/media\/8581"}],"wp:attachment":[{"href":"http:\/\/tvalaire.com\/index.php?rest_route=%2Fwp%2Fv2%2Fmedia&parent=8580"}],"wp:term":[{"taxonomy":"category","embeddable":true,"href":"http:\/\/tvalaire.com\/index.php?rest_route=%2Fwp%2Fv2%2Fcategories&post=8580"},{"taxonomy":"post_tag","embeddable":true,"href":"http:\/\/tvalaire.com\/index.php?rest_route=%2Fwp%2Fv2%2Ftags&post=8580"}],"curies":[{"name":"wp","href":"https:\/\/api.w.org\/{rel}","templated":true}]}}