{"id":8571,"date":"2020-11-20T16:41:00","date_gmt":"2020-11-20T22:41:00","guid":{"rendered":"http:\/\/tvalaire.com\/?p=8571"},"modified":"2020-11-25T16:43:00","modified_gmt":"2020-11-25T22:43:00","slug":"conmemoran-26-aniversario-luctuoso-de-eduardo-villasenor-pena","status":"publish","type":"post","link":"http:\/\/tvalaire.com\/?p=8571","title":{"rendered":"CONMEMORAN 26 ANIVERSARIO LUCTUOSO DE EDUARDO VILLASE\u00d1OR PE\u00d1A"},"content":{"rendered":"\n<p><\/p>\n\n\n\n<p>\u00b7&nbsp;&nbsp;&nbsp;&nbsp;&nbsp;&nbsp;Realizan acto en la Escuela de Artes<\/p>\n\n\n\n<p>\u00b7&nbsp;&nbsp;&nbsp;&nbsp;&nbsp;&nbsp;La oradora oficial, Claudia Arcelia Guzm\u00e1n dijo que sin duda, el que fuera Gobernador de Michoac\u00e1n, fue tambi\u00e9n un incansable luchador que articul\u00f3 todas las ideas de igualdad social y trabajo comprometido<\/p>\n\n\n\n<p>Integrantes del Ayuntamiento encabezados por nuestro alcalde A, conmemoraron esta ma\u00f1ana el 26 Aniversario Luctuoso de Eduardo Villase\u00f1or Pe\u00f1a en un acto c\u00edvico realizado en la Escuela de Artes.<\/p>\n\n\n\n<p>En el evento, adem\u00e1s de los integrantes del Ayuntamiento, se cont\u00f3 con la presencia de la se\u00f1ora Yolanda Meza Torres viuda del extinto Gobernador de Michoac\u00e1n.<\/p>\n\n\n\n<p>La oradora oficial del evento, fue la regidora Claudia Arcelia Guzm\u00e1n quien destac\u00f3 el esp\u00edritu empresarial de Eduardo Villase\u00f1or quien no se limitaba a hablar de negocios, sino en su lucha por generar inversiones en tecnolog\u00eda e innovaci\u00f3n en el sector porcicola para ser competitivos.<\/p>\n\n\n\n<p>Indic\u00f3 que con esa visi\u00f3n empresarial, La Piedad lleg\u00f3 a posicionarse como uno de los centros porcicolas m\u00e1s importantes de Am\u00e9rica Latina.<\/p>\n\n\n\n<p>\u201cSin duda, Eduardo Villase\u00f1or fue un hombre conceptos, claros, incansable luchador que articul\u00f3 en los hechos todas y cada una de sus ideas de igualdad social y trabajo comprometido en su corto pero preciso tiempo pol\u00edtico al servicio de la ciudadan\u00eda, en cuyo trayecto qued\u00f3 constancia del reencauzamiento de una ciudad rezagada y abandonada y de un distrito rebasado por intereses personales, pr\u00e1cticas legislativas desleales y dirigidas a la protecci\u00f3n de intereses direccionados\u201d.<\/p>\n\n\n\n<p>La rese\u00f1a biogr\u00e1fica corri\u00f3 a cargo del director de educaci\u00f3n Horacio Mart\u00edn S\u00e1nchez Molina, que al igual que la oradora oficial, record\u00f3 los logros obtenidos en el Municipio por el empresario porcicola que fue tambi\u00e9n fundador de Lapisa que es baluarte de la porcicultura, fundador de instituciones de nivel superior como Instituto Tecnol\u00f3gico, entre otras.<\/p>\n\n\n\n<p>Al t\u00e9rmino del acto, los presentes montaron guardia en honor a Eduardo Villase\u00f1or, la cual debido a la pandemia se hizo en partes en atenci\u00f3n a las medidas sanitarias.<\/p>\n\n\n\n<figure class=\"wp-block-image size-large\"><img decoding=\"async\" src=\"blob:http:\/\/tvalaire.com\/6110c89a-661b-406e-99ba-2c409137f571\" alt=\"\"\/><\/figure>\n\n\n\n<figure class=\"wp-block-image size-large\"><img loading=\"lazy\" decoding=\"async\" width=\"1024\" height=\"682\" src=\"http:\/\/tvalaire.com\/wp-content\/uploads\/2020\/11\/WhatsApp-Image-2020-11-20-at-1.24.03-PM-1024x682.jpeg\" alt=\"\" class=\"wp-image-8574\" srcset=\"http:\/\/tvalaire.com\/wp-content\/uploads\/2020\/11\/WhatsApp-Image-2020-11-20-at-1.24.03-PM-1024x682.jpeg 1024w, http:\/\/tvalaire.com\/wp-content\/uploads\/2020\/11\/WhatsApp-Image-2020-11-20-at-1.24.03-PM-300x200.jpeg 300w, http:\/\/tvalaire.com\/wp-content\/uploads\/2020\/11\/WhatsApp-Image-2020-11-20-at-1.24.03-PM-768x512.jpeg 768w, http:\/\/tvalaire.com\/wp-content\/uploads\/2020\/11\/WhatsApp-Image-2020-11-20-at-1.24.03-PM.jpeg 1280w\" sizes=\"(max-width: 1024px) 100vw, 1024px\" \/><\/figure>\n","protected":false},"excerpt":{"rendered":"<p>\u00b7&nbsp;&nbsp;&nbsp;&nbsp;&nbsp;&nbsp;Realizan acto en la Escuela de Artes \u00b7&nbsp;&nbsp;&nbsp;&nbsp;&nbsp;&nbsp;La oradora oficial, Claudia Arcelia Guzm\u00e1n dijo que&#8230;<\/p>\n","protected":false},"author":1,"featured_media":8572,"comment_status":"open","ping_status":"open","sticky":false,"template":"","format":"standard","meta":{"jetpack_post_was_ever_published":false,"_jetpack_newsletter_access":"","_jetpack_dont_email_post_to_subs":false,"_jetpack_newsletter_tier_id":0,"_jetpack_memberships_contains_paywalled_content":false,"_jetpack_memberships_contains_paid_content":false,"footnotes":"","jetpack_publicize_message":"","jetpack_publicize_feature_enabled":true,"jetpack_social_post_already_shared":true,"jetpack_social_options":{"image_generator_settings":{"template":"highway","enabled":false},"version":2}},"categories":[1],"tags":[15],"class_list":["post-8571","post","type-post","status-publish","format-standard","has-post-thumbnail","hentry","category-la-piedad","tag-la-piedad"],"jetpack_publicize_connections":[],"jetpack_sharing_enabled":true,"featured_image_urls":{"full":["http:\/\/tvalaire.com\/wp-content\/uploads\/2020\/11\/WhatsApp-Image-2020-11-20-at-1.24.14-PM.jpeg",1280,853,false],"thumbnail":["http:\/\/tvalaire.com\/wp-content\/uploads\/2020\/11\/WhatsApp-Image-2020-11-20-at-1.24.14-PM-150x150.jpeg",150,150,true],"medium":["http:\/\/tvalaire.com\/wp-content\/uploads\/2020\/11\/WhatsApp-Image-2020-11-20-at-1.24.14-PM-300x200.jpeg",300,200,true],"medium_large":["http:\/\/tvalaire.com\/wp-content\/uploads\/2020\/11\/WhatsApp-Image-2020-11-20-at-1.24.14-PM-768x512.jpeg",640,427,true],"large":["http:\/\/tvalaire.com\/wp-content\/uploads\/2020\/11\/WhatsApp-Image-2020-11-20-at-1.24.14-PM-1024x682.jpeg",640,426,true],"post-slider-thumb-size":["http:\/\/tvalaire.com\/wp-content\/uploads\/2020\/11\/WhatsApp-Image-2020-11-20-at-1.24.14-PM-330x190.jpeg",330,190,true],"post-category-slider-size":["http:\/\/tvalaire.com\/wp-content\/uploads\/2020\/11\/WhatsApp-Image-2020-11-20-at-1.24.14-PM.jpeg",330,220,false],"1536x1536":["http:\/\/tvalaire.com\/wp-content\/uploads\/2020\/11\/WhatsApp-Image-2020-11-20-at-1.24.14-PM.jpeg",1280,853,false],"2048x2048":["http:\/\/tvalaire.com\/wp-content\/uploads\/2020\/11\/WhatsApp-Image-2020-11-20-at-1.24.14-PM.jpeg",1280,853,false],"newsium-slider-full":["http:\/\/tvalaire.com\/wp-content\/uploads\/2020\/11\/WhatsApp-Image-2020-11-20-at-1.24.14-PM-1280x845.jpeg",1280,845,true],"newsium-featured":["http:\/\/tvalaire.com\/wp-content\/uploads\/2020\/11\/WhatsApp-Image-2020-11-20-at-1.24.14-PM-1024x682.jpeg",1024,682,true],"newsium-medium":["http:\/\/tvalaire.com\/wp-content\/uploads\/2020\/11\/WhatsApp-Image-2020-11-20-at-1.24.14-PM-720x475.jpeg",720,475,true]},"author_info":{"info":["tvalairenoti"]},"category_info":"<a href=\"http:\/\/tvalaire.com\/?cat=1\" rel=\"category\">La Piedad<\/a>","tag_info":"La Piedad","comment_count":"0","jetpack_featured_media_url":"http:\/\/tvalaire.com\/wp-content\/uploads\/2020\/11\/WhatsApp-Image-2020-11-20-at-1.24.14-PM.jpeg","_links":{"self":[{"href":"http:\/\/tvalaire.com\/index.php?rest_route=\/wp\/v2\/posts\/8571"}],"collection":[{"href":"http:\/\/tvalaire.com\/index.php?rest_route=\/wp\/v2\/posts"}],"about":[{"href":"http:\/\/tvalaire.com\/index.php?rest_route=\/wp\/v2\/types\/post"}],"author":[{"embeddable":true,"href":"http:\/\/tvalaire.com\/index.php?rest_route=\/wp\/v2\/users\/1"}],"replies":[{"embeddable":true,"href":"http:\/\/tvalaire.com\/index.php?rest_route=%2Fwp%2Fv2%2Fcomments&post=8571"}],"version-history":[{"count":1,"href":"http:\/\/tvalaire.com\/index.php?rest_route=\/wp\/v2\/posts\/8571\/revisions"}],"predecessor-version":[{"id":8575,"href":"http:\/\/tvalaire.com\/index.php?rest_route=\/wp\/v2\/posts\/8571\/revisions\/8575"}],"wp:featuredmedia":[{"embeddable":true,"href":"http:\/\/tvalaire.com\/index.php?rest_route=\/wp\/v2\/media\/8572"}],"wp:attachment":[{"href":"http:\/\/tvalaire.com\/index.php?rest_route=%2Fwp%2Fv2%2Fmedia&parent=8571"}],"wp:term":[{"taxonomy":"category","embeddable":true,"href":"http:\/\/tvalaire.com\/index.php?rest_route=%2Fwp%2Fv2%2Fcategories&post=8571"},{"taxonomy":"post_tag","embeddable":true,"href":"http:\/\/tvalaire.com\/index.php?rest_route=%2Fwp%2Fv2%2Ftags&post=8571"}],"curies":[{"name":"wp","href":"https:\/\/api.w.org\/{rel}","templated":true}]}}