{"id":8546,"date":"2020-11-22T14:53:15","date_gmt":"2020-11-22T20:53:15","guid":{"rendered":"http:\/\/tvalaire.com\/?p=8546"},"modified":"2020-11-22T14:54:24","modified_gmt":"2020-11-22T20:54:24","slug":"entrevista-con-raul-moron-orozco","status":"publish","type":"post","link":"http:\/\/tvalaire.com\/?p=8546","title":{"rendered":"ENTREVISTA CON RA\u00daL MOR\u00d3N OROZCO"},"content":{"rendered":"\n<figure class=\"wp-block-embed-youtube wp-block-embed is-type-video is-provider-youtube wp-embed-aspect-16-9 wp-has-aspect-ratio\"><div class=\"wp-block-embed__wrapper\">\n<iframe loading=\"lazy\" title=\"ENTREVISTA CON RA\u00daL MOR\u00d3N OROZCO\" width=\"640\" height=\"360\" src=\"https:\/\/www.youtube.com\/embed\/sTYE3TSpxD8?feature=oembed\" frameborder=\"0\" allow=\"accelerometer; autoplay; clipboard-write; encrypted-media; gyroscope; picture-in-picture; web-share\" referrerpolicy=\"strict-origin-when-cross-origin\" allowfullscreen><\/iframe>\n<\/div><figcaption>Breve entrevista con el profesor Ra\u00fal Mor\u00f3n Orozco precandidato de MORENA a la gubernatura de Michoac\u00e1n.\u00a0<a href=\"https:\/\/www.facebook.com\/hashtag\/michoacan?source=feed_text&amp;epa=HASHTAG&amp;__xts__%5B0%5D=68.ARCQ54Jci4-JqcdfNX2OincWYhk8BaWjVFDwCRsDyEVYky_JYZkcd5NRwU0GDfdjwx84Sr-tLXNw1dfVsplVCrbj_9kh4l-tRwkiWtF4u0TOoX2lKzG6-SHPc9FqOvDAJQRfpMC_ZiIvBJbWGuf6P-bT3H72fKsE_-7966s-wptxuMBoYmmf7jeDPb0K0cLIo6330d4UhvpkLKkB2kvz9gPzVU_xcALHOkSQfPoHsgLaIebXIvbwBPYmw0TjGTKsj0zuhlhVkFDiS1oZNktds8FhOoNsqp9nfdYFZ6iYCrtabZb1J-jQX6AKvPCDvqMl3Uvhk1qAT3LsGsWWwG9sC3AUEvIDrcKri5YwS3Df&amp;__tn__=%2ANK-R\">#Michoacan<\/a>\u00a0<a href=\"https:\/\/www.facebook.com\/hashtag\/lapiedad?source=feed_text&amp;epa=HASHTAG&amp;__xts__%5B0%5D=68.ARCQ54Jci4-JqcdfNX2OincWYhk8BaWjVFDwCRsDyEVYky_JYZkcd5NRwU0GDfdjwx84Sr-tLXNw1dfVsplVCrbj_9kh4l-tRwkiWtF4u0TOoX2lKzG6-SHPc9FqOvDAJQRfpMC_ZiIvBJbWGuf6P-bT3H72fKsE_-7966s-wptxuMBoYmmf7jeDPb0K0cLIo6330d4UhvpkLKkB2kvz9gPzVU_xcALHOkSQfPoHsgLaIebXIvbwBPYmw0TjGTKsj0zuhlhVkFDiS1oZNktds8FhOoNsqp9nfdYFZ6iYCrtabZb1J-jQX6AKvPCDvqMl3Uvhk1qAT3LsGsWWwG9sC3AUEvIDrcKri5YwS3Df&amp;__tn__=%2ANK-R\">#LaPiedad<\/a>\u00a0<a href=\"https:\/\/www.facebook.com\/hashtag\/morena2021?source=feed_text&amp;epa=HASHTAG&amp;__xts__%5B0%5D=68.ARCQ54Jci4-JqcdfNX2OincWYhk8BaWjVFDwCRsDyEVYky_JYZkcd5NRwU0GDfdjwx84Sr-tLXNw1dfVsplVCrbj_9kh4l-tRwkiWtF4u0TOoX2lKzG6-SHPc9FqOvDAJQRfpMC_ZiIvBJbWGuf6P-bT3H72fKsE_-7966s-wptxuMBoYmmf7jeDPb0K0cLIo6330d4UhvpkLKkB2kvz9gPzVU_xcALHOkSQfPoHsgLaIebXIvbwBPYmw0TjGTKsj0zuhlhVkFDiS1oZNktds8FhOoNsqp9nfdYFZ6iYCrtabZb1J-jQX6AKvPCDvqMl3Uvhk1qAT3LsGsWWwG9sC3AUEvIDrcKri5YwS3Df&amp;__tn__=%2ANK-R\">#MORENA2021<\/a>\u00a0<a href=\"https:\/\/www.facebook.com\/hashtag\/ra%C3%BAlmor%C3%B3n?source=feed_text&amp;epa=HASHTAG&amp;__xts__%5B0%5D=68.ARCQ54Jci4-JqcdfNX2OincWYhk8BaWjVFDwCRsDyEVYky_JYZkcd5NRwU0GDfdjwx84Sr-tLXNw1dfVsplVCrbj_9kh4l-tRwkiWtF4u0TOoX2lKzG6-SHPc9FqOvDAJQRfpMC_ZiIvBJbWGuf6P-bT3H72fKsE_-7966s-wptxuMBoYmmf7jeDPb0K0cLIo6330d4UhvpkLKkB2kvz9gPzVU_xcALHOkSQfPoHsgLaIebXIvbwBPYmw0TjGTKsj0zuhlhVkFDiS1oZNktds8FhOoNsqp9nfdYFZ6iYCrtabZb1J-jQX6AKvPCDvqMl3Uvhk1qAT3LsGsWWwG9sC3AUEvIDrcKri5YwS3Df&amp;__tn__=%2ANK-R\">#Ra\u00falMor\u00f3n<\/a><\/figcaption><\/figure>\n\n\n\n<p><\/p>\n","protected":false},"excerpt":{"rendered":"","protected":false},"author":1,"featured_media":0,"comment_status":"open","ping_status":"open","sticky":false,"template":"","format":"standard","meta":{"jetpack_post_was_ever_published":false,"_jetpack_newsletter_access":"","_jetpack_dont_email_post_to_subs":false,"_jetpack_newsletter_tier_id":0,"_jetpack_memberships_contains_paywalled_content":false,"_jetpack_memberships_contains_paid_content":false,"footnotes":"","jetpack_publicize_message":"","jetpack_publicize_feature_enabled":true,"jetpack_social_post_already_shared":true,"jetpack_social_options":{"image_generator_settings":{"template":"highway","enabled":false},"version":2}},"categories":[1,35],"tags":[15],"class_list":["post-8546","post","type-post","status-publish","format-standard","hentry","category-la-piedad","category-principales","tag-la-piedad"],"jetpack_publicize_connections":[],"jetpack_sharing_enabled":true,"featured_image_urls":{"full":"","thumbnail":"","medium":"","medium_large":"","large":"","post-slider-thumb-size":"","post-category-slider-size":"","1536x1536":"","2048x2048":"","newsium-slider-full":"","newsium-featured":"","newsium-medium":""},"author_info":{"info":["tvalairenoti"]},"category_info":"<a href=\"http:\/\/tvalaire.com\/?cat=1\" rel=\"category\">La Piedad<\/a> <a href=\"http:\/\/tvalaire.com\/?cat=35\" rel=\"category\">Principales<\/a>","tag_info":"Principales","comment_count":"0","jetpack_featured_media_url":"","_links":{"self":[{"href":"http:\/\/tvalaire.com\/index.php?rest_route=\/wp\/v2\/posts\/8546"}],"collection":[{"href":"http:\/\/tvalaire.com\/index.php?rest_route=\/wp\/v2\/posts"}],"about":[{"href":"http:\/\/tvalaire.com\/index.php?rest_route=\/wp\/v2\/types\/post"}],"author":[{"embeddable":true,"href":"http:\/\/tvalaire.com\/index.php?rest_route=\/wp\/v2\/users\/1"}],"replies":[{"embeddable":true,"href":"http:\/\/tvalaire.com\/index.php?rest_route=%2Fwp%2Fv2%2Fcomments&post=8546"}],"version-history":[{"count":2,"href":"http:\/\/tvalaire.com\/index.php?rest_route=\/wp\/v2\/posts\/8546\/revisions"}],"predecessor-version":[{"id":8548,"href":"http:\/\/tvalaire.com\/index.php?rest_route=\/wp\/v2\/posts\/8546\/revisions\/8548"}],"wp:attachment":[{"href":"http:\/\/tvalaire.com\/index.php?rest_route=%2Fwp%2Fv2%2Fmedia&parent=8546"}],"wp:term":[{"taxonomy":"category","embeddable":true,"href":"http:\/\/tvalaire.com\/index.php?rest_route=%2Fwp%2Fv2%2Fcategories&post=8546"},{"taxonomy":"post_tag","embeddable":true,"href":"http:\/\/tvalaire.com\/index.php?rest_route=%2Fwp%2Fv2%2Ftags&post=8546"}],"curies":[{"name":"wp","href":"https:\/\/api.w.org\/{rel}","templated":true}]}}