{"id":8536,"date":"2020-11-17T12:44:00","date_gmt":"2020-11-17T18:44:00","guid":{"rendered":"http:\/\/tvalaire.com\/?p=8536"},"modified":"2020-11-18T12:46:36","modified_gmt":"2020-11-18T18:46:36","slug":"abren-a-la-circulacion-tramo-de-la-calle-madero","status":"publish","type":"post","link":"http:\/\/tvalaire.com\/?p=8536","title":{"rendered":"ABREN A LA CIRCULACI\u00d3N TRAMO DE LA CALLE MADERO"},"content":{"rendered":"\n<p>#MunicipioLaPiedad #AyuntamientolaPiedad #LaPiedad #Obras<\/p>\n\n\n\n<p><\/p>\n\n\n\n<p>\u00b7&nbsp;&nbsp;&nbsp;&nbsp;&nbsp;&nbsp;Nuestro alcalde Alex Espinoza dio el banderazo de reapertura de \u00e9sta que es una de las principales avenidas del Centro Hist\u00f3rico<\/p>\n\n\n\n<p>\u00b7&nbsp;&nbsp;&nbsp;&nbsp;&nbsp;&nbsp;El tramo abierto es entre Ju\u00e1rez a Mariano Jim\u00e9nez<\/p>\n\n\n\n<p>Autoridades municipales abrieron a la circulaci\u00f3n el primer tramo rehabilitado de la calle Madero que comprende de Ju\u00e1rez a Mariano Jim\u00e9nez, d\u00f3nde se realiz\u00f3 la sustituci\u00f3n de tuber\u00edas y drenajes, as\u00ed como la pavimentaci\u00f3n con concreto hidr\u00e1ulico.<\/p>\n\n\n\n<p>Cabe destacar que los trabajos en esta avenida contin\u00faan en el tramo de Ju\u00e1rez a Matamoros, en el que desde esta ma\u00f1ana personal del Sistema de Agua Potable Alcantarillado y Saneamiento (SAPAS), dio inicio con los trabajos de sustituci\u00f3n de la tuber\u00eda existente de asbesto de 10 pulgadas de di\u00e1metro por tuber\u00eda de pvc hidr\u00e1ulico de 10 pulgadas.<\/p>\n\n\n\n<p>La pavimentaci\u00f3n de esta avenida, corresponde a las obras de Rehabilitaci\u00f3n de las redes de Agua Potable de la zona del distrito hidrom\u00e9trico Chapultepec, que se llevan a cabo con recursos de la Comisi\u00f3n Nacional del Agua (CONAGUA); la Comisi\u00f3n Estatal del Agua y Gesti\u00f3n de Cuencas (CEAC) y el Gobierno Municipal a trav\u00e9s del SAPAS e incluyeron tambi\u00e9n a otras calles como: 5 de mayo entre Leona Vicario a Narciso Mendoza; Ju\u00e1rez de Ocampo a Mariano Silva y Aceves, as\u00ed como Sim\u00f3n Bol\u00edvar desde 16 de Septiembre a Mariano Silva y Aceves, que ya fueron terminadas.<\/p>\n\n\n\n<p>La reapertura del primer tramo, se dio esta ma\u00f1ana y corri\u00f3 a cargo de nuestro alcalde Alex Espinoza; la s\u00edndico Esther Naranjo; el director de SAPAS, Jorge Rubio Olivares, entre otros integrantes del Ayuntamiento, quienes realizaron previamente un recorrido a pie por la primera cuadra terminada.<\/p>\n\n\n\n<figure class=\"wp-block-image size-large\"><img loading=\"lazy\" decoding=\"async\" width=\"1024\" height=\"682\" src=\"http:\/\/tvalaire.com\/wp-content\/uploads\/2020\/11\/cc-1024x682.jpg\" alt=\"\" class=\"wp-image-8538\" srcset=\"http:\/\/tvalaire.com\/wp-content\/uploads\/2020\/11\/cc-1024x682.jpg 1024w, http:\/\/tvalaire.com\/wp-content\/uploads\/2020\/11\/cc-300x200.jpg 300w, http:\/\/tvalaire.com\/wp-content\/uploads\/2020\/11\/cc-768x512.jpg 768w, http:\/\/tvalaire.com\/wp-content\/uploads\/2020\/11\/cc.jpg 1280w\" sizes=\"(max-width: 1024px) 100vw, 1024px\" \/><\/figure>\n\n\n\n<figure class=\"wp-block-image size-large\"><img loading=\"lazy\" decoding=\"async\" width=\"1024\" height=\"682\" src=\"http:\/\/tvalaire.com\/wp-content\/uploads\/2020\/11\/ccc-1-1024x682.jpg\" alt=\"\" class=\"wp-image-8540\" srcset=\"http:\/\/tvalaire.com\/wp-content\/uploads\/2020\/11\/ccc-1-1024x682.jpg 1024w, http:\/\/tvalaire.com\/wp-content\/uploads\/2020\/11\/ccc-1-300x200.jpg 300w, http:\/\/tvalaire.com\/wp-content\/uploads\/2020\/11\/ccc-1-768x512.jpg 768w, http:\/\/tvalaire.com\/wp-content\/uploads\/2020\/11\/ccc-1.jpg 1280w\" sizes=\"(max-width: 1024px) 100vw, 1024px\" \/><\/figure>\n\n\n\n<figure class=\"wp-block-image size-large\"><img loading=\"lazy\" decoding=\"async\" width=\"1024\" height=\"682\" src=\"http:\/\/tvalaire.com\/wp-content\/uploads\/2020\/11\/cc-1-1024x682.jpg\" alt=\"\" class=\"wp-image-8541\" srcset=\"http:\/\/tvalaire.com\/wp-content\/uploads\/2020\/11\/cc-1-1024x682.jpg 1024w, http:\/\/tvalaire.com\/wp-content\/uploads\/2020\/11\/cc-1-300x200.jpg 300w, http:\/\/tvalaire.com\/wp-content\/uploads\/2020\/11\/cc-1-768x512.jpg 768w, http:\/\/tvalaire.com\/wp-content\/uploads\/2020\/11\/cc-1.jpg 1280w\" sizes=\"(max-width: 1024px) 100vw, 1024px\" \/><\/figure>\n\n\n\n<figure class=\"wp-block-image size-large\"><img loading=\"lazy\" decoding=\"async\" width=\"1024\" height=\"682\" src=\"http:\/\/tvalaire.com\/wp-content\/uploads\/2020\/11\/cccc-1024x682.jpg\" alt=\"\" class=\"wp-image-8542\" srcset=\"http:\/\/tvalaire.com\/wp-content\/uploads\/2020\/11\/cccc-1024x682.jpg 1024w, http:\/\/tvalaire.com\/wp-content\/uploads\/2020\/11\/cccc-300x200.jpg 300w, http:\/\/tvalaire.com\/wp-content\/uploads\/2020\/11\/cccc-768x512.jpg 768w, http:\/\/tvalaire.com\/wp-content\/uploads\/2020\/11\/cccc.jpg 1280w\" sizes=\"(max-width: 1024px) 100vw, 1024px\" \/><\/figure>\n\n\n\n<figure class=\"wp-block-image size-large\"><img loading=\"lazy\" decoding=\"async\" width=\"1024\" height=\"682\" src=\"http:\/\/tvalaire.com\/wp-content\/uploads\/2020\/11\/ccccc-1024x682.jpg\" alt=\"\" class=\"wp-image-8543\" srcset=\"http:\/\/tvalaire.com\/wp-content\/uploads\/2020\/11\/ccccc-1024x682.jpg 1024w, http:\/\/tvalaire.com\/wp-content\/uploads\/2020\/11\/ccccc-300x200.jpg 300w, http:\/\/tvalaire.com\/wp-content\/uploads\/2020\/11\/ccccc-768x512.jpg 768w, http:\/\/tvalaire.com\/wp-content\/uploads\/2020\/11\/ccccc.jpg 1280w\" sizes=\"(max-width: 1024px) 100vw, 1024px\" \/><\/figure>\n","protected":false},"excerpt":{"rendered":"<p>#MunicipioLaPiedad #AyuntamientolaPiedad #LaPiedad #Obras \u00b7&nbsp;&nbsp;&nbsp;&nbsp;&nbsp;&nbsp;Nuestro alcalde Alex Espinoza dio el banderazo de reapertura de \u00e9sta&#8230;<\/p>\n","protected":false},"author":1,"featured_media":8537,"comment_status":"open","ping_status":"open","sticky":false,"template":"","format":"standard","meta":{"jetpack_post_was_ever_published":false,"_jetpack_newsletter_access":"","_jetpack_dont_email_post_to_subs":false,"_jetpack_newsletter_tier_id":0,"_jetpack_memberships_contains_paywalled_content":false,"_jetpack_memberships_contains_paid_content":false,"footnotes":"","jetpack_publicize_message":"","jetpack_publicize_feature_enabled":true,"jetpack_social_post_already_shared":true,"jetpack_social_options":{"image_generator_settings":{"template":"highway","enabled":false},"version":2}},"categories":[1],"tags":[15],"class_list":["post-8536","post","type-post","status-publish","format-standard","has-post-thumbnail","hentry","category-la-piedad","tag-la-piedad"],"jetpack_publicize_connections":[],"jetpack_sharing_enabled":true,"featured_image_urls":{"full":["http:\/\/tvalaire.com\/wp-content\/uploads\/2020\/11\/c.jpg",1280,853,false],"thumbnail":["http:\/\/tvalaire.com\/wp-content\/uploads\/2020\/11\/c-150x150.jpg",150,150,true],"medium":["http:\/\/tvalaire.com\/wp-content\/uploads\/2020\/11\/c-300x200.jpg",300,200,true],"medium_large":["http:\/\/tvalaire.com\/wp-content\/uploads\/2020\/11\/c-768x512.jpg",640,427,true],"large":["http:\/\/tvalaire.com\/wp-content\/uploads\/2020\/11\/c-1024x682.jpg",640,426,true],"post-slider-thumb-size":["http:\/\/tvalaire.com\/wp-content\/uploads\/2020\/11\/c-330x190.jpg",330,190,true],"post-category-slider-size":["http:\/\/tvalaire.com\/wp-content\/uploads\/2020\/11\/c.jpg",330,220,false],"1536x1536":["http:\/\/tvalaire.com\/wp-content\/uploads\/2020\/11\/c.jpg",1280,853,false],"2048x2048":["http:\/\/tvalaire.com\/wp-content\/uploads\/2020\/11\/c.jpg",1280,853,false],"newsium-slider-full":["http:\/\/tvalaire.com\/wp-content\/uploads\/2020\/11\/c-1280x845.jpg",1280,845,true],"newsium-featured":["http:\/\/tvalaire.com\/wp-content\/uploads\/2020\/11\/c-1024x682.jpg",1024,682,true],"newsium-medium":["http:\/\/tvalaire.com\/wp-content\/uploads\/2020\/11\/c-720x475.jpg",720,475,true]},"author_info":{"info":["tvalairenoti"]},"category_info":"<a href=\"http:\/\/tvalaire.com\/?cat=1\" rel=\"category\">La Piedad<\/a>","tag_info":"La Piedad","comment_count":"0","jetpack_featured_media_url":"http:\/\/tvalaire.com\/wp-content\/uploads\/2020\/11\/c.jpg","_links":{"self":[{"href":"http:\/\/tvalaire.com\/index.php?rest_route=\/wp\/v2\/posts\/8536"}],"collection":[{"href":"http:\/\/tvalaire.com\/index.php?rest_route=\/wp\/v2\/posts"}],"about":[{"href":"http:\/\/tvalaire.com\/index.php?rest_route=\/wp\/v2\/types\/post"}],"author":[{"embeddable":true,"href":"http:\/\/tvalaire.com\/index.php?rest_route=\/wp\/v2\/users\/1"}],"replies":[{"embeddable":true,"href":"http:\/\/tvalaire.com\/index.php?rest_route=%2Fwp%2Fv2%2Fcomments&post=8536"}],"version-history":[{"count":1,"href":"http:\/\/tvalaire.com\/index.php?rest_route=\/wp\/v2\/posts\/8536\/revisions"}],"predecessor-version":[{"id":8544,"href":"http:\/\/tvalaire.com\/index.php?rest_route=\/wp\/v2\/posts\/8536\/revisions\/8544"}],"wp:featuredmedia":[{"embeddable":true,"href":"http:\/\/tvalaire.com\/index.php?rest_route=\/wp\/v2\/media\/8537"}],"wp:attachment":[{"href":"http:\/\/tvalaire.com\/index.php?rest_route=%2Fwp%2Fv2%2Fmedia&parent=8536"}],"wp:term":[{"taxonomy":"category","embeddable":true,"href":"http:\/\/tvalaire.com\/index.php?rest_route=%2Fwp%2Fv2%2Fcategories&post=8536"},{"taxonomy":"post_tag","embeddable":true,"href":"http:\/\/tvalaire.com\/index.php?rest_route=%2Fwp%2Fv2%2Ftags&post=8536"}],"curies":[{"name":"wp","href":"https:\/\/api.w.org\/{rel}","templated":true}]}}