{"id":8498,"date":"2020-11-13T12:09:00","date_gmt":"2020-11-13T18:09:00","guid":{"rendered":"http:\/\/tvalaire.com\/?p=8498"},"modified":"2020-11-18T12:11:58","modified_gmt":"2020-11-18T18:11:58","slug":"inaugura-alcalde-tecnificacion-de-riego-en-la-presa-de-paredones","status":"publish","type":"post","link":"http:\/\/tvalaire.com\/?p=8498","title":{"rendered":"INAUGURA ALCALDE TECNIFICACI\u00d3N DE RIEGO EN LA PRESA DE PAREDONES"},"content":{"rendered":"\n<p><a href=\"https:\/\/www.facebook.com\/hashtag\/municipiolapiedad?source=feed_text&amp;epa=HASHTAG&amp;__xts__%5B0%5D=68.ARBOzZDncnilwhBgJv2mVOn1wsefxhFYASfODx7pSxlO8ZCYBQ6iEPeviq4L47s-qLzHwY1G9WTc1dN-DbnkVp0qIr-xqwwIhHfS7_1saWmuNfj8T1fXh4tW37L_lU9nFYpiZiKtnEBbTQgZuR6WBCInIRuuiIXusluxJVegG_XLIiQNA-Su6JfSraapWUFoiCdi-uymferoc8SddDbNHvIuy1n5VQQPSpgErad9eCh4bidC79rDzaTIenwwnnzkRtopCuoUbADb1rNNE3v1UnU2p8nLvCff70w-I1_NpA2i05JnPOjGtz25zGxHPIKIjDdwvLrWcvpMJjRcYuq9kFfAQ8md&amp;__tn__=%2ANK-R\">#MunicipioLaPiedad<\/a><a href=\"https:\/\/www.facebook.com\/hashtag\/ayuntamientolapiedad?source=feed_text&amp;epa=HASHTAG&amp;__xts__%5B0%5D=68.ARBOzZDncnilwhBgJv2mVOn1wsefxhFYASfODx7pSxlO8ZCYBQ6iEPeviq4L47s-qLzHwY1G9WTc1dN-DbnkVp0qIr-xqwwIhHfS7_1saWmuNfj8T1fXh4tW37L_lU9nFYpiZiKtnEBbTQgZuR6WBCInIRuuiIXusluxJVegG_XLIiQNA-Su6JfSraapWUFoiCdi-uymferoc8SddDbNHvIuy1n5VQQPSpgErad9eCh4bidC79rDzaTIenwwnnzkRtopCuoUbADb1rNNE3v1UnU2p8nLvCff70w-I1_NpA2i05JnPOjGtz25zGxHPIKIjDdwvLrWcvpMJjRcYuq9kFfAQ8md&amp;__tn__=%2ANK-R\">#AyuntamientoLaPiedad<\/a><a href=\"https:\/\/www.facebook.com\/hashtag\/lapiedad?source=feed_text&amp;epa=HASHTAG&amp;__xts__%5B0%5D=68.ARBOzZDncnilwhBgJv2mVOn1wsefxhFYASfODx7pSxlO8ZCYBQ6iEPeviq4L47s-qLzHwY1G9WTc1dN-DbnkVp0qIr-xqwwIhHfS7_1saWmuNfj8T1fXh4tW37L_lU9nFYpiZiKtnEBbTQgZuR6WBCInIRuuiIXusluxJVegG_XLIiQNA-Su6JfSraapWUFoiCdi-uymferoc8SddDbNHvIuy1n5VQQPSpgErad9eCh4bidC79rDzaTIenwwnnzkRtopCuoUbADb1rNNE3v1UnU2p8nLvCff70w-I1_NpA2i05JnPOjGtz25zGxHPIKIjDdwvLrWcvpMJjRcYuq9kFfAQ8md&amp;__tn__=%2ANK-R\">#LaPiedad<\/a><\/p>\n\n\n\n<ul class=\"wp-block-list\"><li><strong>M\u00e1s de 45 familias de productores agr\u00edcolas ser\u00e1n beneficiados<\/strong><\/li><li><strong>Unas 60 hect\u00e1reas podr\u00e1n sumarse al sistema de riego<\/strong><\/li><\/ul>\n\n\n\n<p>Nuestro alcalde Alex Espinoza, inaugur\u00f3 el sistema de tecnificaci\u00f3n de riego mediante el entubamiento del agua de la presa de Paredones para beneficio del sector agrario.<\/p>\n\n\n\n<p>La inauguraci\u00f3n de los trabajos se llev\u00f3 a cabo este jueves por la tarde, en el cuerpo de agua que hab\u00eda funcionado \u00fanicamente como abrevadero y que a ra\u00edz de este proyecto, permitir\u00e1 a m\u00e1s de 45 productores agr\u00edcolas de esa localidad, convertir unas 60 hect\u00e1reas de temporal a riego.<\/p>\n\n\n\n<p>Cabe destacar que, con la instalaci\u00f3n de este sistema de tecnificaci\u00f3n y conducci\u00f3n del l\u00edquido, los productores podr\u00e1n aprovechar el 80% del agua que se almacena en cada temporada de lluvias, para dar un mejor aprovechamiento agr\u00edcola.<\/p>\n\n\n\n<p>Los trabajos de entubamiento consistieron en la excavaci\u00f3n de un canal, donde se colocaron 3 mil 500 metros de tuber\u00eda de 8 pulgadas.<\/p>\n\n\n\n<p>La inversi\u00f3n aplicada en esta obra fue de 425 mil pesos, de los cuales el 70% fue aportaci\u00f3n de los productores agr\u00edcolas y el resto del Gobierno Estatal y Municipal a trav\u00e9s de Fomento Agropecuario.<\/p>\n\n\n\n<p>Con esta obra, comunidades como Paredones dan un salto tecnol\u00f3gico con el aprovechamiento de agua que hasta ahora hab\u00eda sido utilizada como abrevadero, para comenzar a puntear las siembras de los siguientes ciclos agr\u00edcolas, lo cual redundara en mejores condiciones de vida para los habitantes, una mejor plusval\u00eda de sus terrenos e incremento en los rendimientos de sus cosechas.<\/p>\n\n\n\n<p>En la ceremonia oficial, adem\u00e1s de nuestro Alcalde estuvieron presentes productores agr\u00edcolas de la comunidad, as\u00ed como el director de Fomento Agropecuario, Fernando Rosales Vallecillo.<\/p>\n\n\n\n<figure class=\"wp-block-image size-large\"><img loading=\"lazy\" decoding=\"async\" width=\"1024\" height=\"555\" src=\"http:\/\/tvalaire.com\/wp-content\/uploads\/2020\/11\/1-1-1-3-1024x555.jpeg\" alt=\"\" class=\"wp-image-8500\" srcset=\"http:\/\/tvalaire.com\/wp-content\/uploads\/2020\/11\/1-1-1-3-1024x555.jpeg 1024w, http:\/\/tvalaire.com\/wp-content\/uploads\/2020\/11\/1-1-1-3-300x163.jpeg 300w, http:\/\/tvalaire.com\/wp-content\/uploads\/2020\/11\/1-1-1-3-768x416.jpeg 768w, http:\/\/tvalaire.com\/wp-content\/uploads\/2020\/11\/1-1-1-3.jpeg 1247w\" sizes=\"(max-width: 1024px) 100vw, 1024px\" \/><\/figure>\n","protected":false},"excerpt":{"rendered":"<p>#MunicipioLaPiedad#AyuntamientoLaPiedad#LaPiedad M\u00e1s de 45 familias de productores agr\u00edcolas ser\u00e1n beneficiados Unas 60 hect\u00e1reas podr\u00e1n sumarse&#8230;<\/p>\n","protected":false},"author":1,"featured_media":8499,"comment_status":"open","ping_status":"open","sticky":false,"template":"","format":"standard","meta":{"jetpack_post_was_ever_published":false,"_jetpack_newsletter_access":"","_jetpack_dont_email_post_to_subs":false,"_jetpack_newsletter_tier_id":0,"_jetpack_memberships_contains_paywalled_content":false,"_jetpack_memberships_contains_paid_content":false,"footnotes":"","jetpack_publicize_message":"","jetpack_publicize_feature_enabled":true,"jetpack_social_post_already_shared":true,"jetpack_social_options":{"image_generator_settings":{"template":"highway","enabled":false},"version":2}},"categories":[1],"tags":[],"class_list":["post-8498","post","type-post","status-publish","format-standard","has-post-thumbnail","hentry","category-la-piedad"],"jetpack_publicize_connections":[],"jetpack_sharing_enabled":true,"featured_image_urls":{"full":["http:\/\/tvalaire.com\/wp-content\/uploads\/2020\/11\/1-2-4.jpeg",1280,720,false],"thumbnail":["http:\/\/tvalaire.com\/wp-content\/uploads\/2020\/11\/1-2-4-150x150.jpeg",150,150,true],"medium":["http:\/\/tvalaire.com\/wp-content\/uploads\/2020\/11\/1-2-4-300x169.jpeg",300,169,true],"medium_large":["http:\/\/tvalaire.com\/wp-content\/uploads\/2020\/11\/1-2-4-768x432.jpeg",640,360,true],"large":["http:\/\/tvalaire.com\/wp-content\/uploads\/2020\/11\/1-2-4-1024x576.jpeg",640,360,true],"post-slider-thumb-size":["http:\/\/tvalaire.com\/wp-content\/uploads\/2020\/11\/1-2-4-330x190.jpeg",330,190,true],"post-category-slider-size":["http:\/\/tvalaire.com\/wp-content\/uploads\/2020\/11\/1-2-4.jpeg",330,186,false],"1536x1536":["http:\/\/tvalaire.com\/wp-content\/uploads\/2020\/11\/1-2-4.jpeg",1280,720,false],"2048x2048":["http:\/\/tvalaire.com\/wp-content\/uploads\/2020\/11\/1-2-4.jpeg",1280,720,false],"newsium-slider-full":["http:\/\/tvalaire.com\/wp-content\/uploads\/2020\/11\/1-2-4.jpeg",1280,720,false],"newsium-featured":["http:\/\/tvalaire.com\/wp-content\/uploads\/2020\/11\/1-2-4-1024x576.jpeg",1024,576,true],"newsium-medium":["http:\/\/tvalaire.com\/wp-content\/uploads\/2020\/11\/1-2-4-720x475.jpeg",720,475,true]},"author_info":{"info":["tvalairenoti"]},"category_info":"<a href=\"http:\/\/tvalaire.com\/?cat=1\" rel=\"category\">La Piedad<\/a>","tag_info":"La Piedad","comment_count":"0","jetpack_featured_media_url":"http:\/\/tvalaire.com\/wp-content\/uploads\/2020\/11\/1-2-4.jpeg","_links":{"self":[{"href":"http:\/\/tvalaire.com\/index.php?rest_route=\/wp\/v2\/posts\/8498"}],"collection":[{"href":"http:\/\/tvalaire.com\/index.php?rest_route=\/wp\/v2\/posts"}],"about":[{"href":"http:\/\/tvalaire.com\/index.php?rest_route=\/wp\/v2\/types\/post"}],"author":[{"embeddable":true,"href":"http:\/\/tvalaire.com\/index.php?rest_route=\/wp\/v2\/users\/1"}],"replies":[{"embeddable":true,"href":"http:\/\/tvalaire.com\/index.php?rest_route=%2Fwp%2Fv2%2Fcomments&post=8498"}],"version-history":[{"count":1,"href":"http:\/\/tvalaire.com\/index.php?rest_route=\/wp\/v2\/posts\/8498\/revisions"}],"predecessor-version":[{"id":8501,"href":"http:\/\/tvalaire.com\/index.php?rest_route=\/wp\/v2\/posts\/8498\/revisions\/8501"}],"wp:featuredmedia":[{"embeddable":true,"href":"http:\/\/tvalaire.com\/index.php?rest_route=\/wp\/v2\/media\/8499"}],"wp:attachment":[{"href":"http:\/\/tvalaire.com\/index.php?rest_route=%2Fwp%2Fv2%2Fmedia&parent=8498"}],"wp:term":[{"taxonomy":"category","embeddable":true,"href":"http:\/\/tvalaire.com\/index.php?rest_route=%2Fwp%2Fv2%2Fcategories&post=8498"},{"taxonomy":"post_tag","embeddable":true,"href":"http:\/\/tvalaire.com\/index.php?rest_route=%2Fwp%2Fv2%2Ftags&post=8498"}],"curies":[{"name":"wp","href":"https:\/\/api.w.org\/{rel}","templated":true}]}}