{"id":8434,"date":"2020-11-10T14:37:00","date_gmt":"2020-11-10T20:37:00","guid":{"rendered":"http:\/\/tvalaire.com\/?p=8434"},"modified":"2020-11-11T14:37:38","modified_gmt":"2020-11-11T20:37:38","slug":"inician-obra-de-pavimentacion-en-la-calle-calzada-de-los-indios","status":"publish","type":"post","link":"http:\/\/tvalaire.com\/?p=8434","title":{"rendered":"INICIAN OBRA DE PAVIMENTACI\u00d3N EN LA CALLE CALZADA DE LOS INDIOS"},"content":{"rendered":"\n<p>#LaPiedad #AyuntamientoLaPiedad #Municipios #Obras<\/p>\n\n\n\n<ul class=\"wp-block-list\"><li><strong>Cerca\nde 7 MDP destinar\u00e1n para la rehabilitaci\u00f3n<\/strong><\/li><li><strong>Mejorar\u00e1n\nluminarias de la colonia Santa Fe <\/strong><\/li><\/ul>\n\n\n\n<p>Nuestro presidente Alex\nEspinoza, estuvo acompa\u00f1ado del titular en el Estado de la Secretar\u00eda de Comunicaciones\ny Obras P\u00fablicas (SCOP) Jos\u00e9 Hugo Raya Pizano, para dar el banderazo inicial de\nlas labores de rehabilitaci\u00f3n de la calle Calzada de los Indios en la colonia\nSanta Fe.&nbsp; <\/p>\n\n\n\n<p>De manera bipartita entre\nGobierno del Estado y Municipal se destinar\u00e1n cerca de los siete millones de\npesos, para mejorar m\u00e1s de 270 metros lineales con pavimento hidr\u00e1ulico con un\nespesor de 18 cent\u00edmetros, rehabilitaci\u00f3n de las tomas de agua, drenaje,\nbanquetas, guarniciones, luminarias de tipo Led y otras acciones. <\/p>\n\n\n\n<p>Aunado a esta obra, ah\u00ed\nmismo el Presidente anunci\u00f3 que en pr\u00f3ximos d\u00edas se comenzar\u00e1 con la primera\netapa para cambiar la iluminaci\u00f3n en varios puntos de esta zona habitacional y\nas\u00ed ofrecer vialidades m\u00e1s dignas y seguras con la tecnolog\u00eda Led que ser\u00e1\ninstalada. <\/p>\n\n\n\n<p>Destac\u00f3 que esta obra se\nsuma a otros proyectos de mejoramiento urbano en varios puntos de la ciudad en\nlos que para finalizar el a\u00f1o se estar\u00e1n destinando m\u00e1s de 23 millones de\npesos, para cambiar luminarias, pavimentaciones, adoqu\u00edn y otras acciones. <\/p>\n\n\n\n<p>De igual manera el Alcalde agradeci\u00f3 al Gobierno Estatal, por la colaboraci\u00f3n activa\nque se ha tenido a fin de realizar varios proyectos en conjunto que sirven para\ndignificar y favorecer a los piedadenses de la zona rural y urbana del\nmunicipio. <\/p>\n\n\n\n<figure class=\"wp-block-image size-large\"><img loading=\"lazy\" decoding=\"async\" width=\"1024\" height=\"682\" src=\"http:\/\/tvalaire.com\/wp-content\/uploads\/2020\/11\/1-6-2-1024x682.jpeg\" alt=\"\" class=\"wp-image-8436\" srcset=\"http:\/\/tvalaire.com\/wp-content\/uploads\/2020\/11\/1-6-2-1024x682.jpeg 1024w, http:\/\/tvalaire.com\/wp-content\/uploads\/2020\/11\/1-6-2-300x200.jpeg 300w, http:\/\/tvalaire.com\/wp-content\/uploads\/2020\/11\/1-6-2-768x512.jpeg 768w, http:\/\/tvalaire.com\/wp-content\/uploads\/2020\/11\/1-6-2.jpeg 1280w\" sizes=\"(max-width: 1024px) 100vw, 1024px\" \/><\/figure>\n\n\n\n<figure class=\"wp-block-image size-large\"><img loading=\"lazy\" decoding=\"async\" width=\"1024\" height=\"682\" src=\"http:\/\/tvalaire.com\/wp-content\/uploads\/2020\/11\/1-3-1-2-1024x682.jpeg\" alt=\"\" class=\"wp-image-8437\" srcset=\"http:\/\/tvalaire.com\/wp-content\/uploads\/2020\/11\/1-3-1-2-1024x682.jpeg 1024w, http:\/\/tvalaire.com\/wp-content\/uploads\/2020\/11\/1-3-1-2-300x200.jpeg 300w, http:\/\/tvalaire.com\/wp-content\/uploads\/2020\/11\/1-3-1-2-768x512.jpeg 768w, http:\/\/tvalaire.com\/wp-content\/uploads\/2020\/11\/1-3-1-2.jpeg 1280w\" sizes=\"(max-width: 1024px) 100vw, 1024px\" \/><\/figure>\n\n\n\n<figure class=\"wp-block-image size-large\"><img loading=\"lazy\" decoding=\"async\" width=\"1024\" height=\"682\" src=\"http:\/\/tvalaire.com\/wp-content\/uploads\/2020\/11\/1-2-3-1024x682.jpeg\" alt=\"\" class=\"wp-image-8438\" srcset=\"http:\/\/tvalaire.com\/wp-content\/uploads\/2020\/11\/1-2-3-1024x682.jpeg 1024w, http:\/\/tvalaire.com\/wp-content\/uploads\/2020\/11\/1-2-3-300x200.jpeg 300w, http:\/\/tvalaire.com\/wp-content\/uploads\/2020\/11\/1-2-3-768x512.jpeg 768w, http:\/\/tvalaire.com\/wp-content\/uploads\/2020\/11\/1-2-3.jpeg 1280w\" sizes=\"(max-width: 1024px) 100vw, 1024px\" \/><\/figure>\n","protected":false},"excerpt":{"rendered":"<p>#LaPiedad #AyuntamientoLaPiedad #Municipios #Obras Cerca de 7 MDP destinar\u00e1n para la rehabilitaci\u00f3n Mejorar\u00e1n luminarias de&#8230;<\/p>\n","protected":false},"author":1,"featured_media":8435,"comment_status":"open","ping_status":"open","sticky":false,"template":"","format":"standard","meta":{"jetpack_post_was_ever_published":false,"_jetpack_newsletter_access":"","_jetpack_dont_email_post_to_subs":false,"_jetpack_newsletter_tier_id":0,"_jetpack_memberships_contains_paywalled_content":false,"_jetpack_memberships_contains_paid_content":false,"footnotes":"","jetpack_publicize_message":"","jetpack_publicize_feature_enabled":true,"jetpack_social_post_already_shared":true,"jetpack_social_options":{"image_generator_settings":{"template":"highway","enabled":false},"version":2}},"categories":[1],"tags":[15],"class_list":["post-8434","post","type-post","status-publish","format-standard","has-post-thumbnail","hentry","category-la-piedad","tag-la-piedad"],"jetpack_publicize_connections":[],"jetpack_sharing_enabled":true,"featured_image_urls":{"full":["http:\/\/tvalaire.com\/wp-content\/uploads\/2020\/11\/1-5-1.jpeg",1280,853,false],"thumbnail":["http:\/\/tvalaire.com\/wp-content\/uploads\/2020\/11\/1-5-1-150x150.jpeg",150,150,true],"medium":["http:\/\/tvalaire.com\/wp-content\/uploads\/2020\/11\/1-5-1-300x200.jpeg",300,200,true],"medium_large":["http:\/\/tvalaire.com\/wp-content\/uploads\/2020\/11\/1-5-1-768x512.jpeg",640,427,true],"large":["http:\/\/tvalaire.com\/wp-content\/uploads\/2020\/11\/1-5-1-1024x682.jpeg",640,426,true],"post-slider-thumb-size":["http:\/\/tvalaire.com\/wp-content\/uploads\/2020\/11\/1-5-1-330x190.jpeg",330,190,true],"post-category-slider-size":["http:\/\/tvalaire.com\/wp-content\/uploads\/2020\/11\/1-5-1.jpeg",330,220,false],"1536x1536":["http:\/\/tvalaire.com\/wp-content\/uploads\/2020\/11\/1-5-1.jpeg",1280,853,false],"2048x2048":["http:\/\/tvalaire.com\/wp-content\/uploads\/2020\/11\/1-5-1.jpeg",1280,853,false],"newsium-slider-full":["http:\/\/tvalaire.com\/wp-content\/uploads\/2020\/11\/1-5-1-1280x845.jpeg",1280,845,true],"newsium-featured":["http:\/\/tvalaire.com\/wp-content\/uploads\/2020\/11\/1-5-1-1024x682.jpeg",1024,682,true],"newsium-medium":["http:\/\/tvalaire.com\/wp-content\/uploads\/2020\/11\/1-5-1-720x475.jpeg",720,475,true]},"author_info":{"info":["tvalairenoti"]},"category_info":"<a href=\"http:\/\/tvalaire.com\/?cat=1\" rel=\"category\">La Piedad<\/a>","tag_info":"La Piedad","comment_count":"0","jetpack_featured_media_url":"http:\/\/tvalaire.com\/wp-content\/uploads\/2020\/11\/1-5-1.jpeg","_links":{"self":[{"href":"http:\/\/tvalaire.com\/index.php?rest_route=\/wp\/v2\/posts\/8434"}],"collection":[{"href":"http:\/\/tvalaire.com\/index.php?rest_route=\/wp\/v2\/posts"}],"about":[{"href":"http:\/\/tvalaire.com\/index.php?rest_route=\/wp\/v2\/types\/post"}],"author":[{"embeddable":true,"href":"http:\/\/tvalaire.com\/index.php?rest_route=\/wp\/v2\/users\/1"}],"replies":[{"embeddable":true,"href":"http:\/\/tvalaire.com\/index.php?rest_route=%2Fwp%2Fv2%2Fcomments&post=8434"}],"version-history":[{"count":1,"href":"http:\/\/tvalaire.com\/index.php?rest_route=\/wp\/v2\/posts\/8434\/revisions"}],"predecessor-version":[{"id":8439,"href":"http:\/\/tvalaire.com\/index.php?rest_route=\/wp\/v2\/posts\/8434\/revisions\/8439"}],"wp:featuredmedia":[{"embeddable":true,"href":"http:\/\/tvalaire.com\/index.php?rest_route=\/wp\/v2\/media\/8435"}],"wp:attachment":[{"href":"http:\/\/tvalaire.com\/index.php?rest_route=%2Fwp%2Fv2%2Fmedia&parent=8434"}],"wp:term":[{"taxonomy":"category","embeddable":true,"href":"http:\/\/tvalaire.com\/index.php?rest_route=%2Fwp%2Fv2%2Fcategories&post=8434"},{"taxonomy":"post_tag","embeddable":true,"href":"http:\/\/tvalaire.com\/index.php?rest_route=%2Fwp%2Fv2%2Ftags&post=8434"}],"curies":[{"name":"wp","href":"https:\/\/api.w.org\/{rel}","templated":true}]}}