{"id":8420,"date":"2020-11-06T14:30:00","date_gmt":"2020-11-06T20:30:00","guid":{"rendered":"http:\/\/tvalaire.com\/?p=8420"},"modified":"2020-11-11T14:31:22","modified_gmt":"2020-11-11T20:31:22","slug":"lanzan-convocatoria-al-merito-deportivo","status":"publish","type":"post","link":"http:\/\/tvalaire.com\/?p=8420","title":{"rendered":"LANZAN CONVOCATORIA AL M\u00c9RITO DEPORTIVO"},"content":{"rendered":"\n<p><\/p>\n\n\n\n<ul class=\"wp-block-list\"><li><strong>Podr\u00e1n\nparticipar \u00fanicamente deportistas nacidos en La Piedad<\/strong><\/li><li><strong>Se\ntomar\u00e1 en cuenta logros, aportaciones y a\u00f1os de practica <\/strong><\/li><\/ul>\n\n\n\n<p>El Gobierno Municipal a\ntrav\u00e9s de la direcci\u00f3n de Deportes y Recreaci\u00f3n, lanz\u00f3 la convocatoria a todos\nlos grupos deportivos, gimnasios, entrenadores, licenciados en educaci\u00f3n\nf\u00edsica, medios de comunicaci\u00f3n y deportistas en general, para que propongan\ncandidatos a obtener el M\u00e9rito Deportivo de este a\u00f1o.<\/p>\n\n\n\n<p>Los galardonados deber\u00e1n ser\ndeportistas, profesores, entrenadores destacados y personajes que hayan\nentregado su conocimiento y dedicaci\u00f3n en beneficio del deporte piedadense.<\/p>\n\n\n\n<p>Dentro de las bases que\nestablece la convocatoria, especifica que \u00fanicamente podr\u00e1n participar\ndeportistas de nuestra localidad y para la entrega del M\u00e9rito Deportivo, se\ntomar\u00e1 en cuenta todos los logros, aportaciones o ense\u00f1anzas en alguna\ndisciplina; los m\u00e9ritos documentados a trav\u00e9s de recortes de peri\u00f3dicos,\nreconocimientos, diplomas, medallas y todo lo que acredite la participaci\u00f3n al\ndeportista en competencias.<\/p>\n\n\n\n<p>Juan Manuel Ortiz,\nsubdirector de Deportes indic\u00f3 que las propuestas deben ser presentadas por\nalg\u00fan profesor, entrenador o ciudadano por medio de una rese\u00f1a con los datos\ngenerales del atleta.<\/p>\n\n\n\n<p>La fecha l\u00edmite para la\nentrega y recepci\u00f3n de las propuestas ser\u00e1 desde hoy al 13 de noviembre a las\n12:00 horas y se recibir\u00e1n en la oficina de la direcci\u00f3n de deportes ubicada en\nla calle Estadio S\/N en la Unidad Deportiva \u201cLic. Humberto Romero P\u00e9rez\u201d de las\n09:00 a las 17:00 horas.<\/p>\n\n\n\n<p>De acuerdo a la\nconvocatoria, la Comisi\u00f3n de Est\u00edmulos y Reconocimientos que encabeza nuestro\nalcalde Alex Espinoza; el secretario del Ayuntamiento, director de Deportes y\nSecretario T\u00e9cnico del COMUDE, los regidores de la comisi\u00f3n de Mujer, Juventud\ny Deporte, as\u00ed como un periodista acreditado sesionar\u00e1n para revisar las\npropuestas y elegir al ganador y dar a conocer a los galardonados.<\/p>\n\n\n\n<p>El premio que recibir\u00e1n\nequivale a mil 500 pesos y un pants completo con el distintivo correspondiente\ny ser\u00e1 entregado en una ceremonia especial el 20 de noviembre a las 10:30 horas\nen la Escuela de Artes.<\/p>\n","protected":false},"excerpt":{"rendered":"<p>Podr\u00e1n participar \u00fanicamente deportistas nacidos en La Piedad Se tomar\u00e1 en cuenta logros, aportaciones y&#8230;<\/p>\n","protected":false},"author":1,"featured_media":8421,"comment_status":"open","ping_status":"open","sticky":false,"template":"","format":"standard","meta":{"jetpack_post_was_ever_published":false,"_jetpack_newsletter_access":"","_jetpack_dont_email_post_to_subs":false,"_jetpack_newsletter_tier_id":0,"_jetpack_memberships_contains_paywalled_content":false,"_jetpack_memberships_contains_paid_content":false,"footnotes":"","jetpack_publicize_message":"","jetpack_publicize_feature_enabled":true,"jetpack_social_post_already_shared":true,"jetpack_social_options":{"image_generator_settings":{"template":"highway","enabled":false},"version":2}},"categories":[1],"tags":[15],"class_list":["post-8420","post","type-post","status-publish","format-standard","has-post-thumbnail","hentry","category-la-piedad","tag-la-piedad"],"jetpack_publicize_connections":[],"jetpack_sharing_enabled":true,"featured_image_urls":{"full":["http:\/\/tvalaire.com\/wp-content\/uploads\/2020\/11\/1.jpeg",1280,1280,false],"thumbnail":["http:\/\/tvalaire.com\/wp-content\/uploads\/2020\/11\/1-150x150.jpeg",150,150,true],"medium":["http:\/\/tvalaire.com\/wp-content\/uploads\/2020\/11\/1-300x300.jpeg",300,300,true],"medium_large":["http:\/\/tvalaire.com\/wp-content\/uploads\/2020\/11\/1-768x768.jpeg",640,640,true],"large":["http:\/\/tvalaire.com\/wp-content\/uploads\/2020\/11\/1-1024x1024.jpeg",640,640,true],"post-slider-thumb-size":["http:\/\/tvalaire.com\/wp-content\/uploads\/2020\/11\/1-330x190.jpeg",330,190,true],"post-category-slider-size":["http:\/\/tvalaire.com\/wp-content\/uploads\/2020\/11\/1.jpeg",330,330,false],"1536x1536":["http:\/\/tvalaire.com\/wp-content\/uploads\/2020\/11\/1.jpeg",1280,1280,false],"2048x2048":["http:\/\/tvalaire.com\/wp-content\/uploads\/2020\/11\/1.jpeg",1280,1280,false],"newsium-slider-full":["http:\/\/tvalaire.com\/wp-content\/uploads\/2020\/11\/1-1280x845.jpeg",1280,845,true],"newsium-featured":["http:\/\/tvalaire.com\/wp-content\/uploads\/2020\/11\/1-1024x1024.jpeg",1024,1024,true],"newsium-medium":["http:\/\/tvalaire.com\/wp-content\/uploads\/2020\/11\/1-720x475.jpeg",720,475,true]},"author_info":{"info":["tvalairenoti"]},"category_info":"<a href=\"http:\/\/tvalaire.com\/?cat=1\" rel=\"category\">La Piedad<\/a>","tag_info":"La Piedad","comment_count":"0","jetpack_featured_media_url":"http:\/\/tvalaire.com\/wp-content\/uploads\/2020\/11\/1.jpeg","_links":{"self":[{"href":"http:\/\/tvalaire.com\/index.php?rest_route=\/wp\/v2\/posts\/8420"}],"collection":[{"href":"http:\/\/tvalaire.com\/index.php?rest_route=\/wp\/v2\/posts"}],"about":[{"href":"http:\/\/tvalaire.com\/index.php?rest_route=\/wp\/v2\/types\/post"}],"author":[{"embeddable":true,"href":"http:\/\/tvalaire.com\/index.php?rest_route=\/wp\/v2\/users\/1"}],"replies":[{"embeddable":true,"href":"http:\/\/tvalaire.com\/index.php?rest_route=%2Fwp%2Fv2%2Fcomments&post=8420"}],"version-history":[{"count":1,"href":"http:\/\/tvalaire.com\/index.php?rest_route=\/wp\/v2\/posts\/8420\/revisions"}],"predecessor-version":[{"id":8422,"href":"http:\/\/tvalaire.com\/index.php?rest_route=\/wp\/v2\/posts\/8420\/revisions\/8422"}],"wp:featuredmedia":[{"embeddable":true,"href":"http:\/\/tvalaire.com\/index.php?rest_route=\/wp\/v2\/media\/8421"}],"wp:attachment":[{"href":"http:\/\/tvalaire.com\/index.php?rest_route=%2Fwp%2Fv2%2Fmedia&parent=8420"}],"wp:term":[{"taxonomy":"category","embeddable":true,"href":"http:\/\/tvalaire.com\/index.php?rest_route=%2Fwp%2Fv2%2Fcategories&post=8420"},{"taxonomy":"post_tag","embeddable":true,"href":"http:\/\/tvalaire.com\/index.php?rest_route=%2Fwp%2Fv2%2Ftags&post=8420"}],"curies":[{"name":"wp","href":"https:\/\/api.w.org\/{rel}","templated":true}]}}