{"id":8417,"date":"2020-11-05T14:29:00","date_gmt":"2020-11-05T20:29:00","guid":{"rendered":"http:\/\/tvalaire.com\/?p=8417"},"modified":"2020-11-11T14:30:15","modified_gmt":"2020-11-11T20:30:15","slug":"negocios-y-establecimientos-de-la-piedad-listos-para-el-buen-fin","status":"publish","type":"post","link":"http:\/\/tvalaire.com\/?p=8417","title":{"rendered":"NEGOCIOS Y ESTABLECIMIENTOS DE LA PIEDAD LISTOS PARA EL BUEN FIN"},"content":{"rendered":"\n<p><\/p>\n\n\n\n<ul class=\"wp-block-list\"><li><strong>La\nfecha este a\u00f1o est\u00e1 prevista del 9 al 20 de noviembre<\/strong><\/li><li><strong>Pide\nPROFECO compras sean a conciencia y revisar precios<\/strong><\/li><\/ul>\n\n\n\n<p>El m\u00f3dulo local de la\nProcuradur\u00eda Federal del Consumidor (PROFECO), se mantendr\u00e1 atenta al\ncomportamiento de los negocios que participen en el programa de este a\u00f1o del\nBuen Fin que se realizar\u00e1 del 9 al 20 de noviembre.<\/p>\n\n\n\n<p>Rosa Mar\u00eda Anguiano,\nresponsable del m\u00f3dulo en la localidad, pidi\u00f3 a la poblaci\u00f3n fijarse muy bien\nen lo que compra, verificar los precios del producto o servicio que pretenda\nadquirir, que el negocio o establecimiento cobre el precio que tenga exhibido\nen los anaqueles y que el producto sea de calidad. <\/p>\n\n\n\n<p>En el caso de las compras\npor Internet, pidi\u00f3 a la poblaci\u00f3n fijarse bien en las ofertas que promocionan\ny determinar muy bien su origen.<\/p>\n\n\n\n<p>Mencion\u00f3 que debido a la\npandemia por el COVID-19, no acudir\u00e1 a realizar revisiones en los negocios o\nestablecimientos locales como lo hac\u00eda otros a\u00f1os, pero se mantendr\u00e1 atenta a\nlas quejas que pudieran presentar los consumidores ya sea que se presenten de\nforma personal en el m\u00f3dulo localizado en las oficinas de Promoci\u00f3n Econ\u00f3mica de\nlunes a viernes de las 08:00 a las 14:30 horas o que se le hagan llegar al\ntel\u00e9fono 352 522 78 56.<\/p>\n\n\n\n<p>Para poder recibir y atender\nlas quejas por incumplimiento a las promociones que se den a conocer en este\nBuen Fin, el consumidor deber\u00e1 contar con factura original, nota de venta la\ncual incluya los datos del lugar donde los haya adquirido o bien, el ticket de\ncompra, mismos que pidi\u00f3 se conserven para cualquier tipo de reclamaci\u00f3n.<\/p>\n","protected":false},"excerpt":{"rendered":"<p>La fecha este a\u00f1o est\u00e1 prevista del 9 al 20 de noviembre Pide PROFECO compras&#8230;<\/p>\n","protected":false},"author":1,"featured_media":8418,"comment_status":"open","ping_status":"open","sticky":false,"template":"","format":"standard","meta":{"jetpack_post_was_ever_published":false,"_jetpack_newsletter_access":"","_jetpack_dont_email_post_to_subs":false,"_jetpack_newsletter_tier_id":0,"_jetpack_memberships_contains_paywalled_content":false,"_jetpack_memberships_contains_paid_content":false,"footnotes":"","jetpack_publicize_message":"","jetpack_publicize_feature_enabled":true,"jetpack_social_post_already_shared":true,"jetpack_social_options":{"image_generator_settings":{"template":"highway","enabled":false},"version":2}},"categories":[1],"tags":[15],"class_list":["post-8417","post","type-post","status-publish","format-standard","has-post-thumbnail","hentry","category-la-piedad","tag-la-piedad"],"jetpack_publicize_connections":[],"jetpack_sharing_enabled":true,"featured_image_urls":{"full":["http:\/\/tvalaire.com\/wp-content\/uploads\/2020\/11\/1.png",611,603,false],"thumbnail":["http:\/\/tvalaire.com\/wp-content\/uploads\/2020\/11\/1-150x150.png",150,150,true],"medium":["http:\/\/tvalaire.com\/wp-content\/uploads\/2020\/11\/1-300x296.png",300,296,true],"medium_large":["http:\/\/tvalaire.com\/wp-content\/uploads\/2020\/11\/1.png",611,603,false],"large":["http:\/\/tvalaire.com\/wp-content\/uploads\/2020\/11\/1.png",611,603,false],"post-slider-thumb-size":["http:\/\/tvalaire.com\/wp-content\/uploads\/2020\/11\/1-330x190.png",330,190,true],"post-category-slider-size":["http:\/\/tvalaire.com\/wp-content\/uploads\/2020\/11\/1.png",330,326,false],"1536x1536":["http:\/\/tvalaire.com\/wp-content\/uploads\/2020\/11\/1.png",611,603,false],"2048x2048":["http:\/\/tvalaire.com\/wp-content\/uploads\/2020\/11\/1.png",611,603,false],"newsium-slider-full":["http:\/\/tvalaire.com\/wp-content\/uploads\/2020\/11\/1.png",611,603,false],"newsium-featured":["http:\/\/tvalaire.com\/wp-content\/uploads\/2020\/11\/1.png",611,603,false],"newsium-medium":["http:\/\/tvalaire.com\/wp-content\/uploads\/2020\/11\/1-611x475.png",611,475,true]},"author_info":{"info":["tvalairenoti"]},"category_info":"<a href=\"http:\/\/tvalaire.com\/?cat=1\" rel=\"category\">La Piedad<\/a>","tag_info":"La Piedad","comment_count":"0","jetpack_featured_media_url":"http:\/\/tvalaire.com\/wp-content\/uploads\/2020\/11\/1.png","_links":{"self":[{"href":"http:\/\/tvalaire.com\/index.php?rest_route=\/wp\/v2\/posts\/8417"}],"collection":[{"href":"http:\/\/tvalaire.com\/index.php?rest_route=\/wp\/v2\/posts"}],"about":[{"href":"http:\/\/tvalaire.com\/index.php?rest_route=\/wp\/v2\/types\/post"}],"author":[{"embeddable":true,"href":"http:\/\/tvalaire.com\/index.php?rest_route=\/wp\/v2\/users\/1"}],"replies":[{"embeddable":true,"href":"http:\/\/tvalaire.com\/index.php?rest_route=%2Fwp%2Fv2%2Fcomments&post=8417"}],"version-history":[{"count":1,"href":"http:\/\/tvalaire.com\/index.php?rest_route=\/wp\/v2\/posts\/8417\/revisions"}],"predecessor-version":[{"id":8419,"href":"http:\/\/tvalaire.com\/index.php?rest_route=\/wp\/v2\/posts\/8417\/revisions\/8419"}],"wp:featuredmedia":[{"embeddable":true,"href":"http:\/\/tvalaire.com\/index.php?rest_route=\/wp\/v2\/media\/8418"}],"wp:attachment":[{"href":"http:\/\/tvalaire.com\/index.php?rest_route=%2Fwp%2Fv2%2Fmedia&parent=8417"}],"wp:term":[{"taxonomy":"category","embeddable":true,"href":"http:\/\/tvalaire.com\/index.php?rest_route=%2Fwp%2Fv2%2Fcategories&post=8417"},{"taxonomy":"post_tag","embeddable":true,"href":"http:\/\/tvalaire.com\/index.php?rest_route=%2Fwp%2Fv2%2Ftags&post=8417"}],"curies":[{"name":"wp","href":"https:\/\/api.w.org\/{rel}","templated":true}]}}