{"id":840,"date":"2017-03-13T08:52:20","date_gmt":"2017-03-13T14:52:20","guid":{"rendered":"http:\/\/tvalaire.com\/?p=840"},"modified":"2017-03-13T08:52:20","modified_gmt":"2017-03-13T14:52:20","slug":"pide-sindico-al-regidor-ulises-noe-caratachea-ponerse-a-trabajar-en-la-revision-de-reglamentos","status":"publish","type":"post","link":"http:\/\/tvalaire.com\/?p=840","title":{"rendered":"PIDE S\u00cdNDICO AL REGIDOR ULISES NO\u00c9 CARATACHEA PONERSE A TRABAJAR EN LA REVISI\u00d3N DE REGLAMENTOS"},"content":{"rendered":"<p class=\"xgmail-standard\" style=\"background: white; text-align: left;\" align=\"center\"><b><\/b><span style=\"font-size: 13.0pt; font-family: 'Arial','sans-serif'; color: #212121;\">El S\u00edndico Municipal, Nicol\u00e1s Hermosillo Garc\u00eda hizo un llamado al regidor del Ulises No\u00e9 Caratachea a ponerse a trabajar en la revisi\u00f3n no de uno, sino de dos, tres o cuatro reglamentos que considere necesarios, para contar con instrumentos acordes a los tiempos, en vez de mantenerse \u201cagazapado\u201d en las sesiones de Cabildo en espera de que alguno de los integrantes comenta alg\u00fan error.<\/span><\/p>\n<p class=\"xgmail-standard\" style=\"text-align: justify; background: white;\"><span style=\"font-size: 13.0pt; font-family: 'Arial','sans-serif'; color: #212121;\">El funcionario municipal expuso lo anterior, durante una rueda de prensa que ofreci\u00f3 en relaci\u00f3n al Amparo que promovi\u00f3 el regidor panista, Ulises No\u00e9 Caratachea tras considerar que el nuevo Bando de Gobierno en diferentes art\u00edculos, es inconstitucional, que tiene vicios de origen y que adem\u00e1s violenta sus derechos humanos.<\/span><\/p>\n<p class=\"xgmail-standard\" style=\"text-align: justify; background: white;\"><span style=\"font-size: 13.0pt; font-family: 'Arial','sans-serif'; color: #212121;\">La suspensi\u00f3n provisional fue promovida por el regidor junto con dos particulares entre ellos, Eric Ram\u00edrez Basurto y una licenciada, a quienes no les fue concedida la suspensi\u00f3n provisional por un Juez Federal, tras considerar que dejar\u00eda desamparada a la sociedad piedadense. Esto debido a que al otorgarles la suspensi\u00f3n provisional se aplicar\u00eda para toda la poblaci\u00f3n.<\/span><\/p>\n<p class=\"xgmail-standard\" style=\"text-align: justify; background: white;\"><span style=\"font-size: 13.0pt; font-family: 'Arial','sans-serif'; color: #212121;\">\u201cYo invit\u00f3 al regidor a trabajar en la revisi\u00f3n de los dem\u00e1s reglamentos, pues no se vale decir que no lo invitaron o que violentaron sus derechos humanos, m\u00e1s bien que mal que si vio errores desde un principio no los corrigi\u00f3 antes\u201d.<\/span><\/p>\n<p class=\"xgmail-standard\" style=\"text-align: justify; background: white;\"><span style=\"font-size: 13.0pt; font-family: 'Arial','sans-serif'; color: #212121;\">La rueda de prensa se present\u00f3 despu\u00e9s del mediod\u00eda en las oficinas del S\u00edndico acompa\u00f1ado del regidor Alejandro Salda\u00f1a Aguilar quien fue el promotor de la iniciativa y quien declar\u00f3 que el documento se turn\u00f3 a comisiones y se pidi\u00f3 la colaboraci\u00f3n de todos los regidores para realizar el an\u00e1lisis del mismo. En total, se reunieron entre 14 a 15 ocasiones en las cuales, el propio Ulises No\u00e9 Caratachea estuvo presente aunque no hizo aportaci\u00f3n alguna, a pesar de que se le invit\u00f3 y a t\u00edtulo personal, por los conocimientos que tiene por su doctorado en la materia, le pidi\u00f3 que participar\u00e1 pero no se obtuvo respuesta.<\/span><\/p>\n<p class=\"xgmail-standard\" style=\"text-align: justify; background: white;\"><span style=\"font-size: 13.0pt; font-family: 'Arial','sans-serif'; color: #212121;\">Fue hasta el d\u00eda de la presentaci\u00f3n del dictamen que hizo algunas observaciones, cuando ya todos los regidores hab\u00edan analizado, discutido y firmado. En relaci\u00f3n a los se\u00f1alamientos que hizo a un medio local el regidor panista, el S\u00edndico coment\u00f3 que no es cierto que el proceso reglamentario contenga vicios y preceptos inconstitucionales.<\/span><\/p>\n<p class=\"xgmail-standard\" style=\"text-align: justify; background: white;\"><span style=\"font-size: 13.0pt; font-family: 'Arial','sans-serif'; color: #212121;\">Como es cierto que un Juez Federal neg\u00f3 la suspensi\u00f3n provisional se\u00f1alando lo siguiente: \u201catendiendo a las condiciones expuestas, debe concluirse que de concederse la medida cautelar se generar\u00eda un perjuicio al inter\u00e9s social&#8230;\u201d. Por tanto, el S\u00edndico dijo que el proceso jur\u00eddico se tendr\u00e1 que desahogar de acuerdo a la legislaci\u00f3n.<\/span><\/p>\n<p class=\"xgmail-standard\" style=\"text-align: justify; background: white;\"><span style=\"font-size: 13.0pt; font-family: 'Arial','sans-serif'; color: #212121;\">Especific\u00f3 que como Ayuntamiento, no violentan los derechos humanos de nadie, pues ese no es el esp\u00edritu del Gobierno: \u201cel doctor Ulises forma parte de \u00e9l y me extra\u00f1a que despu\u00e9s de tener la oportunidad de aportar su sapiencia haya promovido un amparo. Que malo que hasta despu\u00e9s de su publicaci\u00f3n (En el Peri\u00f3dico Oficial del Estado) diga que violentaron sus derechos humanos\u201d.<\/span><\/p>\n<p class=\"xgmail-standard\" style=\"text-align: justify; background: white;\"><span style=\"font-size: 13.0pt; font-family: 'Arial','sans-serif'; color: #212121;\">Cuestion\u00f3 a su vez el que una de las observaciones por las cuales pidi\u00f3 el amparo, es porque le faltan algunas comas en el art\u00edculo 12 o may\u00fasculas en el art\u00edculo 13.<\/span><\/p>\n<p class=\"xgmail-standard\" style=\"text-align: justify; background: white;\"><span style=\"font-size: 13.0pt; font-family: 'Arial','sans-serif'; color: #212121;\">El informe justificado a la suspensi\u00f3n provisional que pidi\u00f3 el regidor y los particulares, se har\u00e1 a trav\u00e9s ya sea de la direcci\u00f3n jur\u00eddica del Ayuntamiento o de quien determine el alcalde Juan Manuel Estrada Medina y ser\u00e1 un juez quien establezca si se violentaron todos sus derechos y cu\u00e1les son los art\u00edculos que pudieran ser inconstitucionales.<\/span><\/p>\n<p class=\"xgmail-standard\" style=\"text-align: justify; background: white;\"><span style=\"font-size: 13.0pt; font-family: 'Arial','sans-serif'; color: #212121;\">\u201cSi nos ordenan que tal o cual art\u00edculo son inconstitucionales, procederemos a adecuar y acatar \u00edntegramente la resoluci\u00f3n que se determine, por lo que representa un Juez y porque el esp\u00edritu del Ayuntamiento no es violentar los derechos de nadie\u201d.<\/span><\/p>\n<p class=\"xgmail-standard\" style=\"text-align: justify; background: white; font-variant-ligatures: normal; font-variant-caps: normal; orphans: 2; widows: 2; -webkit-text-stroke-width: 0px; word-spacing: 0px;\"><span style=\"font-size: 13.0pt; font-family: 'Segoe UI','sans-serif'; color: #212121;\">\u00a0<\/span><\/p>\n","protected":false},"excerpt":{"rendered":"<p>El S\u00edndico Municipal, Nicol\u00e1s Hermosillo Garc\u00eda hizo un llamado al regidor del Ulises No\u00e9 Caratachea&#8230;<\/p>\n","protected":false},"author":1,"featured_media":837,"comment_status":"open","ping_status":"open","sticky":false,"template":"","format":"standard","meta":{"jetpack_post_was_ever_published":false,"_jetpack_newsletter_access":"","_jetpack_dont_email_post_to_subs":false,"_jetpack_newsletter_tier_id":0,"_jetpack_memberships_contains_paywalled_content":false,"_jetpack_memberships_contains_paid_content":false,"footnotes":"","jetpack_publicize_message":"","jetpack_publicize_feature_enabled":true,"jetpack_social_post_already_shared":false,"jetpack_social_options":{"image_generator_settings":{"template":"highway","enabled":false},"version":2}},"categories":[1],"tags":[15,36],"class_list":["post-840","post","type-post","status-publish","format-standard","has-post-thumbnail","hentry","category-la-piedad","tag-la-piedad","tag-principales"],"jetpack_publicize_connections":[],"jetpack_sharing_enabled":true,"featured_image_urls":{"full":["http:\/\/tvalaire.com\/wp-content\/uploads\/2017\/03\/PIDE-S\u00cdNDICO-AL-REGIDOR-ULISES-NO\u00c9-CARATACHEA-PONERSE-A-TRABAJAR-EN-LA-REVISI\u00d3N-DE-REGLAMENTOS.jpg",1024,683,false],"thumbnail":["http:\/\/tvalaire.com\/wp-content\/uploads\/2017\/03\/PIDE-S\u00cdNDICO-AL-REGIDOR-ULISES-NO\u00c9-CARATACHEA-PONERSE-A-TRABAJAR-EN-LA-REVISI\u00d3N-DE-REGLAMENTOS-150x150.jpg",150,150,true],"medium":["http:\/\/tvalaire.com\/wp-content\/uploads\/2017\/03\/PIDE-S\u00cdNDICO-AL-REGIDOR-ULISES-NO\u00c9-CARATACHEA-PONERSE-A-TRABAJAR-EN-LA-REVISI\u00d3N-DE-REGLAMENTOS-300x200.jpg",300,200,true],"medium_large":["http:\/\/tvalaire.com\/wp-content\/uploads\/2017\/03\/PIDE-S\u00cdNDICO-AL-REGIDOR-ULISES-NO\u00c9-CARATACHEA-PONERSE-A-TRABAJAR-EN-LA-REVISI\u00d3N-DE-REGLAMENTOS-768x512.jpg",640,427,true],"large":["http:\/\/tvalaire.com\/wp-content\/uploads\/2017\/03\/PIDE-S\u00cdNDICO-AL-REGIDOR-ULISES-NO\u00c9-CARATACHEA-PONERSE-A-TRABAJAR-EN-LA-REVISI\u00d3N-DE-REGLAMENTOS-1024x683.jpg",640,427,true],"post-slider-thumb-size":["http:\/\/tvalaire.com\/wp-content\/uploads\/2017\/03\/PIDE-S\u00cdNDICO-AL-REGIDOR-ULISES-NO\u00c9-CARATACHEA-PONERSE-A-TRABAJAR-EN-LA-REVISI\u00d3N-DE-REGLAMENTOS.jpg",285,190,false],"post-category-slider-size":["http:\/\/tvalaire.com\/wp-content\/uploads\/2017\/03\/PIDE-S\u00cdNDICO-AL-REGIDOR-ULISES-NO\u00c9-CARATACHEA-PONERSE-A-TRABAJAR-EN-LA-REVISI\u00d3N-DE-REGLAMENTOS.jpg",330,220,false],"1536x1536":["http:\/\/tvalaire.com\/wp-content\/uploads\/2017\/03\/PIDE-S\u00cdNDICO-AL-REGIDOR-ULISES-NO\u00c9-CARATACHEA-PONERSE-A-TRABAJAR-EN-LA-REVISI\u00d3N-DE-REGLAMENTOS.jpg",1024,683,false],"2048x2048":["http:\/\/tvalaire.com\/wp-content\/uploads\/2017\/03\/PIDE-S\u00cdNDICO-AL-REGIDOR-ULISES-NO\u00c9-CARATACHEA-PONERSE-A-TRABAJAR-EN-LA-REVISI\u00d3N-DE-REGLAMENTOS.jpg",1024,683,false],"newsium-slider-full":["http:\/\/tvalaire.com\/wp-content\/uploads\/2017\/03\/PIDE-S\u00cdNDICO-AL-REGIDOR-ULISES-NO\u00c9-CARATACHEA-PONERSE-A-TRABAJAR-EN-LA-REVISI\u00d3N-DE-REGLAMENTOS.jpg",1024,683,false],"newsium-featured":["http:\/\/tvalaire.com\/wp-content\/uploads\/2017\/03\/PIDE-S\u00cdNDICO-AL-REGIDOR-ULISES-NO\u00c9-CARATACHEA-PONERSE-A-TRABAJAR-EN-LA-REVISI\u00d3N-DE-REGLAMENTOS.jpg",1024,683,false],"newsium-medium":["http:\/\/tvalaire.com\/wp-content\/uploads\/2017\/03\/PIDE-S\u00cdNDICO-AL-REGIDOR-ULISES-NO\u00c9-CARATACHEA-PONERSE-A-TRABAJAR-EN-LA-REVISI\u00d3N-DE-REGLAMENTOS.jpg",712,475,false]},"author_info":{"info":["tvalairenoti"]},"category_info":"<a href=\"http:\/\/tvalaire.com\/?cat=1\" rel=\"category\">La Piedad<\/a>","tag_info":"La Piedad","comment_count":"0","jetpack_featured_media_url":"http:\/\/tvalaire.com\/wp-content\/uploads\/2017\/03\/PIDE-S\u00cdNDICO-AL-REGIDOR-ULISES-NO\u00c9-CARATACHEA-PONERSE-A-TRABAJAR-EN-LA-REVISI\u00d3N-DE-REGLAMENTOS.jpg","_links":{"self":[{"href":"http:\/\/tvalaire.com\/index.php?rest_route=\/wp\/v2\/posts\/840"}],"collection":[{"href":"http:\/\/tvalaire.com\/index.php?rest_route=\/wp\/v2\/posts"}],"about":[{"href":"http:\/\/tvalaire.com\/index.php?rest_route=\/wp\/v2\/types\/post"}],"author":[{"embeddable":true,"href":"http:\/\/tvalaire.com\/index.php?rest_route=\/wp\/v2\/users\/1"}],"replies":[{"embeddable":true,"href":"http:\/\/tvalaire.com\/index.php?rest_route=%2Fwp%2Fv2%2Fcomments&post=840"}],"version-history":[{"count":1,"href":"http:\/\/tvalaire.com\/index.php?rest_route=\/wp\/v2\/posts\/840\/revisions"}],"predecessor-version":[{"id":841,"href":"http:\/\/tvalaire.com\/index.php?rest_route=\/wp\/v2\/posts\/840\/revisions\/841"}],"wp:featuredmedia":[{"embeddable":true,"href":"http:\/\/tvalaire.com\/index.php?rest_route=\/wp\/v2\/media\/837"}],"wp:attachment":[{"href":"http:\/\/tvalaire.com\/index.php?rest_route=%2Fwp%2Fv2%2Fmedia&parent=840"}],"wp:term":[{"taxonomy":"category","embeddable":true,"href":"http:\/\/tvalaire.com\/index.php?rest_route=%2Fwp%2Fv2%2Fcategories&post=840"},{"taxonomy":"post_tag","embeddable":true,"href":"http:\/\/tvalaire.com\/index.php?rest_route=%2Fwp%2Fv2%2Ftags&post=840"}],"curies":[{"name":"wp","href":"https:\/\/api.w.org\/{rel}","templated":true}]}}